{"id":116365,"date":"2018-03-11T10:45:24","date_gmt":"2018-03-11T10:45:24","guid":{"rendered":"https:\/\/www.deberes.net\/tesis\/sin-categoria\/la-integracion-famlia-y-trabajo-clave-para-el-desarrollo-de-la-pesona-estudio-de-los-factores-predictivos-de-la-satisfaccion-con-la-integracion-en-argentina\/"},"modified":"2018-03-11T10:45:24","modified_gmt":"2018-03-11T10:45:24","slug":"la-integracion-famlia-y-trabajo-clave-para-el-desarrollo-de-la-pesona-estudio-de-los-factores-predictivos-de-la-satisfaccion-con-la-integracion-en-argentina","status":"publish","type":"post","link":"https:\/\/www.deberes.net\/tesis\/antropologia-social\/la-integracion-famlia-y-trabajo-clave-para-el-desarrollo-de-la-pesona-estudio-de-los-factores-predictivos-de-la-satisfaccion-con-la-integracion-en-argentina\/","title":{"rendered":"La integraci\u00f3n famlia y trabajo: clave para el desarrollo de la pesona. <br> estudio de los factores predictivos de la satisfacci\u00f3n con la integraci\u00f3n en argentina"},"content":{"rendered":"<h2>Tesis doctoral de <strong> Mar\u00eda Elena Ord\u00f3\u00f1ez Revuelta <\/strong><\/h2>\n<p>La integraci\u00f3n familia y trabajo constituye un aspecto esencial para el desarrollo de la persona, en su unicidad irrepetible y, a la vez, un enriquecimiento para la cultura empresarial. De ah\u00ed que el presente trabajo busque dar respuesta a los siguientes interrogantes. En primer lugar \u00c2\u00bfpor qu\u00e9 es importante estudiar el sentido de la integraci\u00f3n familia y trabajo?; Y en segundo lugar \u00c2\u00bfc\u00f3mo influir para que las personas trabajadoras logren un mayor nivel de satisfacci\u00f3n en su conciliaci\u00f3n?  la tesis est\u00e1 estructurada en tres cap\u00edtulos. En el primer cap\u00edtulo se analiza qu\u00e9 es la familia y qu\u00e9 es el trabajo en relaci\u00f3n con la persona. A partir de ah\u00ed, se identificar\u00e1n los v\u00ednculos que subyacen entre ambas realidades a fin de descubrir los principios sobre los que se fundamenta una adecuada integraci\u00f3n.  en el segundo cap\u00edtulo se estudia la relaci\u00f3n propiamente dicha entre familia y empresa. Se analizan los v\u00ednculos rec\u00edprocos entre la familia y la empresa para abordar despu\u00e9s aquellos factores que facilitan su integraci\u00f3n, con el objeto de alinear la cultura corporativa hacia la responsabilidad familiar, concepto clave para entender el papel de la empresa en la integraci\u00f3n. Analizar estas cuestiones es clave para realizar una propuesta que permita fundamentar aquellos principios que tendr\u00e1n que inspirar a los empresarios y l\u00edderes, como agentes facilitadores, respecto al compromiso y la responsabilidad con las demandas familiares de sus colaboradores. y finalmente, en el tercer cap\u00edtulo, se busca verificar la percepci\u00f3n que tienen los trabajadores argentinos de su nivel de integraci\u00f3n familia y trabajo, a trav\u00e9s del estudio emp\u00edrico de la satisfacci\u00f3n personal con esta integraci\u00f3n profundizando en los elementos predictores que inciden en el nivel de satisfacci\u00f3n con la conciliaci\u00f3n. Para ello se ha explotado estad\u00edsticamente los microdatos (n=966) de la encuesta ifrei 1.5  (2011) aplicada en argentina. el objetivo general de esta investigaci\u00f3n es mostrar que la actividad laboral ha de estar integrada con la vida personal y familiar, y viceversa, como un todo en s\u00ed mismo. Por tanto, se busca dar fundamentos s\u00f3lidos a la importancia de la conciliaci\u00f3n, as\u00ed como tambi\u00e9n presentar estrategias que contribuyan a mejorar la calidad de vida de los trabajadores. Poner el \u00e9nfasis en el nivel de satisfacci\u00f3n, en el logro y la adecuaci\u00f3n de las demandas entre los diferentes \u00e1mbitos de la vida, constituye un aspecto esencial del estudio. palabras clave: satisfacci\u00f3n con la integraci\u00f3n familia y trabajo, persona, familia, trabajo, integraci\u00f3n, conciliaci\u00f3n, flexibilidad laboral, confianza mutua, comportamiento organizacional, responsabilidad familiar corporativa, argentina.  tesis doctoral: instituto empresa y humanismo, programa doctoral en gobierno y cultura de las organizaciones.  directores: dra. Mar\u00eda dolores l\u00f3pez hern\u00e1ndez y dr. Joan fontrodona felip.<\/p>\n<p>&nbsp;<\/p>\n<h3>Datos acad\u00e9micos de la tesis doctoral \u00ab<strong>La integraci\u00f3n famlia y trabajo: clave para el desarrollo de la pesona. <br \/> estudio de los factores predictivos de la satisfacci\u00f3n con la integraci\u00f3n en argentina<\/strong>\u00ab<\/h3>\n<ul>\n<li><strong>T\u00edtulo de la tesis:<\/strong>\u00a0 La integraci\u00f3n famlia y trabajo: clave para el desarrollo de la pesona. <br \/> estudio de los factores predictivos de la satisfacci\u00f3n con la integraci\u00f3n en argentina <\/li>\n<li><strong>Autor:<\/strong>\u00a0 Mar\u00eda Elena Ord\u00f3\u00f1ez Revuelta <\/li>\n<li><strong>Universidad:<\/strong>\u00a0 Navarra<\/li>\n<li><strong>Fecha de lectura de la tesis:<\/strong>\u00a0 23\/09\/2014<\/li>\n<\/ul>\n<p>&nbsp;<\/p>\n<h3>Direcci\u00f3n y tribunal<\/h3>\n<ul>\n<li><strong>Director de la tesis<\/strong>\n<ul>\n<li>Mar\u00eda Dolores L\u00f3pez De Heredia Hern\u00e1ndez<\/li>\n<\/ul>\n<\/li>\n<li><strong>Tribunal<\/strong>\n<ul>\n<li>Presidente del tribunal: rafael Alvira dominguez <\/li>\n<li>mireia Las heras maestro (vocal)<\/li>\n<li>Mar\u00eda Hern\u00e1ndez-sampelayo matos (vocal)<\/li>\n<li>patricia luj\u00e1n Debeljuh (vocal)<\/li>\n<\/ul>\n<\/li>\n<\/ul>\n<p>&nbsp;<\/p>\n","protected":false},"excerpt":{"rendered":"<p>Tesis doctoral de Mar\u00eda Elena Ord\u00f3\u00f1ez Revuelta La integraci\u00f3n familia y trabajo constituye un aspecto esencial para el desarrollo de [&hellip;]<\/p>\n","protected":false},"author":1,"featured_media":0,"comment_status":"open","ping_status":"open","sticky":false,"template":"","format":"standard","meta":{"site-sidebar-layout":"default","site-content-layout":"","ast-site-content-layout":"","site-content-style":"default","site-sidebar-style":"default","ast-global-header-display":"","ast-banner-title-visibility":"","ast-main-header-display":"","ast-hfb-above-header-display":"","ast-hfb-below-header-display":"","ast-hfb-mobile-header-display":"","site-post-title":"","ast-breadcrumbs-content":"","ast-featured-img":"","footer-sml-layout":"","theme-transparent-header-meta":"","adv-header-id-meta":"","stick-header-meta":"","header-above-stick-meta":"","header-main-stick-meta":"","header-below-stick-meta":"","astra-migrate-meta-layouts":"default","ast-page-background-enabled":"default","ast-page-background-meta":{"desktop":{"background-color":"var(--ast-global-color-4)","background-image":"","background-repeat":"repeat","background-position":"center center","background-size":"auto","background-attachment":"scroll","background-type":"","background-media":"","overlay-type":"","overlay-color":"","overlay-gradient":""},"tablet":{"background-color":"","background-image":"","background-repeat":"repeat","background-position":"center center","background-size":"auto","background-attachment":"scroll","background-type":"","background-media":"","overlay-type":"","overlay-color":"","overlay-gradient":""},"mobile":{"background-color":"","background-image":"","background-repeat":"repeat","background-position":"center center","background-size":"auto","background-attachment":"scroll","background-type":"","background-media":"","overlay-type":"","overlay-color":"","overlay-gradient":""}},"ast-content-background-meta":{"desktop":{"background-color":"var(--ast-global-color-5)","background-image":"","background-repeat":"repeat","background-position":"center center","background-size":"auto","background-attachment":"scroll","background-type":"","background-media":"","overlay-type":"","overlay-color":"","overlay-gradient":""},"tablet":{"background-color":"var(--ast-global-color-5)","background-image":"","background-repeat":"repeat","background-position":"center center","background-size":"auto","background-attachment":"scroll","background-type":"","background-media":"","overlay-type":"","overlay-color":"","overlay-gradient":""},"mobile":{"background-color":"var(--ast-global-color-5)","background-image":"","background-repeat":"repeat","background-position":"center center","background-size":"auto","background-attachment":"scroll","background-type":"","background-media":"","overlay-type":"","overlay-color":"","overlay-gradient":""}},"footnotes":""},"categories":[3148,2720,19815,7570,17749],"tags":[229748,229747,92331,229749,229750,17980],"class_list":["post-116365","post","type-post","status-publish","format-standard","hentry","category-analisis-multivariante","category-antropologia-social","category-calidad-de-vida","category-gestion-de-recursos-humanos","category-navarra","tag-maria-dolores-lopez-de-heredia-hernandez","tag-maria-elena-ordonez-revuelta","tag-maria-hernandez-sampelayo-matos","tag-mireia-las-heras-maestro","tag-patricia-lujan-debeljuh","tag-rafael-alvira-dominguez"],"_links":{"self":[{"href":"https:\/\/www.deberes.net\/tesis\/wp-json\/wp\/v2\/posts\/116365","targetHints":{"allow":["GET"]}}],"collection":[{"href":"https:\/\/www.deberes.net\/tesis\/wp-json\/wp\/v2\/posts"}],"about":[{"href":"https:\/\/www.deberes.net\/tesis\/wp-json\/wp\/v2\/types\/post"}],"author":[{"embeddable":true,"href":"https:\/\/www.deberes.net\/tesis\/wp-json\/wp\/v2\/users\/1"}],"replies":[{"embeddable":true,"href":"https:\/\/www.deberes.net\/tesis\/wp-json\/wp\/v2\/comments?post=116365"}],"version-history":[{"count":0,"href":"https:\/\/www.deberes.net\/tesis\/wp-json\/wp\/v2\/posts\/116365\/revisions"}],"wp:attachment":[{"href":"https:\/\/www.deberes.net\/tesis\/wp-json\/wp\/v2\/media?parent=116365"}],"wp:term":[{"taxonomy":"category","embeddable":true,"href":"https:\/\/www.deberes.net\/tesis\/wp-json\/wp\/v2\/categories?post=116365"},{"taxonomy":"post_tag","embeddable":true,"href":"https:\/\/www.deberes.net\/tesis\/wp-json\/wp\/v2\/tags?post=116365"}],"curies":[{"name":"wp","href":"https:\/\/api.w.org\/{rel}","templated":true}]}}