{"id":116381,"date":"2018-03-11T10:45:24","date_gmt":"2018-03-11T10:45:24","guid":{"rendered":"https:\/\/www.deberes.net\/tesis\/sin-categoria\/formacion-de-los-posesivos-del-espanol-y-su-distribucion-sintactica\/"},"modified":"2018-03-11T10:45:24","modified_gmt":"2018-03-11T10:45:24","slug":"formacion-de-los-posesivos-del-espanol-y-su-distribucion-sintactica","status":"publish","type":"post","link":"https:\/\/www.deberes.net\/tesis\/linguistica-aplicada\/formacion-de-los-posesivos-del-espanol-y-su-distribucion-sintactica\/","title":{"rendered":"Formaci\u00f3n de los posesivos del espa\u00f1ol y su distribuci\u00f3n sint\u00e1ctica"},"content":{"rendered":"<h2>Tesis doctoral de <strong> Sangyoon Kim <\/strong><\/h2>\n<p>Esta tesis se centra en la formaci\u00f3n de los posesivos del espa\u00f1ol y su distribuci\u00f3n en las construcciones nominales. Para lo primero, adoptamos el marco te\u00f3rico de la morfolog\u00eda distribuida; para lo segundo, nos guiamos por las ideas desarrolladas en recientes estudios de kayne y cinque.\tLos posesivos forman un dominio sint\u00e1ctico extendido que consta de varios morfemas cuya legitimaci\u00f3n y combinaci\u00f3n se someten a las reglas sint\u00e1cticas. Son adjetivos que se proyectan de una ra\u00edz sem\u00e1nticamente vac\u00eda que toma como complemento una proyecci\u00f3n pronominal con informaci\u00f3n relativa al poseedor; adem\u00e1s, constituyen una fase. Fen\u00f3menos que tienen lugar en los dominios sint\u00e1cticos superiores, como la inserci\u00f3n de vocabulario c\u00edclica regulada por el n\u00facleo de fase, la supleci\u00f3n de ra\u00edz motivada por los rasgos contextuales de su complemento, el movimiento cu de una proyecci\u00f3n m\u00e1xima a la periferia de una fase, etc., Se reproducen en el nivel interno a la palabra. Estas operaciones determinan la forma final de los posesivos.\tPor otra parte, elaboramos una explicaci\u00f3n sobre la distribuci\u00f3n y la introducci\u00f3n de los rasgos disjuntos de g\u00e9nero y vocales tem\u00e1ticas en la arquitectura de la derivaci\u00f3n en el componente morfol\u00f3gico; se trata de extender la relevancia de algunas consideraciones que integran el an\u00e1lisis sobre la formaci\u00f3n de los posesivos al \u00e1mbito morfosint\u00e1ctico general. Introducimos modificaciones bien fundamentadas en los modelos actuales de la morfolog\u00eda distribuida. La lista 2 est\u00e1 disponible en todo el curso del componente morfol\u00f3gico de manera id\u00e9ntica a como lo est\u00e1 la lista 1 l\u00e9xico en la sintaxis; el g\u00e9nero y las vocales tem\u00e1ticas, propiedades arbitrarias y categorialmente relevantes, se listan como rasgos formales en la pieza de vocabulario de los morfemas cuyo exponente juega un papel decisivo en su adquisici\u00f3n. Estos rasgos se insertan en los morfemas que necesitan determinar sus propiedades categoriales en un estadio temprano del componente morfol\u00f3gico. Se demuestra que las formas de los elementos nominales se determinan por la informaci\u00f3n aportada en los rasgos de vocales tem\u00e1ticas al margen del g\u00e9nero, carente de materializaci\u00f3n fonol\u00f3gica. La aparici\u00f3n de la vocal -a en los nombres femeninos de pares de g\u00e9nero se explica como el resultado del empobrecimiento de los rasgos de vocales tem\u00e1ticas y la extensi\u00f3n subsiguiente del uso del exponente elsewhere. Asimismo, son tratadas otras cuestiones que est\u00e1n dentro del alcance inmediato de las predicciones derivadas de nuestro enfoque. \tEn lo que respecta a la distribuci\u00f3n sint\u00e1ctica de los posesivos, sostenemos que los posesivos prenominales y los postnominales se ensamblan en dos posiciones distintas. Presentamos un nuevo planteamiento sobre la estructura de las construcciones nominales. Los modificadores directos, considerados extensi\u00f3n propia del nombre n\u00facleo, pertenecen al dominio que mantiene una relaci\u00f3n local con \u00e9l, mientras que los modificadores indirectos, sujetos al acotamiento espaciotemporal en un determinado universo de discurso, forman parte de un dominio m\u00e1s alejado del nombre. Adem\u00e1s, los determinantes se ensamblan en una proyecci\u00f3n funcional que hace de bisagra entre los dos dominios de modificaci\u00f3n. Los posesivos prenominales de las lenguas rom\u00e1nicas son en principio especificadores de la proyecci\u00f3n jer\u00e1rquicamente m\u00e1s alta de los modificadores directos; los del espa\u00f1ol se generan en el especificador de la proyecci\u00f3n de determinantes tras experimentar rean\u00e1lisis. Los posesivos posnominales ocupan la posici\u00f3n m\u00e1s alta del dominio asignado a los adjetivos de modificaci\u00f3n indirecta. La duplicidad en puntos de ensamble y la caracterizaci\u00f3n formal de los posesivos propuestas en este trabajo ofrecen ventajas a la hora de dar cuenta de deferentes posibilidades combinatorias entre posesivos y otros elementos en las construcciones nominales, as\u00ed como de la variable interpretaci\u00f3n que depende del orden lineal que se establezca entre ellos.<\/p>\n<p>&nbsp;<\/p>\n<h3>Datos acad\u00e9micos de la tesis doctoral \u00ab<strong>Formaci\u00f3n de los posesivos del espa\u00f1ol y su distribuci\u00f3n sint\u00e1ctica<\/strong>\u00ab<\/h3>\n<ul>\n<li><strong>T\u00edtulo de la tesis:<\/strong>\u00a0 Formaci\u00f3n de los posesivos del espa\u00f1ol y su distribuci\u00f3n sint\u00e1ctica <\/li>\n<li><strong>Autor:<\/strong>\u00a0 Sangyoon Kim <\/li>\n<li><strong>Universidad:<\/strong>\u00a0 Complutense de Madrid<\/li>\n<li><strong>Fecha de lectura de la tesis:<\/strong>\u00a0 25\/09\/2014<\/li>\n<\/ul>\n<p>&nbsp;<\/p>\n<h3>Direcci\u00f3n y tribunal<\/h3>\n<ul>\n<li><strong>Director de la tesis<\/strong>\n<ul>\n<li>Luis S\u00e1ez Del \u00e1lamo<\/li>\n<\/ul>\n<\/li>\n<li><strong>Tribunal<\/strong>\n<ul>\n<li>Presidente del tribunal: ignacio Bosque mu\u00f1oz <\/li>\n<li>Luis Javier Eguren guti\u00e9rrez (vocal)<\/li>\n<li>ma. isabel Oltra massuet (vocal)<\/li>\n<li>Carlos Piera gil (vocal)<\/li>\n<\/ul>\n<\/li>\n<\/ul>\n<p>&nbsp;<\/p>\n","protected":false},"excerpt":{"rendered":"<p>Tesis doctoral de Sangyoon Kim Esta tesis se centra en la formaci\u00f3n de los posesivos del espa\u00f1ol y su distribuci\u00f3n [&hellip;]<\/p>\n","protected":false},"author":1,"featured_media":0,"comment_status":"open","ping_status":"open","sticky":false,"template":"","format":"standard","meta":{"site-sidebar-layout":"default","site-content-layout":"","ast-site-content-layout":"","site-content-style":"default","site-sidebar-style":"default","ast-global-header-display":"","ast-banner-title-visibility":"","ast-main-header-display":"","ast-hfb-above-header-display":"","ast-hfb-below-header-display":"","ast-hfb-mobile-header-display":"","site-post-title":"","ast-breadcrumbs-content":"","ast-featured-img":"","footer-sml-layout":"","theme-transparent-header-meta":"","adv-header-id-meta":"","stick-header-meta":"","header-above-stick-meta":"","header-main-stick-meta":"","header-below-stick-meta":"","astra-migrate-meta-layouts":"default","ast-page-background-enabled":"default","ast-page-background-meta":{"desktop":{"background-color":"var(--ast-global-color-4)","background-image":"","background-repeat":"repeat","background-position":"center center","background-size":"auto","background-attachment":"scroll","background-type":"","background-media":"","overlay-type":"","overlay-color":"","overlay-gradient":""},"tablet":{"background-color":"","background-image":"","background-repeat":"repeat","background-position":"center center","background-size":"auto","background-attachment":"scroll","background-type":"","background-media":"","overlay-type":"","overlay-color":"","overlay-gradient":""},"mobile":{"background-color":"","background-image":"","background-repeat":"repeat","background-position":"center center","background-size":"auto","background-attachment":"scroll","background-type":"","background-media":"","overlay-type":"","overlay-color":"","overlay-gradient":""}},"ast-content-background-meta":{"desktop":{"background-color":"var(--ast-global-color-5)","background-image":"","background-repeat":"repeat","background-position":"center center","background-size":"auto","background-attachment":"scroll","background-type":"","background-media":"","overlay-type":"","overlay-color":"","overlay-gradient":""},"tablet":{"background-color":"var(--ast-global-color-5)","background-image":"","background-repeat":"repeat","background-position":"center center","background-size":"auto","background-attachment":"scroll","background-type":"","background-media":"","overlay-type":"","overlay-color":"","overlay-gradient":""},"mobile":{"background-color":"var(--ast-global-color-5)","background-image":"","background-repeat":"repeat","background-position":"center center","background-size":"auto","background-attachment":"scroll","background-type":"","background-media":"","overlay-type":"","overlay-color":"","overlay-gradient":""}},"footnotes":""},"categories":[986,60],"tags":[6434,2543,38504,14526,201945,229778],"class_list":["post-116381","post","type-post","status-publish","format-standard","hentry","category-complutense-de-madrid","category-linguistica-aplicada","tag-carlos-piera-gil","tag-ignacio-bosque-munoz","tag-luis-javier-eguren-gutierrez","tag-luis-saez-del-alamo","tag-ma-isabel-oltra-massuet","tag-sangyoon-kim"],"_links":{"self":[{"href":"https:\/\/www.deberes.net\/tesis\/wp-json\/wp\/v2\/posts\/116381","targetHints":{"allow":["GET"]}}],"collection":[{"href":"https:\/\/www.deberes.net\/tesis\/wp-json\/wp\/v2\/posts"}],"about":[{"href":"https:\/\/www.deberes.net\/tesis\/wp-json\/wp\/v2\/types\/post"}],"author":[{"embeddable":true,"href":"https:\/\/www.deberes.net\/tesis\/wp-json\/wp\/v2\/users\/1"}],"replies":[{"embeddable":true,"href":"https:\/\/www.deberes.net\/tesis\/wp-json\/wp\/v2\/comments?post=116381"}],"version-history":[{"count":0,"href":"https:\/\/www.deberes.net\/tesis\/wp-json\/wp\/v2\/posts\/116381\/revisions"}],"wp:attachment":[{"href":"https:\/\/www.deberes.net\/tesis\/wp-json\/wp\/v2\/media?parent=116381"}],"wp:term":[{"taxonomy":"category","embeddable":true,"href":"https:\/\/www.deberes.net\/tesis\/wp-json\/wp\/v2\/categories?post=116381"},{"taxonomy":"post_tag","embeddable":true,"href":"https:\/\/www.deberes.net\/tesis\/wp-json\/wp\/v2\/tags?post=116381"}],"curies":[{"name":"wp","href":"https:\/\/api.w.org\/{rel}","templated":true}]}}