{"id":11640,"date":"2018-03-09T08:57:06","date_gmt":"2018-03-09T08:57:06","guid":{"rendered":"https:\/\/www.deberes.net\/tesis\/sin-categoria\/ideational-grammatical-metaphor-in-the-area-written-medical-english-model-anda-uses-in-journal-articles-and-popularisations\/"},"modified":"2018-03-09T08:57:06","modified_gmt":"2018-03-09T08:57:06","slug":"ideational-grammatical-metaphor-in-the-area-written-medical-english-model-anda-uses-in-journal-articles-and-popularisations","status":"publish","type":"post","link":"https:\/\/www.deberes.net\/tesis\/linguistica\/ideational-grammatical-metaphor-in-the-area-written-medical-english-model-anda-uses-in-journal-articles-and-popularisations\/","title":{"rendered":"Ideational grammatical metaphor in the area written medical english: model anda uses in journal articles and popularisations."},"content":{"rendered":"<h2>Tesis doctoral de <strong> Ignacio Guillen Galve <\/strong><\/h2>\n<p>Esta tesis aborda el estudio de la llamada \u00abmet\u00e1fora gramatical\u00bb en su variante ideacional tal y como se manifiesta en realizaciones l\u00e9xico-gramaticales reales y concretas utilizadas en art\u00edculos originales de revistas cient\u00edficas m\u00e9dicas en ingl\u00e9s as\u00ed como en sus versiones \u00abpopularizadas\u00bb en la misma lengua. El estudio se basa en un corpus compuesto por 36 textos originales, principalmente art\u00edculos de investigaci\u00f3n y notas cl\u00ednicas procedentes de revistas de prestigio (british medical journal, the new england of medicine, journal of the american medical association, the lancet), y por 12 versiones \u00abpopularizadas\u00bb de los anteriores, dirigidas al p\u00fablico en general y, por tanto, publicadas en revistas de amplia difusi\u00f3n como newsweek o the new scientist o bien en la secci\u00f3n de \u00abscience report\u00bb del peri\u00f3dico the times (edici\u00f3n de londres).  sobre la base de la teor\u00eda que en torno a la met\u00e1fora gramatical ha ido desarrollando desde 1985 el ling\u00ed\u00bcista m.A.Ki. Halliday, que fue quien propueso el t\u00e9rmino y su \u00abescuela\u00bb (la \u00abling\u00ed\u00bc\u00edstica funcional sist\u00e9mica\u00bb, lfs), esta tesis presenta, entre otros, los siguientes hallazgos y aportaciones. en primer lugar, pone de relieve la convivencia de que el tratamiento sist\u00e9mico-funcional tradicional de la mgi se complemente con conceptos y m\u00e9todos anal\u00edticos t\u00edpicos de la \u00abgram\u00e1tica cognitiva\u00bb (im\u00e1genes, dimensiones, compositional paths, etc.), Ya que a la hora de dar cuenta de la existencia textual concurrente de formas con y sin mgi resulta oportuno explicar tambi\u00e9n c\u00f3mo se conceptualiza un mismo fragmento de la experiencia de los hablantes de formas diferentes. en segundo lugar, la mgi parece desempe\u00f1ar funciones y producir efectos que le son intr\u00ednsecos antes que propios del discurso cient\u00edfico en ingl\u00e9s, como revelan los paralelismos hallados entre el discurso de los textos de historia y el discurso de la medicina plasmado en el corpus, lo que sugiere que conceptos asoc<\/p>\n<p>&nbsp;<\/p>\n<h3>Datos acad\u00e9micos de la tesis doctoral \u00ab<strong>Ideational grammatical metaphor in the area written medical english: model anda uses in journal articles and popularisations.<\/strong>\u00ab<\/h3>\n<ul>\n<li><strong>T\u00edtulo de la tesis:<\/strong>\u00a0 Ideational grammatical metaphor in the area written medical english: model anda uses in journal articles and popularisations. <\/li>\n<li><strong>Autor:<\/strong>\u00a0 Ignacio Guillen Galve <\/li>\n<li><strong>Universidad:<\/strong>\u00a0 Zaragoza<\/li>\n<li><strong>Fecha de lectura de la tesis:<\/strong>\u00a0 26\/06\/2001<\/li>\n<\/ul>\n<p>&nbsp;<\/p>\n<h3>Direcci\u00f3n y tribunal<\/h3>\n<ul>\n<li><strong>Director de la tesis<\/strong>\n<ul>\n<li>Ignacio V\u00e1zquez Orta<\/li>\n<\/ul>\n<\/li>\n<li><strong>Tribunal<\/strong>\n<ul>\n<li>Presidente del tribunal: angela Downing rothwell <\/li>\n<li>vicente Lopez folgado (vocal)<\/li>\n<li> Navarro errasti Mar\u00eda  pilar (vocal)<\/li>\n<li>rachel Whittaker dovey (vocal)<\/li>\n<\/ul>\n<\/li>\n<\/ul>\n<p>&nbsp;<\/p>\n","protected":false},"excerpt":{"rendered":"<p>Tesis doctoral de Ignacio Guillen Galve Esta tesis aborda el estudio de la llamada \u00abmet\u00e1fora gramatical\u00bb en su variante ideacional [&hellip;]<\/p>\n","protected":false},"author":1,"featured_media":0,"comment_status":"open","ping_status":"open","sticky":false,"template":"","format":"standard","meta":{"site-sidebar-layout":"default","site-content-layout":"","ast-site-content-layout":"","site-content-style":"default","site-sidebar-style":"default","ast-global-header-display":"","ast-banner-title-visibility":"","ast-main-header-display":"","ast-hfb-above-header-display":"","ast-hfb-below-header-display":"","ast-hfb-mobile-header-display":"","site-post-title":"","ast-breadcrumbs-content":"","ast-featured-img":"","footer-sml-layout":"","theme-transparent-header-meta":"","adv-header-id-meta":"","stick-header-meta":"","header-above-stick-meta":"","header-main-stick-meta":"","header-below-stick-meta":"","astra-migrate-meta-layouts":"default","ast-page-background-enabled":"default","ast-page-background-meta":{"desktop":{"background-color":"var(--ast-global-color-4)","background-image":"","background-repeat":"repeat","background-position":"center center","background-size":"auto","background-attachment":"scroll","background-type":"","background-media":"","overlay-type":"","overlay-color":"","overlay-gradient":""},"tablet":{"background-color":"","background-image":"","background-repeat":"repeat","background-position":"center center","background-size":"auto","background-attachment":"scroll","background-type":"","background-media":"","overlay-type":"","overlay-color":"","overlay-gradient":""},"mobile":{"background-color":"","background-image":"","background-repeat":"repeat","background-position":"center center","background-size":"auto","background-attachment":"scroll","background-type":"","background-media":"","overlay-type":"","overlay-color":"","overlay-gradient":""}},"ast-content-background-meta":{"desktop":{"background-color":"var(--ast-global-color-5)","background-image":"","background-repeat":"repeat","background-position":"center center","background-size":"auto","background-attachment":"scroll","background-type":"","background-media":"","overlay-type":"","overlay-color":"","overlay-gradient":""},"tablet":{"background-color":"var(--ast-global-color-5)","background-image":"","background-repeat":"repeat","background-position":"center center","background-size":"auto","background-attachment":"scroll","background-type":"","background-media":"","overlay-type":"","overlay-color":"","overlay-gradient":""},"mobile":{"background-color":"var(--ast-global-color-5)","background-image":"","background-repeat":"repeat","background-position":"center center","background-size":"auto","background-attachment":"scroll","background-type":"","background-media":"","overlay-type":"","overlay-color":"","overlay-gradient":""}},"footnotes":""},"categories":[59,60,62,3676,3016,13610],"tags":[2291,38220,24300,38221,7093,1897],"class_list":["post-11640","post","type-post","status-publish","format-standard","hentry","category-linguistica","category-linguistica-aplicada","category-linguistica-sincronica","category-sociolinguistica","category-teoria-linguistica","category-zaragoza","tag-angela-downing-rothwell","tag-ignacio-guillen-galve","tag-ignacio-vazquez-orta","tag-navarro-errasti-maria-pilar","tag-rachel-whittaker-dovey","tag-vicente-lopez-folgado"],"_links":{"self":[{"href":"https:\/\/www.deberes.net\/tesis\/wp-json\/wp\/v2\/posts\/11640","targetHints":{"allow":["GET"]}}],"collection":[{"href":"https:\/\/www.deberes.net\/tesis\/wp-json\/wp\/v2\/posts"}],"about":[{"href":"https:\/\/www.deberes.net\/tesis\/wp-json\/wp\/v2\/types\/post"}],"author":[{"embeddable":true,"href":"https:\/\/www.deberes.net\/tesis\/wp-json\/wp\/v2\/users\/1"}],"replies":[{"embeddable":true,"href":"https:\/\/www.deberes.net\/tesis\/wp-json\/wp\/v2\/comments?post=11640"}],"version-history":[{"count":0,"href":"https:\/\/www.deberes.net\/tesis\/wp-json\/wp\/v2\/posts\/11640\/revisions"}],"wp:attachment":[{"href":"https:\/\/www.deberes.net\/tesis\/wp-json\/wp\/v2\/media?parent=11640"}],"wp:term":[{"taxonomy":"category","embeddable":true,"href":"https:\/\/www.deberes.net\/tesis\/wp-json\/wp\/v2\/categories?post=11640"},{"taxonomy":"post_tag","embeddable":true,"href":"https:\/\/www.deberes.net\/tesis\/wp-json\/wp\/v2\/tags?post=11640"}],"curies":[{"name":"wp","href":"https:\/\/api.w.org\/{rel}","templated":true}]}}