{"id":116413,"date":"2014-01-10T00:00:00","date_gmt":"2014-01-10T00:00:00","guid":{"rendered":"https:\/\/www.deberes.net\/tesis\/sin-categoria\/estudio-del-gen-pca3-en-el-diagnostico-del-cancer-de-prostata\/"},"modified":"2014-01-10T00:00:00","modified_gmt":"2014-01-10T00:00:00","slug":"estudio-del-gen-pca3-en-el-diagnostico-del-cancer-de-prostata","status":"publish","type":"post","link":"https:\/\/www.deberes.net\/tesis\/bioquimica\/estudio-del-gen-pca3-en-el-diagnostico-del-cancer-de-prostata\/","title":{"rendered":"Estudio del gen pca3 en el diagn\u00f3stico del c\u00e1ncer de pr\u00f3stata."},"content":{"rendered":"<h2>Tesis doctoral de <strong> Natalia Rodon Font <\/strong><\/h2>\n<p>La generalizaci\u00f3n del an\u00e1lisis del psa para la detecci\u00f3nprecoz del adenocarcinoma de pr\u00f3stata (ap) ha generado un notable aumento en el n\u00famero de biopsias prost\u00e1ticas, no obstante la baja especificidad del psa genera un volumen importante de indicaciones de biopsia en pacientes con patolog\u00edas benignas. Existe consenso sobre la problem\u00e1tica que genera el cribado del ap con psa y se consideran m\u00e1s relevantes los inconvenientes que genera que los beneficios en t\u00e9rminos de reducci\u00f3n de la mortalidad. El gen pca3, localizado en el cromosoma 9q21, codifica un arn no codificante que se sobreexpresa en tejido prost\u00e1tico maligno. A diferencia del psa, lasobreexpresi\u00f3n de pca3 es espec\u00edfica de ap e independiente del volumen prost\u00e1tico y de la presencia de hbp. Analizando la expresi\u00f3n de este gen en muestras de orina recogidas tras masaje prost\u00e1tico se obtiene un score de pca3 (s-pca3).Objetivo: analizar el impacto de la introducci\u00f3n del estudiodel gen pca3 en orina post masaje prost\u00e1tico, en el manejo cl\u00ednico de pacientes con psa alterado, valorando su capacidad diagn\u00f3stica y predictiva de agresividad tumoral. M\u00e9todos: estudio observacional, prospectivo y multic\u00e9ntrico de pacientes con sospecha de ap candidatos a biopsia. Presentamos una serie de 670 muestras consecutivas recogidas durante tres a\u00f1os en las que se determin\u00f3 s-pca3. S\u00f3lo se indic\u00f3 biopsia en los casos con s-pca3 positivo. Resultados: el s-pca3 fue positivo en el 43,7 por ciento de las muestras. En las 124 biopsias realizadas, la incidencia de ap o proliferaci\u00f3n microacinar at\u00edpica fue del 54 por ciento llegando al 68,6 por ciento en s-pca3 &#8211; 100. Demostramos relaci\u00f3n estad\u00edsticamente significativa entre el s-pca3 y el grado tumoral. En los casos con s-pca3 positivo pero inferior a 50, s\u00f3lo el 23 por ciento de ap fueron de alto grado (gleason  -7); en cambio, en los casos con s-pca3 superior a 50 lo fueron el 76,7 por ciento. La relaci\u00f3n entre el s-pca3 y el porcentaje de cilindros afectados en la biopsia fue significativa. Ambas relaciones se confirmaron al aplicar el modelo log-lineal.<\/p>\n<p>&nbsp;<\/p>\n<h3>Datos acad\u00e9micos de la tesis doctoral \u00ab<strong>Estudio del gen pca3 en el diagn\u00f3stico del c\u00e1ncer de pr\u00f3stata.<\/strong>\u00ab<\/h3>\n<ul>\n<li><strong>T\u00edtulo de la tesis:<\/strong>\u00a0 Estudio del gen pca3 en el diagn\u00f3stico del c\u00e1ncer de pr\u00f3stata. <\/li>\n<li><strong>Autor:<\/strong>\u00a0 Natalia Rodon Font <\/li>\n<li><strong>Universidad:<\/strong>\u00a0 Complutense de Madrid<\/li>\n<li><strong>Fecha de lectura de la tesis:<\/strong>\u00a0 01\/10\/2014<\/li>\n<\/ul>\n<p>&nbsp;<\/p>\n<h3>Direcci\u00f3n y tribunal<\/h3>\n<ul>\n<li><strong>Director de la tesis<\/strong>\n<ul>\n<li>Mar\u00eda  Luisa Maestro De Las Casas<\/li>\n<\/ul>\n<\/li>\n<li><strong>Tribunal<\/strong>\n<ul>\n<li>Presidente del tribunal: inmaculada Fern\u00e1ndez fern\u00e1ndez <\/li>\n<li>victor\u00eda del Barco barriuso (vocal)<\/li>\n<li>augusto Garcia villanueva (vocal)<\/li>\n<li>Antonio Bu\u00f1o soto (vocal)<\/li>\n<\/ul>\n<\/li>\n<\/ul>\n<p>&nbsp;<\/p>\n","protected":false},"excerpt":{"rendered":"<p>Tesis doctoral de Natalia Rodon Font La generalizaci\u00f3n del an\u00e1lisis del psa para la detecci\u00f3nprecoz del adenocarcinoma de pr\u00f3stata (ap) [&hellip;]<\/p>\n","protected":false},"author":1,"featured_media":0,"comment_status":"open","ping_status":"open","sticky":false,"template":"","format":"standard","meta":{"site-sidebar-layout":"default","site-content-layout":"","ast-site-content-layout":"","site-content-style":"default","site-sidebar-style":"default","ast-global-header-display":"","ast-banner-title-visibility":"","ast-main-header-display":"","ast-hfb-above-header-display":"","ast-hfb-below-header-display":"","ast-hfb-mobile-header-display":"","site-post-title":"","ast-breadcrumbs-content":"","ast-featured-img":"","footer-sml-layout":"","theme-transparent-header-meta":"","adv-header-id-meta":"","stick-header-meta":"","header-above-stick-meta":"","header-main-stick-meta":"","header-below-stick-meta":"","astra-migrate-meta-layouts":"default","ast-page-background-enabled":"default","ast-page-background-meta":{"desktop":{"background-color":"var(--ast-global-color-4)","background-image":"","background-repeat":"repeat","background-position":"center center","background-size":"auto","background-attachment":"scroll","background-type":"","background-media":"","overlay-type":"","overlay-color":"","overlay-gradient":""},"tablet":{"background-color":"","background-image":"","background-repeat":"repeat","background-position":"center center","background-size":"auto","background-attachment":"scroll","background-type":"","background-media":"","overlay-type":"","overlay-color":"","overlay-gradient":""},"mobile":{"background-color":"","background-image":"","background-repeat":"repeat","background-position":"center center","background-size":"auto","background-attachment":"scroll","background-type":"","background-media":"","overlay-type":"","overlay-color":"","overlay-gradient":""}},"ast-content-background-meta":{"desktop":{"background-color":"var(--ast-global-color-5)","background-image":"","background-repeat":"repeat","background-position":"center center","background-size":"auto","background-attachment":"scroll","background-type":"","background-media":"","overlay-type":"","overlay-color":"","overlay-gradient":""},"tablet":{"background-color":"var(--ast-global-color-5)","background-image":"","background-repeat":"repeat","background-position":"center center","background-size":"auto","background-attachment":"scroll","background-type":"","background-media":"","overlay-type":"","overlay-color":"","overlay-gradient":""},"mobile":{"background-color":"var(--ast-global-color-5)","background-image":"","background-repeat":"repeat","background-position":"center center","background-size":"auto","background-attachment":"scroll","background-type":"","background-media":"","overlay-type":"","overlay-color":"","overlay-gradient":""}},"footnotes":""},"categories":[160,986],"tags":[105334,17537,55983,190159,229825,55107],"class_list":["post-116413","post","type-post","status-publish","format-standard","hentry","category-bioquimica","category-complutense-de-madrid","tag-antonio-buno-soto","tag-augusto-garcia-villanueva","tag-inmaculada-fernandez-fernandez","tag-maria-luisa-maestro-de-las-casas","tag-natalia-rodon-font","tag-victoria-del-barco-barriuso"],"_links":{"self":[{"href":"https:\/\/www.deberes.net\/tesis\/wp-json\/wp\/v2\/posts\/116413","targetHints":{"allow":["GET"]}}],"collection":[{"href":"https:\/\/www.deberes.net\/tesis\/wp-json\/wp\/v2\/posts"}],"about":[{"href":"https:\/\/www.deberes.net\/tesis\/wp-json\/wp\/v2\/types\/post"}],"author":[{"embeddable":true,"href":"https:\/\/www.deberes.net\/tesis\/wp-json\/wp\/v2\/users\/1"}],"replies":[{"embeddable":true,"href":"https:\/\/www.deberes.net\/tesis\/wp-json\/wp\/v2\/comments?post=116413"}],"version-history":[{"count":0,"href":"https:\/\/www.deberes.net\/tesis\/wp-json\/wp\/v2\/posts\/116413\/revisions"}],"wp:attachment":[{"href":"https:\/\/www.deberes.net\/tesis\/wp-json\/wp\/v2\/media?parent=116413"}],"wp:term":[{"taxonomy":"category","embeddable":true,"href":"https:\/\/www.deberes.net\/tesis\/wp-json\/wp\/v2\/categories?post=116413"},{"taxonomy":"post_tag","embeddable":true,"href":"https:\/\/www.deberes.net\/tesis\/wp-json\/wp\/v2\/tags?post=116413"}],"curies":[{"name":"wp","href":"https:\/\/api.w.org\/{rel}","templated":true}]}}