{"id":116445,"date":"2014-10-10T00:00:00","date_gmt":"2014-10-10T00:00:00","guid":{"rendered":"https:\/\/www.deberes.net\/tesis\/sin-categoria\/off-line-and-in-operation-optical-core-networks-planning\/"},"modified":"2014-10-10T00:00:00","modified_gmt":"2014-10-10T00:00:00","slug":"off-line-and-in-operation-optical-core-networks-planning","status":"publish","type":"post","link":"https:\/\/www.deberes.net\/tesis\/tecnologia-de-las-telecomunicaciones\/off-line-and-in-operation-optical-core-networks-planning\/","title":{"rendered":"Off-line and in-operation optical core networks planning"},"content":{"rendered":"<h2>Tesis doctoral de <strong> Alberto Andr\u00e9s Castro Casales <\/strong><\/h2>\n<p>El volumen creciente del tr\u00e1fico ip, finalmente, ha puesto de manifiesto la alta ineficiencia de las redes \u00f3pticas actuales de grid r\u00edgido basadas en  wdm en la adecuaci\u00f3n a los requisitos de capa de cliente. Dicho problema genera que se deba desplegar una red con capas mpls de gran tama\u00f1o, costosa y de alto consumo energ\u00e9tico para poder realizar la funcionalidad de agregaci\u00f3n requerida. Para hacer frente a este problema, la tecnolog\u00eda flexgrid emergente, que permite grids con frecuencias de menor tama\u00f1o, est\u00e1 siendo estandarizada.  las redes \u00f3pticas flexgrid dividen el espectro en slots de frecuencia, lo que proporciona una granularidad m\u00e1s fina en comparaci\u00f3n a las redes r\u00edgidas basadas en wdm. Para encontrar una asignaci\u00f3n factible, nuevos algoritmos de enrutamiento y asignaci\u00f3n de espectro (rsa) para redes \u00f3pticas flexgrid deben ser dise\u00f1ados y evaluados. Adem\u00e1s, debido a la flexibilidad de las redes \u00f3pticas flexibles, las funciones de agregaci\u00f3n y de multiplexaci\u00f3n estad\u00edstica pueden ser parcialmente situadas en la capa \u00f3ptica. Asimismo, dadas las caracter\u00edsticas especiales de las redes \u00f3pticas flexibles, los mecanismos tradicionales de protecci\u00f3n y recuperaci\u00f3n deben reformularse. las plataformas de transporte \u00f3pticas est\u00e1n dise\u00f1adas para facilitar la creaci\u00f3n y destrucci\u00f3n de conexiones \u00f3pticas. La combinaci\u00f3n de oxcs configurables remotamente con un plano de control, proporciona la capacidad de crear conexiones autom\u00e1ticamente para el aprovisionamiento habitual, y la reacci\u00f3n en tiempo real a los fallos, para as\u00ed poder reducir el opex. Sin embargo, para aprovechar la capacidad existente, aumentar la dinamicidad y proporcionar automatizaci\u00f3n a las redes del futuro, las arquitecturas actuales de gesti\u00f3n, que utilizan sistemas legados de nms, necesitan ser transformadas de manera radical. esta tesis est\u00e1 dedicada al dise\u00f1o de redes \u00f3pticas y a la creaci\u00f3n de algoritmos para operarlas. el objetivo de dise\u00f1o de red se compone de: 1. El an\u00e1lisis de las implicancias en el costo que tiene un conjunto de slots de frecuencia en el capex necesario para implementar redes mpls-over-flexgrid; 2. El estudio de esquemas de recuperaci\u00f3n, donde se propone un nuevo esquema de recuperaci\u00f3n dise\u00f1ado espec\u00edficamente para las redes \u00f3pticas basadas en flexgrid. en cuanto a la operaci\u00f3n de la red:  1. El estudio de aprovisionamiento, donde se proponen dos algoritmos de aprovisionamiento: el primero de ellos tiene como objetivo solucionar el problema de rsa en redes flexgrid, mientras que el segundo estudia aprovisionamiento considerando la degradaci\u00f3n \u00f3ptica en redes wdm transl\u00facidas; 2. Volviendo al problema de la recuperaci\u00f3n, nos centramos en algoritmos de restauraci\u00f3n para escenarios din\u00e1micos. Se proponen varios algoritmos, tanto para redes mono-capa como multi-capa, que ser\u00e1n desplegados en un pce centralizado; 3. Uno de los principales problemas en las redes flexgrid es la desfragmentaci\u00f3n del espectro. Para ello, se propone un algoritmo para reasignar las conexiones \u00f3pticas ya establecidas con el fin de hacer espacio a las entrantes. Este algoritmo se extiende con elasticidad para ser utilizado en escenarios con tr\u00e1fico variable en el tiempo. los algoritmos anteriores son primero implementados y validados utilizando simulaci\u00f3n, y finalmente son evaluados experimentalmente en testbeds reales. En vista de que las arquitecturas de pce no facilitan la reconfiguraci\u00f3n de la red, proponemos una arquitectura de control y gesti\u00f3n para permitir que la red pueda ser operada de forma din\u00e1mica; hacer que los recursos de la red est\u00e9n disponibles mediante reconfiguraci\u00f3n y\/o re-optimizaci\u00f3n de la red bajo demanda y en tiempo real. A eso lo llamamos planificaci\u00f3n en operaci\u00f3n de la red. el trabajo presentado en esta tesis se ha realizado en el marco de proyectos europeos y nacionales: strongest (fp7-247674), idealist (fp7-2011-8), y geant (fp7-238875) financiados por la ce, y engine (tec2008-02634) y elastic (tec2011-27310) financiados por el mineco.<\/p>\n<p>&nbsp;<\/p>\n<h3>Datos acad\u00e9micos de la tesis doctoral \u00ab<strong>Off-line and in-operation optical core networks planning<\/strong>\u00ab<\/h3>\n<ul>\n<li><strong>T\u00edtulo de la tesis:<\/strong>\u00a0 Off-line and in-operation optical core networks planning <\/li>\n<li><strong>Autor:<\/strong>\u00a0 Alberto Andr\u00e9s Castro Casales <\/li>\n<li><strong>Universidad:<\/strong>\u00a0 Polit\u00e9cnica de catalunya<\/li>\n<li><strong>Fecha de lectura de la tesis:<\/strong>\u00a0 10\/10\/2014<\/li>\n<\/ul>\n<p>&nbsp;<\/p>\n<h3>Direcci\u00f3n y tribunal<\/h3>\n<ul>\n<li><strong>Director de la tesis<\/strong>\n<ul>\n<li>Luis Domingo Velasco Esteban<\/li>\n<\/ul>\n<\/li>\n<li><strong>Tribunal<\/strong>\n<ul>\n<li>Presidente del tribunal: \u00f3scar Gonz\u00e1lez de dios <\/li>\n<li>mateusz Zotkiewicz (vocal)<\/li>\n<li>  (vocal)<\/li>\n<li>  (vocal)<\/li>\n<\/ul>\n<\/li>\n<\/ul>\n<p>&nbsp;<\/p>\n","protected":false},"excerpt":{"rendered":"<p>Tesis doctoral de Alberto Andr\u00e9s Castro Casales El volumen creciente del tr\u00e1fico ip, finalmente, ha puesto de manifiesto la alta [&hellip;]<\/p>\n","protected":false},"author":1,"featured_media":0,"comment_status":"open","ping_status":"open","sticky":false,"template":"","format":"standard","meta":{"site-sidebar-layout":"default","site-content-layout":"","ast-site-content-layout":"","site-content-style":"default","site-sidebar-style":"default","ast-global-header-display":"","ast-banner-title-visibility":"","ast-main-header-display":"","ast-hfb-above-header-display":"","ast-hfb-below-header-display":"","ast-hfb-mobile-header-display":"","site-post-title":"","ast-breadcrumbs-content":"","ast-featured-img":"","footer-sml-layout":"","theme-transparent-header-meta":"","adv-header-id-meta":"","stick-header-meta":"","header-above-stick-meta":"","header-main-stick-meta":"","header-below-stick-meta":"","astra-migrate-meta-layouts":"default","ast-page-background-enabled":"default","ast-page-background-meta":{"desktop":{"background-color":"var(--ast-global-color-4)","background-image":"","background-repeat":"repeat","background-position":"center center","background-size":"auto","background-attachment":"scroll","background-type":"","background-media":"","overlay-type":"","overlay-color":"","overlay-gradient":""},"tablet":{"background-color":"","background-image":"","background-repeat":"repeat","background-position":"center center","background-size":"auto","background-attachment":"scroll","background-type":"","background-media":"","overlay-type":"","overlay-color":"","overlay-gradient":""},"mobile":{"background-color":"","background-image":"","background-repeat":"repeat","background-position":"center center","background-size":"auto","background-attachment":"scroll","background-type":"","background-media":"","overlay-type":"","overlay-color":"","overlay-gradient":""}},"ast-content-background-meta":{"desktop":{"background-color":"var(--ast-global-color-5)","background-image":"","background-repeat":"repeat","background-position":"center center","background-size":"auto","background-attachment":"scroll","background-type":"","background-media":"","overlay-type":"","overlay-color":"","overlay-gradient":""},"tablet":{"background-color":"var(--ast-global-color-5)","background-image":"","background-repeat":"repeat","background-position":"center center","background-size":"auto","background-attachment":"scroll","background-type":"","background-media":"","overlay-type":"","overlay-color":"","overlay-gradient":""},"mobile":{"background-color":"var(--ast-global-color-5)","background-image":"","background-repeat":"repeat","background-position":"center center","background-size":"auto","background-attachment":"scroll","background-type":"","background-media":"","overlay-type":"","overlay-color":"","overlay-gradient":""}},"footnotes":""},"categories":[13880,15596,8135,2489],"tags":[229872,193295,229874,229873],"class_list":["post-116445","post","type-post","status-publish","format-standard","hentry","category-informatica","category-politecnica-de-catalunya","category-programacion-lineal","category-tecnologia-de-las-telecomunicaciones","tag-alberto-andres-castro-casales","tag-luis-domingo-velasco-esteban","tag-mateusz-zotkiewicz","tag-oscar-gonzalez-de-dios"],"_links":{"self":[{"href":"https:\/\/www.deberes.net\/tesis\/wp-json\/wp\/v2\/posts\/116445","targetHints":{"allow":["GET"]}}],"collection":[{"href":"https:\/\/www.deberes.net\/tesis\/wp-json\/wp\/v2\/posts"}],"about":[{"href":"https:\/\/www.deberes.net\/tesis\/wp-json\/wp\/v2\/types\/post"}],"author":[{"embeddable":true,"href":"https:\/\/www.deberes.net\/tesis\/wp-json\/wp\/v2\/users\/1"}],"replies":[{"embeddable":true,"href":"https:\/\/www.deberes.net\/tesis\/wp-json\/wp\/v2\/comments?post=116445"}],"version-history":[{"count":0,"href":"https:\/\/www.deberes.net\/tesis\/wp-json\/wp\/v2\/posts\/116445\/revisions"}],"wp:attachment":[{"href":"https:\/\/www.deberes.net\/tesis\/wp-json\/wp\/v2\/media?parent=116445"}],"wp:term":[{"taxonomy":"category","embeddable":true,"href":"https:\/\/www.deberes.net\/tesis\/wp-json\/wp\/v2\/categories?post=116445"},{"taxonomy":"post_tag","embeddable":true,"href":"https:\/\/www.deberes.net\/tesis\/wp-json\/wp\/v2\/tags?post=116445"}],"curies":[{"name":"wp","href":"https:\/\/api.w.org\/{rel}","templated":true}]}}