{"id":11657,"date":"2018-03-09T08:57:08","date_gmt":"2018-03-09T08:57:08","guid":{"rendered":"https:\/\/www.deberes.net\/tesis\/sin-categoria\/una-lectura-de-maria-zambrano\/"},"modified":"2018-03-09T08:57:08","modified_gmt":"2018-03-09T08:57:08","slug":"una-lectura-de-maria-zambrano","status":"publish","type":"post","link":"https:\/\/www.deberes.net\/tesis\/historia\/una-lectura-de-maria-zambrano\/","title":{"rendered":"Una lectura de maria zambrano"},"content":{"rendered":"<h2>Tesis doctoral de <strong> Elena Laurenzi <\/strong><\/h2>\n<p>La investigacion se centra en la cuestion femenina en la filosofia de maria zambrano y se desarrolla seg\u00fan tres lineas:  -un recorrido historico acerca de la presencia y las actividades de los circulos femeninos en la espa\u00f1a de los a\u00f1os \u00c2\u00bf30 y en los paises latinoamericanos con los que maria zambrano se relacion\u00f3 en los a\u00f1os 40, profundizando en las relaciones que con ellos mantuvo maria zambrano.  -un analisis del debate sobre la diferencia entre los sexos que se desarroll\u00f3 en espa\u00f1a en los a\u00f1os \u00c2\u00bf30 alrededor de la revista de occidente- con intervenciones de ortega, simmel, yung, chacel y otros- para aclarar la posicion que maria zambrano asumi\u00f3 en ello.  -un analisis de los textos zambranianos de los a\u00f1os \u00c2\u00bf30, \u00c2\u00bf40 y \u00c2\u00bf50 que pone en evidencia su aportacion para una nueva epistemolog\u00eda a partir de su confrontacion critica con las categorias de la filosofia occidental y de su valorizacion del saber tradicional de las mujeres.  este analisis subraya los elementos de distancia entre maria zambrano y algunos de sus maestros (ortega, jung, scheler, mounier) y se desarrolla alrededor de algunos nudos problematicos: la afirmaci\u00f3n del realismo contra el idealismo, el tema del nacimiento, el personalismo, la vision tragica de la historia&#8230;<\/p>\n<p>&nbsp;<\/p>\n<h3>Datos acad\u00e9micos de la tesis doctoral \u00ab<strong>Una lectura de maria zambrano<\/strong>\u00ab<\/h3>\n<ul>\n<li><strong>T\u00edtulo de la tesis:<\/strong>\u00a0 Una lectura de maria zambrano <\/li>\n<li><strong>Autor:<\/strong>\u00a0 Elena Laurenzi <\/li>\n<li><strong>Universidad:<\/strong>\u00a0 Barcelona<\/li>\n<li><strong>Fecha de lectura de la tesis:<\/strong>\u00a0 27\/06\/2001<\/li>\n<\/ul>\n<p>&nbsp;<\/p>\n<h3>Direcci\u00f3n y tribunal<\/h3>\n<ul>\n<li><strong>Director de la tesis<\/strong>\n<ul>\n<li>Fina Birules<\/li>\n<\/ul>\n<\/li>\n<li><strong>Tribunal<\/strong>\n<ul>\n<li>Presidente del tribunal: Pedro Cerezo Galan <\/li>\n<li>Rosa Rius Gatell (vocal)<\/li>\n<li>Carmen Revella Guzman (vocal)<\/li>\n<li>Antoni Mari Mu\u00f1oz (vocal)<\/li>\n<\/ul>\n<\/li>\n<\/ul>\n<p>&nbsp;<\/p>\n","protected":false},"excerpt":{"rendered":"<p>Tesis doctoral de Elena Laurenzi La investigacion se centra en la cuestion femenina en la filosofia de maria zambrano y [&hellip;]<\/p>\n","protected":false},"author":1,"featured_media":0,"comment_status":"open","ping_status":"open","sticky":false,"template":"","format":"standard","meta":{"site-sidebar-layout":"default","site-content-layout":"","ast-site-content-layout":"","site-content-style":"default","site-sidebar-style":"default","ast-global-header-display":"","ast-banner-title-visibility":"","ast-main-header-display":"","ast-hfb-above-header-display":"","ast-hfb-below-header-display":"","ast-hfb-mobile-header-display":"","site-post-title":"","ast-breadcrumbs-content":"","ast-featured-img":"","footer-sml-layout":"","theme-transparent-header-meta":"","adv-header-id-meta":"","stick-header-meta":"","header-above-stick-meta":"","header-main-stick-meta":"","header-below-stick-meta":"","astra-migrate-meta-layouts":"default","ast-page-background-enabled":"default","ast-page-background-meta":{"desktop":{"background-color":"var(--ast-global-color-4)","background-image":"","background-repeat":"repeat","background-position":"center center","background-size":"auto","background-attachment":"scroll","background-type":"","background-media":"","overlay-type":"","overlay-color":"","overlay-gradient":""},"tablet":{"background-color":"","background-image":"","background-repeat":"repeat","background-position":"center center","background-size":"auto","background-attachment":"scroll","background-type":"","background-media":"","overlay-type":"","overlay-color":"","overlay-gradient":""},"mobile":{"background-color":"","background-image":"","background-repeat":"repeat","background-position":"center center","background-size":"auto","background-attachment":"scroll","background-type":"","background-media":"","overlay-type":"","overlay-color":"","overlay-gradient":""}},"ast-content-background-meta":{"desktop":{"background-color":"var(--ast-global-color-5)","background-image":"","background-repeat":"repeat","background-position":"center center","background-size":"auto","background-attachment":"scroll","background-type":"","background-media":"","overlay-type":"","overlay-color":"","overlay-gradient":""},"tablet":{"background-color":"var(--ast-global-color-5)","background-image":"","background-repeat":"repeat","background-position":"center center","background-size":"auto","background-attachment":"scroll","background-type":"","background-media":"","overlay-type":"","overlay-color":"","overlay-gradient":""},"mobile":{"background-color":"var(--ast-global-color-5)","background-image":"","background-repeat":"repeat","background-position":"center center","background-size":"auto","background-attachment":"scroll","background-type":"","background-media":"","overlay-type":"","overlay-color":"","overlay-gradient":""}},"footnotes":""},"categories":[681,960,2720,951,26156,165,956,104,14699,222,18074,13455],"tags":[4159,38272,38269,38270,6431,38271],"class_list":["post-11657","post","type-post","status-publish","format-standard","hentry","category-antropologia","category-antropologia-filosofica","category-antropologia-social","category-barcelona","category-esclavitud-y-servidumbre","category-filosofia","category-filosofia-del-conocimiento","category-historia","category-historia-de-la-filosofia","category-historias-especializadas","category-problema-alma-cuerpo","category-teoria-de-la-razon","tag-antoni-mari-munoz","tag-carmen-revella-guzman","tag-elena-laurenzi","tag-fina-birules","tag-pedro-cerezo-galan","tag-rosa-rius-gatell"],"_links":{"self":[{"href":"https:\/\/www.deberes.net\/tesis\/wp-json\/wp\/v2\/posts\/11657","targetHints":{"allow":["GET"]}}],"collection":[{"href":"https:\/\/www.deberes.net\/tesis\/wp-json\/wp\/v2\/posts"}],"about":[{"href":"https:\/\/www.deberes.net\/tesis\/wp-json\/wp\/v2\/types\/post"}],"author":[{"embeddable":true,"href":"https:\/\/www.deberes.net\/tesis\/wp-json\/wp\/v2\/users\/1"}],"replies":[{"embeddable":true,"href":"https:\/\/www.deberes.net\/tesis\/wp-json\/wp\/v2\/comments?post=11657"}],"version-history":[{"count":0,"href":"https:\/\/www.deberes.net\/tesis\/wp-json\/wp\/v2\/posts\/11657\/revisions"}],"wp:attachment":[{"href":"https:\/\/www.deberes.net\/tesis\/wp-json\/wp\/v2\/media?parent=11657"}],"wp:term":[{"taxonomy":"category","embeddable":true,"href":"https:\/\/www.deberes.net\/tesis\/wp-json\/wp\/v2\/categories?post=11657"},{"taxonomy":"post_tag","embeddable":true,"href":"https:\/\/www.deberes.net\/tesis\/wp-json\/wp\/v2\/tags?post=11657"}],"curies":[{"name":"wp","href":"https:\/\/api.w.org\/{rel}","templated":true}]}}