{"id":116607,"date":"2014-06-11T00:00:00","date_gmt":"2014-06-11T00:00:00","guid":{"rendered":"https:\/\/www.deberes.net\/tesis\/sin-categoria\/accion-pensamiento-y-poesa%c2%ada-en-el-periodismo-de-antoine-de-saint-exupery\/"},"modified":"2014-06-11T00:00:00","modified_gmt":"2014-06-11T00:00:00","slug":"accion-pensamiento-y-poesa%c2%ada-en-el-periodismo-de-antoine-de-saint-exupery","status":"publish","type":"post","link":"https:\/\/www.deberes.net\/tesis\/complutense-de-madrid\/accion-pensamiento-y-poesa%c2%ada-en-el-periodismo-de-antoine-de-saint-exupery\/","title":{"rendered":"Acci\u00f3n, pensamiento y poes\u00edaen el periodismo de antoine de saint-exup\u00e9ry"},"content":{"rendered":"<h2>Tesis doctoral de <strong> Montserrat Morata Santos <\/strong><\/h2>\n<p>Esta tesis doctoral estudia el periodismo del escritor franc\u00e9s antoine de saint-exup\u00e9ry a partir de los textos que entre 1932 y 1938 public\u00f3 en la prensa francesa de la \u00e9poca. Durante estos a\u00f1os el autor colabor\u00f3 con algunos de los principales peri\u00f3dicos de su tiempo, como los diarios paris-soir y l\u00c2\u00bfintransigeant, el semanario marianne, as\u00ed como con diversas revistas especializadas en literatura y aviaci\u00f3n, por las dificultades econ\u00f3micas que atravesaba, sin que fuera la vocaci\u00f3n la que le llev\u00f3 al periodismo. Sin embargo, sus trabajos en este terreno constituyen no s\u00f3lo una aportaci\u00f3n singular sino que, adem\u00e1s, a partir de ellos reescribi\u00f3 despu\u00e9s la obra literaria que lo consagr\u00f3 en vida como escritor, y que no fue su famoso le petit prince, cuya gran repercusi\u00f3n no llegar\u00eda a conocer, sino terre des hommes. Esta investigaci\u00f3n constituye el primer estudio que se realiza de estas caracter\u00edsticas, y desde un punto de vista period\u00edstico, de la que es, adem\u00e1s, una de las facetas menos conocidas del autor de uno de los libros m\u00e1s vendidos y traducidos de todos los tiempos, como es le petit prince. Tambi\u00e9n aporta documentaci\u00f3n original sobre la actividad period\u00edstica de saint-exup\u00e9ry, reuniendo la recopilaci\u00f3n m\u00e1s completa que existe hasta la fecha de textos y referencias sobre los trabajos que el escritor realiz\u00f3 para la prensa francesa. Junto a ello, el inter\u00e9s de esta investigaci\u00f3n reside en que a partir del ejemplo de saint-exup\u00e9ry se ha estudiado el uso de la imagen po\u00e9tica como recurso informativo y se ha realizado una primera reflexi\u00f3n sobre los posibles valores compartidos entre el periodismo y la poes\u00eda. Adem\u00e1s, al analizar las aportaciones realizadas por este autor se plantea la vigencia y la utilidad actual de los rasgos m\u00e1s singulares encontrados en su escritura period\u00edstica. \tEn total, fueron medio centenar de textos de diversa \u00edndole los que saint-exup\u00e9ry public\u00f3 en la prensa francesa de la \u00e9poca. En muchos casos estos textos nacen de las propias experiencias que el escritor vivi\u00f3 como piloto en un momento en el que la aviaci\u00f3n se encontraba en sus comienzos. En otros casos, los textos son fruto de los encargos que el escritor recibi\u00f3 de los diarios, que lo enviaron como reportero a la uni\u00f3n sovi\u00e9tica de stalin y a la guerra civil espa\u00f1ola. Pero tambi\u00e9n hay textos en los que reflexiona sobre cuestiones de actualidad de su tiempo, como la tensi\u00f3n b\u00e9lica previa a la segunda guerra mundial o sobre la nueva idea del viaje que empezaba a gestarse con la llegada de la aviaci\u00f3n comercial.\tAlgunos de estos textos fueron recopilados en 1956 por la editorial gallimard en el volumen un sens \u00ed\u00a0 la vie, as\u00ed como posteriormente en las oeuvres compl\u00e9tes del autor en la pl\u00e9iade, edici\u00f3n de 1994. Sin embargo, otros textos no fueron incluidos en esta selecci\u00f3n y quedaron olvidados en sus p\u00e1ginas originales, sin que tampoco despu\u00e9s hayan sido recogidos en otras publicaciones dedicadas al autor.\tDe ah\u00ed que una de las principales aportaciones de esta investigaci\u00f3n haya consistido en rescatar y reunir por primera vez para su estudio todos estos textos \u00c2\u00bfun total de 51\u00c2\u00bf a partir de las p\u00e1ginas de prensa en las que originalmente fueron publicados. Adem\u00e1s, se incluyen cinco textos cuyo contenido resulta completamente novedoso, ya que ni forman parte de terre des hommes ni hab\u00edan sido recuperados hasta el momento.\tEsta labor fue posible gracias a las investigaciones llevadas a cabo durante un a\u00f1o en la hemeroteca de la biblioth\u00e9que nationale de france, que conserva estas publicaciones. Junto a ello, para estudiar el contexto hist\u00f3rico y period\u00edstico en el que se enmarca este trabajo result\u00f3 fundamental el acceso a los fondos del centre d\u00c2\u00bfhistoire de sciences po de par\u00eds durante el a\u00f1o de investigaci\u00f3n predoctoral realizado en este centro.<\/p>\n<p>&nbsp;<\/p>\n<h3>Datos acad\u00e9micos de la tesis doctoral \u00ab<strong>Acci\u00f3n, pensamiento y poes\u00edaen el periodismo de antoine de saint-exup\u00e9ry<\/strong>\u00ab<\/h3>\n<ul>\n<li><strong>T\u00edtulo de la tesis:<\/strong>\u00a0 Acci\u00f3n, pensamiento y poes\u00edaen el periodismo de antoine de saint-exup\u00e9ry <\/li>\n<li><strong>Autor:<\/strong>\u00a0 Montserrat Morata Santos <\/li>\n<li><strong>Universidad:<\/strong>\u00a0 Complutense de Madrid<\/li>\n<li><strong>Fecha de lectura de la tesis:<\/strong>\u00a0 06\/11\/2014<\/li>\n<\/ul>\n<p>&nbsp;<\/p>\n<h3>Direcci\u00f3n y tribunal<\/h3>\n<ul>\n<li><strong>Director de la tesis<\/strong>\n<ul>\n<li>Pedro Sorela Cajiao<\/li>\n<\/ul>\n<\/li>\n<li><strong>Tribunal<\/strong>\n<ul>\n<li>Presidente del tribunal: Mar\u00eda Jes\u00fas Casals carro <\/li>\n<li>Juan Cantavella blasco (vocal)<\/li>\n<li>Javier Chivite fern\u00e1ndez (vocal)<\/li>\n<li>Jos\u00e9 Mar\u00eda Sanmart\u00ed roset (vocal)<\/li>\n<\/ul>\n<\/li>\n<\/ul>\n<p>&nbsp;<\/p>\n","protected":false},"excerpt":{"rendered":"<p>Tesis doctoral de Montserrat Morata Santos Esta tesis doctoral estudia el periodismo del escritor franc\u00e9s antoine de saint-exup\u00e9ry a partir [&hellip;]<\/p>\n","protected":false},"author":1,"featured_media":0,"comment_status":"open","ping_status":"open","sticky":false,"template":"","format":"standard","meta":{"site-sidebar-layout":"default","site-content-layout":"","ast-site-content-layout":"","site-content-style":"default","site-sidebar-style":"default","ast-global-header-display":"","ast-banner-title-visibility":"","ast-main-header-display":"","ast-hfb-above-header-display":"","ast-hfb-below-header-display":"","ast-hfb-mobile-header-display":"","site-post-title":"","ast-breadcrumbs-content":"","ast-featured-img":"","footer-sml-layout":"","theme-transparent-header-meta":"","adv-header-id-meta":"","stick-header-meta":"","header-above-stick-meta":"","header-main-stick-meta":"","header-below-stick-meta":"","astra-migrate-meta-layouts":"default","ast-page-background-enabled":"default","ast-page-background-meta":{"desktop":{"background-color":"var(--ast-global-color-4)","background-image":"","background-repeat":"repeat","background-position":"center center","background-size":"auto","background-attachment":"scroll","background-type":"","background-media":"","overlay-type":"","overlay-color":"","overlay-gradient":""},"tablet":{"background-color":"","background-image":"","background-repeat":"repeat","background-position":"center center","background-size":"auto","background-attachment":"scroll","background-type":"","background-media":"","overlay-type":"","overlay-color":"","overlay-gradient":""},"mobile":{"background-color":"","background-image":"","background-repeat":"repeat","background-position":"center center","background-size":"auto","background-attachment":"scroll","background-type":"","background-media":"","overlay-type":"","overlay-color":"","overlay-gradient":""}},"ast-content-background-meta":{"desktop":{"background-color":"var(--ast-global-color-5)","background-image":"","background-repeat":"repeat","background-position":"center center","background-size":"auto","background-attachment":"scroll","background-type":"","background-media":"","overlay-type":"","overlay-color":"","overlay-gradient":""},"tablet":{"background-color":"var(--ast-global-color-5)","background-image":"","background-repeat":"repeat","background-position":"center center","background-size":"auto","background-attachment":"scroll","background-type":"","background-media":"","overlay-type":"","overlay-color":"","overlay-gradient":""},"mobile":{"background-color":"var(--ast-global-color-5)","background-image":"","background-repeat":"repeat","background-position":"center center","background-size":"auto","background-attachment":"scroll","background-type":"","background-media":"","overlay-type":"","overlay-color":"","overlay-gradient":""}},"footnotes":""},"categories":[986,4840],"tags":[158937,55947,5207,67406,230126,64799],"class_list":["post-116607","post","type-post","status-publish","format-standard","hentry","category-complutense-de-madrid","category-opinion-publica","tag-javier-chivite-fernandez","tag-jose-maria-sanmarti-roset","tag-juan-cantavella-blasco","tag-maria-jesus-casals-carro","tag-montserrat-morata-santos","tag-pedro-sorela-cajiao"],"_links":{"self":[{"href":"https:\/\/www.deberes.net\/tesis\/wp-json\/wp\/v2\/posts\/116607","targetHints":{"allow":["GET"]}}],"collection":[{"href":"https:\/\/www.deberes.net\/tesis\/wp-json\/wp\/v2\/posts"}],"about":[{"href":"https:\/\/www.deberes.net\/tesis\/wp-json\/wp\/v2\/types\/post"}],"author":[{"embeddable":true,"href":"https:\/\/www.deberes.net\/tesis\/wp-json\/wp\/v2\/users\/1"}],"replies":[{"embeddable":true,"href":"https:\/\/www.deberes.net\/tesis\/wp-json\/wp\/v2\/comments?post=116607"}],"version-history":[{"count":0,"href":"https:\/\/www.deberes.net\/tesis\/wp-json\/wp\/v2\/posts\/116607\/revisions"}],"wp:attachment":[{"href":"https:\/\/www.deberes.net\/tesis\/wp-json\/wp\/v2\/media?parent=116607"}],"wp:term":[{"taxonomy":"category","embeddable":true,"href":"https:\/\/www.deberes.net\/tesis\/wp-json\/wp\/v2\/categories?post=116607"},{"taxonomy":"post_tag","embeddable":true,"href":"https:\/\/www.deberes.net\/tesis\/wp-json\/wp\/v2\/tags?post=116607"}],"curies":[{"name":"wp","href":"https:\/\/api.w.org\/{rel}","templated":true}]}}