{"id":116623,"date":"2014-11-11T00:00:00","date_gmt":"2014-11-11T00:00:00","guid":{"rendered":"https:\/\/www.deberes.net\/tesis\/sin-categoria\/la-danza-y-sus-aplicaciones-en-el-espacio-terapeutico-educativo-y-social\/"},"modified":"2014-11-11T00:00:00","modified_gmt":"2014-11-11T00:00:00","slug":"la-danza-y-sus-aplicaciones-en-el-espacio-terapeutico-educativo-y-social","status":"publish","type":"post","link":"https:\/\/www.deberes.net\/tesis\/complutense-de-madrid\/la-danza-y-sus-aplicaciones-en-el-espacio-terapeutico-educativo-y-social\/","title":{"rendered":"La danza y sus aplicaciones en el espacio terap\u00e9utico, educativo y social"},"content":{"rendered":"<h2>Tesis doctoral de <strong> Tania Ugena Candel <\/strong><\/h2>\n<p>Los objetivos fundamentales de esta tesis son confirmar la eficacia de la danza para lograr un mayor bien-estar en las personas participantes en el taller de arteterapia en movimiento y el modo en que mejora la autoestima, reduce la ansiedad, permite manejar el estr\u00e9s, eleva los niveles de atenci\u00f3n y concentraci\u00f3n, facilita la relaci\u00f3n con los dem\u00e1s y los intercambios sociales, libera y trabaja las emociones a partir de experiencias corporales, ayuda a tomar conciencia de la respiraci\u00f3n y despierta nuevos aprendizajes a trav\u00e9s de diferentes t\u00e9cnicas art\u00edsticas y creativas. En definitiva, constatar c\u00f3mo la danza ayuda a equilibrar cuerpo, emoci\u00f3n y pensamiento, contribuyendo al desarrollo del verdadero potencial de cada persona, a un cambio positivo de su narrativa dominante y de su identidad, traducido en bien-estar.A tal fin se presentan seis estudios de caso que recogen la experiencia de  estas personas en espacios terap\u00e9uticos, educativos y sociales: artistas del olvido (personas afectadas por la enfermedad de alzheimer), arteterapia con duende (adolescentes de poblaci\u00f3n gitana), s\u00e1banas en movimiento (adolescentes con enfermedad mental), working with hands (alumnos y alumnas de un curso athens de la escuela superior de arquitectura de Madrid), acci\u00f3n*creaci\u00f3n (arteterapia en un centro de acogida para inmigrantes) y reci\u00e9n danzada (mujeres y sus beb\u00e9s).Las evidencias surgidas a trav\u00e9s de la expresi\u00f3n verbal, escrita, bailada, musical o pl\u00e1stica, son los hilos con los que se han tejido las conclusiones sobre la urdimbre formada por diferentes teor\u00edas y m\u00e9todos de investigaci\u00f3n: constructivismo, investigaci\u00f3n basada en las artes, etnograf\u00eda e investigaci\u00f3n-acci\u00f3n.Partiendo de la prehistoria (donde la danza se utilizaba para comunicarse con fuerzas y fen\u00f3menos intangibles de la naturaleza, con funci\u00f3n terap\u00e9utica, curativa y como ritual), se hace un recorrido por algunos hechos de la historia de la danza en occidente en relaci\u00f3n al baile flamenco, que acaba en el siglo xxi, cuando la unesco declara al flamenco patrimonio inmaterial de la humanidad.Todas estas etapas tienen en com\u00fan el uso de la danza como modo de expresi\u00f3n y comunicaci\u00f3n de emociones y sentimientos m\u00e1s o menos profundos. Sin olvidar el decisivo papel de la mujer en cuanto a la renovaci\u00f3n de temas tratados, t\u00e9cnica utilizada, respiraci\u00f3n, expresi\u00f3n, vestuario, m\u00fasica elegida, luces y decorados\u00c2\u00bf.Tambi\u00e9n se recogen diferentes conceptos clave (cuerpo y postura corporal; movimiento y ritmo; expresi\u00f3n, lenguaje y comunicaci\u00f3n; proceso creativo; migraci\u00f3n de identidad) que sirven de apoyo para analizar los seis estudios de caso; y se indaga sobre las asociaciones y compa\u00f1\u00edas espa\u00f1olas que utilizan la danza en el espacio terap\u00e9utico, educativo y social. Se se\u00f1ala, adem\u00e1s, las bases de la inclusi\u00f3n del flamenco en el arteterapia en movimiento.  Se plantea la importancia del encuadre, junto a la acci\u00f3n seguida por la arteterapeuta en movimiento en el taller, as\u00ed como con las personas participantes y hacia s\u00ed misma, para establecer una metodolog\u00eda de acci\u00f3n que propicie una relaci\u00f3n vincular reparadora en el espacio y tiempo del taller. Los seis estudios de caso desarrollados en lugares terap\u00e9uticos, educativos y sociales son una muestra de lo que se denomina lunares lugares, pues facilitan la b\u00fasqueda de nuevas formas de ser y estar en el mundo. Puesto que lo que se ha pretendido indagar est\u00e1 \u00edntimamente ligado al ser humano y, como cada ser humano es \u00fanico, singular e irrepetible, esta investigaci\u00f3n parte de la asunci\u00f3n de ser una humilde aproximaci\u00f3n a espacios y tiempos concretos. En caso de que se quieran extrapolar sus resultados a otro colectivo, habr\u00e1n de tenerse muy en cuenta las caracter\u00edsticas particulares de cada grupo y\/o individuo.<\/p>\n<p>&nbsp;<\/p>\n<h3>Datos acad\u00e9micos de la tesis doctoral \u00ab<strong>La danza y sus aplicaciones en el espacio terap\u00e9utico, educativo y social<\/strong>\u00ab<\/h3>\n<ul>\n<li><strong>T\u00edtulo de la tesis:<\/strong>\u00a0 La danza y sus aplicaciones en el espacio terap\u00e9utico, educativo y social <\/li>\n<li><strong>Autor:<\/strong>\u00a0 Tania Ugena Candel <\/li>\n<li><strong>Universidad:<\/strong>\u00a0 Complutense de Madrid<\/li>\n<li><strong>Fecha de lectura de la tesis:<\/strong>\u00a0 11\/11\/2014<\/li>\n<\/ul>\n<p>&nbsp;<\/p>\n<h3>Direcci\u00f3n y tribunal<\/h3>\n<ul>\n<li><strong>Director de la tesis<\/strong>\n<ul>\n<li>Mar\u00eda \u00e1ngeles L\u00f3pez Fern\u00e1ndez Cao<\/li>\n<\/ul>\n<\/li>\n<li><strong>Tribunal<\/strong>\n<ul>\n<li>Presidente del tribunal: Jos\u00e9 Antonio Garcia fernandez <\/li>\n<li>Ana m. Mampaso mart\u00ednez (vocal)<\/li>\n<li>Juan  arturo Rubio arostegui (vocal)<\/li>\n<li>pilar Perez camarero (vocal)<\/li>\n<\/ul>\n<\/li>\n<\/ul>\n<p>&nbsp;<\/p>\n","protected":false},"excerpt":{"rendered":"<p>Tesis doctoral de Tania Ugena Candel Los objetivos fundamentales de esta tesis son confirmar la eficacia de la danza para [&hellip;]<\/p>\n","protected":false},"author":1,"featured_media":0,"comment_status":"open","ping_status":"open","sticky":false,"template":"","format":"standard","meta":{"site-sidebar-layout":"default","site-content-layout":"","ast-site-content-layout":"","site-content-style":"default","site-sidebar-style":"default","ast-global-header-display":"","ast-banner-title-visibility":"","ast-main-header-display":"","ast-hfb-above-header-display":"","ast-hfb-below-header-display":"","ast-hfb-mobile-header-display":"","site-post-title":"","ast-breadcrumbs-content":"","ast-featured-img":"","footer-sml-layout":"","theme-transparent-header-meta":"","adv-header-id-meta":"","stick-header-meta":"","header-above-stick-meta":"","header-main-stick-meta":"","header-below-stick-meta":"","astra-migrate-meta-layouts":"default","ast-page-background-enabled":"default","ast-page-background-meta":{"desktop":{"background-color":"var(--ast-global-color-4)","background-image":"","background-repeat":"repeat","background-position":"center center","background-size":"auto","background-attachment":"scroll","background-type":"","background-media":"","overlay-type":"","overlay-color":"","overlay-gradient":""},"tablet":{"background-color":"","background-image":"","background-repeat":"repeat","background-position":"center center","background-size":"auto","background-attachment":"scroll","background-type":"","background-media":"","overlay-type":"","overlay-color":"","overlay-gradient":""},"mobile":{"background-color":"","background-image":"","background-repeat":"repeat","background-position":"center center","background-size":"auto","background-attachment":"scroll","background-type":"","background-media":"","overlay-type":"","overlay-color":"","overlay-gradient":""}},"ast-content-background-meta":{"desktop":{"background-color":"var(--ast-global-color-5)","background-image":"","background-repeat":"repeat","background-position":"center center","background-size":"auto","background-attachment":"scroll","background-type":"","background-media":"","overlay-type":"","overlay-color":"","overlay-gradient":""},"tablet":{"background-color":"var(--ast-global-color-5)","background-image":"","background-repeat":"repeat","background-position":"center center","background-size":"auto","background-attachment":"scroll","background-type":"","background-media":"","overlay-type":"","overlay-color":"","overlay-gradient":""},"mobile":{"background-color":"var(--ast-global-color-5)","background-image":"","background-repeat":"repeat","background-position":"center center","background-size":"auto","background-attachment":"scroll","background-type":"","background-media":"","overlay-type":"","overlay-color":"","overlay-gradient":""}},"footnotes":""},"categories":[986,1341],"tags":[44307,203051,66201,190912,56048,230154],"class_list":["post-116623","post","type-post","status-publish","format-standard","hentry","category-complutense-de-madrid","category-teoria-y-metodos-educativos","tag-ana-m-mampaso-Martinez","tag-jose-antonio-garcia-fernandez","tag-juan-arturo-rubio-arostegui","tag-maria-angeles-lopez-fernandez-cao","tag-pilar-perez-camarero","tag-tania-ugena-candel"],"_links":{"self":[{"href":"https:\/\/www.deberes.net\/tesis\/wp-json\/wp\/v2\/posts\/116623","targetHints":{"allow":["GET"]}}],"collection":[{"href":"https:\/\/www.deberes.net\/tesis\/wp-json\/wp\/v2\/posts"}],"about":[{"href":"https:\/\/www.deberes.net\/tesis\/wp-json\/wp\/v2\/types\/post"}],"author":[{"embeddable":true,"href":"https:\/\/www.deberes.net\/tesis\/wp-json\/wp\/v2\/users\/1"}],"replies":[{"embeddable":true,"href":"https:\/\/www.deberes.net\/tesis\/wp-json\/wp\/v2\/comments?post=116623"}],"version-history":[{"count":0,"href":"https:\/\/www.deberes.net\/tesis\/wp-json\/wp\/v2\/posts\/116623\/revisions"}],"wp:attachment":[{"href":"https:\/\/www.deberes.net\/tesis\/wp-json\/wp\/v2\/media?parent=116623"}],"wp:term":[{"taxonomy":"category","embeddable":true,"href":"https:\/\/www.deberes.net\/tesis\/wp-json\/wp\/v2\/categories?post=116623"},{"taxonomy":"post_tag","embeddable":true,"href":"https:\/\/www.deberes.net\/tesis\/wp-json\/wp\/v2\/tags?post=116623"}],"curies":[{"name":"wp","href":"https:\/\/api.w.org\/{rel}","templated":true}]}}