{"id":116627,"date":"2014-12-11T00:00:00","date_gmt":"2014-12-11T00:00:00","guid":{"rendered":"https:\/\/www.deberes.net\/tesis\/sin-categoria\/poder-sangre-y-dinero-olivares-en-su-laberinto\/"},"modified":"2014-12-11T00:00:00","modified_gmt":"2014-12-11T00:00:00","slug":"poder-sangre-y-dinero-olivares-en-su-laberinto","status":"publish","type":"post","link":"https:\/\/www.deberes.net\/tesis\/desarrollo-socioeconomico\/poder-sangre-y-dinero-olivares-en-su-laberinto\/","title":{"rendered":"Poder, sangre y dinero: olivares en su laberinto."},"content":{"rendered":"<h2>Tesis doctoral de <strong> Shai Cohen <\/strong><\/h2>\n<p>Mi disertaci\u00f3n aborda la intersecci\u00f3n entre diferentes textos literarios, pol\u00edticos y econ\u00f3micos de la espa\u00f1a del siglo xvii. Mi trabajo pone de manifiesto la influencia de los escritos te\u00f3ricos sobre el gobierno del conde duque de olivares, as\u00ed como la forma en que interact\u00faan con la expresi\u00f3n literaria popular. En mi investigaci\u00f3n he adquirido un amplio conocimiento acerca de la crisis pol\u00edtica y econ\u00f3mica con un estudio de los textos de teor\u00eda pol\u00edtica, conocidos como ars gubernandi.  no obstante, parte importante de la tesis es el an\u00e1lisis de la poes\u00eda clandestina en forma de s\u00e1tira y la expresi\u00f3n de la literatura de forma de propaganda. De tal forma, se deduce varias conclusiones interesantes sobre las cuestiones econ\u00f3micas en la primera mitad del siglo, en particular, los asuntos de los banqueros portugueses de origen judeoconverso. Este an\u00e1lisis condujo a una mejor comprensi\u00f3n de la \u00faltima parte de mi tesis: la primera edici\u00f3n de una antolog\u00eda de s\u00e1tiras pol\u00edticas transcrita, editada y anotada, a partir de manuscritos que he recogido de m\u00faltiples bibliotecas. Estos poemas sat\u00edricos nos permiten penetrar en la complejidad socio-pol\u00edtica de la interacci\u00f3n entre la autoridad del famoso valido, la oposici\u00f3n, y la cultura popular.<\/p>\n<p>&nbsp;<\/p>\n<h3>Datos acad\u00e9micos de la tesis doctoral \u00ab<strong>Poder, sangre y dinero: olivares en su laberinto.<\/strong>\u00ab<\/h3>\n<ul>\n<li><strong>T\u00edtulo de la tesis:<\/strong>\u00a0 Poder, sangre y dinero: olivares en su laberinto. <\/li>\n<li><strong>Autor:<\/strong>\u00a0 Shai Cohen <\/li>\n<li><strong>Universidad:<\/strong>\u00a0 Navarra<\/li>\n<li><strong>Fecha de lectura de la tesis:<\/strong>\u00a0 12\/11\/2014<\/li>\n<\/ul>\n<p>&nbsp;<\/p>\n<h3>Direcci\u00f3n y tribunal<\/h3>\n<ul>\n<li><strong>Director de la tesis<\/strong>\n<ul>\n<li>Ignacio Arrellano Ayuso<\/li>\n<\/ul>\n<\/li>\n<li><strong>Tribunal<\/strong>\n<ul>\n<li>Presidente del tribunal: Santiago Fernandez mosquera <\/li>\n<li>Francisco Dom\u00ednguez matito (vocal)<\/li>\n<li>Jes\u00fas Mar\u00eda Usun\u00e1riz garayoa (vocal)<\/li>\n<li>ruth Fine (vocal)<\/li>\n<\/ul>\n<\/li>\n<\/ul>\n<p>&nbsp;<\/p>\n","protected":false},"excerpt":{"rendered":"<p>Tesis doctoral de Shai Cohen Mi disertaci\u00f3n aborda la intersecci\u00f3n entre diferentes textos literarios, pol\u00edticos y econ\u00f3micos de la espa\u00f1a [&hellip;]<\/p>\n","protected":false},"author":1,"featured_media":0,"comment_status":"open","ping_status":"open","sticky":false,"template":"","format":"standard","meta":{"site-sidebar-layout":"default","site-content-layout":"","ast-site-content-layout":"","site-content-style":"default","site-sidebar-style":"default","ast-global-header-display":"","ast-banner-title-visibility":"","ast-main-header-display":"","ast-hfb-above-header-display":"","ast-hfb-below-header-display":"","ast-hfb-mobile-header-display":"","site-post-title":"","ast-breadcrumbs-content":"","ast-featured-img":"","footer-sml-layout":"","theme-transparent-header-meta":"","adv-header-id-meta":"","stick-header-meta":"","header-above-stick-meta":"","header-main-stick-meta":"","header-below-stick-meta":"","astra-migrate-meta-layouts":"default","ast-page-background-enabled":"default","ast-page-background-meta":{"desktop":{"background-color":"var(--ast-global-color-4)","background-image":"","background-repeat":"repeat","background-position":"center center","background-size":"auto","background-attachment":"scroll","background-type":"","background-media":"","overlay-type":"","overlay-color":"","overlay-gradient":""},"tablet":{"background-color":"","background-image":"","background-repeat":"repeat","background-position":"center center","background-size":"auto","background-attachment":"scroll","background-type":"","background-media":"","overlay-type":"","overlay-color":"","overlay-gradient":""},"mobile":{"background-color":"","background-image":"","background-repeat":"repeat","background-position":"center center","background-size":"auto","background-attachment":"scroll","background-type":"","background-media":"","overlay-type":"","overlay-color":"","overlay-gradient":""}},"ast-content-background-meta":{"desktop":{"background-color":"var(--ast-global-color-5)","background-image":"","background-repeat":"repeat","background-position":"center center","background-size":"auto","background-attachment":"scroll","background-type":"","background-media":"","overlay-type":"","overlay-color":"","overlay-gradient":""},"tablet":{"background-color":"var(--ast-global-color-5)","background-image":"","background-repeat":"repeat","background-position":"center center","background-size":"auto","background-attachment":"scroll","background-type":"","background-media":"","overlay-type":"","overlay-color":"","overlay-gradient":""},"mobile":{"background-color":"var(--ast-global-color-5)","background-image":"","background-repeat":"repeat","background-position":"center center","background-size":"auto","background-attachment":"scroll","background-type":"","background-media":"","overlay-type":"","overlay-color":"","overlay-gradient":""}},"footnotes":""},"categories":[24381,6713,9647,8763,17749],"tags":[62689,78312,32363,201437,117087,230158],"class_list":["post-116627","post","type-post","status-publish","format-standard","hentry","category-conflictos-internacionales","category-desarrollo-socioeconomico","category-desarrollo-y-politica-social","category-lengua-y-cultura","category-navarra","tag-francisco-dominguez-matito","tag-ignacio-arrellano-ayuso","tag-jesus-maria-usunariz-garayoa","tag-ruth-fine","tag-santiago-fernandez-mosquera","tag-shai-cohen"],"_links":{"self":[{"href":"https:\/\/www.deberes.net\/tesis\/wp-json\/wp\/v2\/posts\/116627","targetHints":{"allow":["GET"]}}],"collection":[{"href":"https:\/\/www.deberes.net\/tesis\/wp-json\/wp\/v2\/posts"}],"about":[{"href":"https:\/\/www.deberes.net\/tesis\/wp-json\/wp\/v2\/types\/post"}],"author":[{"embeddable":true,"href":"https:\/\/www.deberes.net\/tesis\/wp-json\/wp\/v2\/users\/1"}],"replies":[{"embeddable":true,"href":"https:\/\/www.deberes.net\/tesis\/wp-json\/wp\/v2\/comments?post=116627"}],"version-history":[{"count":0,"href":"https:\/\/www.deberes.net\/tesis\/wp-json\/wp\/v2\/posts\/116627\/revisions"}],"wp:attachment":[{"href":"https:\/\/www.deberes.net\/tesis\/wp-json\/wp\/v2\/media?parent=116627"}],"wp:term":[{"taxonomy":"category","embeddable":true,"href":"https:\/\/www.deberes.net\/tesis\/wp-json\/wp\/v2\/categories?post=116627"},{"taxonomy":"post_tag","embeddable":true,"href":"https:\/\/www.deberes.net\/tesis\/wp-json\/wp\/v2\/tags?post=116627"}],"curies":[{"name":"wp","href":"https:\/\/api.w.org\/{rel}","templated":true}]}}