{"id":11677,"date":"2018-03-09T08:57:09","date_gmt":"2018-03-09T08:57:09","guid":{"rendered":"https:\/\/www.deberes.net\/tesis\/sin-categoria\/composicion-lipa%c2%addica-de-la-membrana-eritrocitaria-en-la-uremia-versus-controles-relacion-con-los-sistemas-de-transporte-y-los-la%c2%adpidos-plasmaticos\/"},"modified":"2018-03-09T08:57:09","modified_gmt":"2018-03-09T08:57:09","slug":"composicion-lipa%c2%addica-de-la-membrana-eritrocitaria-en-la-uremia-versus-controles-relacion-con-los-sistemas-de-transporte-y-los-la%c2%adpidos-plasmaticos","status":"publish","type":"post","link":"https:\/\/www.deberes.net\/tesis\/ciencias-medicas\/composicion-lipa%c2%addica-de-la-membrana-eritrocitaria-en-la-uremia-versus-controles-relacion-con-los-sistemas-de-transporte-y-los-la%c2%adpidos-plasmaticos\/","title":{"rendered":"Composici\u00f3n lip\u00eddica de la membrana eritrocitaria en la uremia versus controles. relaci\u00f3n con los sistemas de transporte y los l\u00edpidos plasm\u00e1ticos"},"content":{"rendered":"<h2>Tesis doctoral de <strong> Carmen Mart\u00edn Herrera <\/strong><\/h2>\n<p>Hemos elaborado dos hip\u00f3tesis:  1\u00aa,- en la insuficiencia renal cr\u00f3nica los l\u00edpidos de la membrana eritrocitaria, los sistemas de transporte y los l\u00edpidos plasm\u00e1ticos est\u00e1n alterados en comparaci\u00f3n con controles.  2\u00aa,- en la poblaci\u00f3n ur\u00e9mica estos tres elementos est\u00e1n relacionados entre s\u00ed.  la selecci\u00f3n de los pacientes se hizo mediante un muestreo secuencial<\/p>\n<p>&nbsp;<\/p>\n<h3>Datos acad\u00e9micos de la tesis doctoral \u00ab<strong>Composici\u00f3n lip\u00eddica de la membrana eritrocitaria en la uremia versus controles. relaci\u00f3n con los sistemas de transporte y los l\u00edpidos plasm\u00e1ticos<\/strong>\u00ab<\/h3>\n<ul>\n<li><strong>T\u00edtulo de la tesis:<\/strong>\u00a0 Composici\u00f3n lip\u00eddica de la membrana eritrocitaria en la uremia versus controles. relaci\u00f3n con los sistemas de transporte y los l\u00edpidos plasm\u00e1ticos <\/li>\n<li><strong>Autor:<\/strong>\u00a0 Carmen Mart\u00edn Herrera <\/li>\n<li><strong>Universidad:<\/strong>\u00a0 Sevilla<\/li>\n<li><strong>Fecha de lectura de la tesis:<\/strong>\u00a0 27\/06\/2001<\/li>\n<\/ul>\n<p>&nbsp;<\/p>\n<h3>Direcci\u00f3n y tribunal<\/h3>\n<ul>\n<li><strong>Director de la tesis<\/strong>\n<ul>\n<li>Jos\u00e9 Villar Ortiz<\/li>\n<\/ul>\n<\/li>\n<li><strong>Tribunal<\/strong>\n<ul>\n<li>Presidente del tribunal:  Fern\u00e1ndez ru\u00edz evaristo j. <\/li>\n<li>alfonso Palma \u00e1lvarez (vocal)<\/li>\n<li>joaqu\u00edn Carneado de la fuente (vocal)<\/li>\n<li> Mart\u00edn-nicl\u00f3s govantes Juan  Jos\u00e9 (vocal)<\/li>\n<\/ul>\n<\/li>\n<\/ul>\n<p>&nbsp;<\/p>\n","protected":false},"excerpt":{"rendered":"<p>Tesis doctoral de Carmen Mart\u00edn Herrera Hemos elaborado dos hip\u00f3tesis: 1\u00aa,- en la insuficiencia renal cr\u00f3nica los l\u00edpidos de la [&hellip;]<\/p>\n","protected":false},"author":1,"featured_media":0,"comment_status":"open","ping_status":"open","sticky":false,"template":"","format":"standard","meta":{"site-sidebar-layout":"default","site-content-layout":"","ast-site-content-layout":"","site-content-style":"default","site-sidebar-style":"default","ast-global-header-display":"","ast-banner-title-visibility":"","ast-main-header-display":"","ast-hfb-above-header-display":"","ast-hfb-below-header-display":"","ast-hfb-mobile-header-display":"","site-post-title":"","ast-breadcrumbs-content":"","ast-featured-img":"","footer-sml-layout":"","theme-transparent-header-meta":"","adv-header-id-meta":"","stick-header-meta":"","header-above-stick-meta":"","header-main-stick-meta":"","header-below-stick-meta":"","astra-migrate-meta-layouts":"default","ast-page-background-enabled":"default","ast-page-background-meta":{"desktop":{"background-color":"var(--ast-global-color-4)","background-image":"","background-repeat":"repeat","background-position":"center center","background-size":"auto","background-attachment":"scroll","background-type":"","background-media":"","overlay-type":"","overlay-color":"","overlay-gradient":""},"tablet":{"background-color":"","background-image":"","background-repeat":"repeat","background-position":"center center","background-size":"auto","background-attachment":"scroll","background-type":"","background-media":"","overlay-type":"","overlay-color":"","overlay-gradient":""},"mobile":{"background-color":"","background-image":"","background-repeat":"repeat","background-position":"center center","background-size":"auto","background-attachment":"scroll","background-type":"","background-media":"","overlay-type":"","overlay-color":"","overlay-gradient":""}},"ast-content-background-meta":{"desktop":{"background-color":"var(--ast-global-color-5)","background-image":"","background-repeat":"repeat","background-position":"center center","background-size":"auto","background-attachment":"scroll","background-type":"","background-media":"","overlay-type":"","overlay-color":"","overlay-gradient":""},"tablet":{"background-color":"var(--ast-global-color-5)","background-image":"","background-repeat":"repeat","background-position":"center center","background-size":"auto","background-attachment":"scroll","background-type":"","background-media":"","overlay-type":"","overlay-color":"","overlay-gradient":""},"mobile":{"background-color":"var(--ast-global-color-5)","background-image":"","background-repeat":"repeat","background-position":"center center","background-size":"auto","background-attachment":"scroll","background-type":"","background-media":"","overlay-type":"","overlay-color":"","overlay-gradient":""}},"footnotes":""},"categories":[35,9,1737,139,179,10715,2953],"tags":[20952,38325,1538,1512,1510,38326],"class_list":["post-11677","post","type-post","status-publish","format-standard","hentry","category-ciencias-de-la-vida","category-ciencias-medicas","category-inmunologia","category-medicina-interna","category-nefrologia","category-sevilla","category-trasplante-de-organos","tag-alfonso-palma-alvarez","tag-carmen-martin-herrera","tag-fernandez-ruiz-evaristo-j","tag-joaquin-carneado-de-la-fuente","tag-jose-villar-ortiz","tag-martin-niclos-govantes-juan-jose"],"_links":{"self":[{"href":"https:\/\/www.deberes.net\/tesis\/wp-json\/wp\/v2\/posts\/11677","targetHints":{"allow":["GET"]}}],"collection":[{"href":"https:\/\/www.deberes.net\/tesis\/wp-json\/wp\/v2\/posts"}],"about":[{"href":"https:\/\/www.deberes.net\/tesis\/wp-json\/wp\/v2\/types\/post"}],"author":[{"embeddable":true,"href":"https:\/\/www.deberes.net\/tesis\/wp-json\/wp\/v2\/users\/1"}],"replies":[{"embeddable":true,"href":"https:\/\/www.deberes.net\/tesis\/wp-json\/wp\/v2\/comments?post=11677"}],"version-history":[{"count":0,"href":"https:\/\/www.deberes.net\/tesis\/wp-json\/wp\/v2\/posts\/11677\/revisions"}],"wp:attachment":[{"href":"https:\/\/www.deberes.net\/tesis\/wp-json\/wp\/v2\/media?parent=11677"}],"wp:term":[{"taxonomy":"category","embeddable":true,"href":"https:\/\/www.deberes.net\/tesis\/wp-json\/wp\/v2\/categories?post=11677"},{"taxonomy":"post_tag","embeddable":true,"href":"https:\/\/www.deberes.net\/tesis\/wp-json\/wp\/v2\/tags?post=11677"}],"curies":[{"name":"wp","href":"https:\/\/api.w.org\/{rel}","templated":true}]}}