{"id":116796,"date":"2014-10-12T00:00:00","date_gmt":"2014-10-12T00:00:00","guid":{"rendered":"https:\/\/www.deberes.net\/tesis\/sin-categoria\/mecanica-y-epistemologa%c2%ada-en-henri-poincare\/"},"modified":"2014-10-12T00:00:00","modified_gmt":"2014-10-12T00:00:00","slug":"mecanica-y-epistemologa%c2%ada-en-henri-poincare","status":"publish","type":"post","link":"https:\/\/www.deberes.net\/tesis\/mecanica\/mecanica-y-epistemologa%c2%ada-en-henri-poincare\/","title":{"rendered":"Mec\u00e1nica y epistemolog\u00eda en henri poincar\u00e9"},"content":{"rendered":"<h2>Tesis doctoral de <strong> Mar\u00eda  De Paz Amerigo <\/strong><\/h2>\n<p>El adjetivo \u00abconvencionalista\u00bb constituye un calificativo com\u00fan para la filosof\u00eda de henri poincar\u00e9. Sin embargo, pese a que la denominaci\u00f3n es clara y frecuentemente aceptada, no resulta obvio c\u00faales son sus implicaciones epistemol\u00f3gicas, en especial, cuando se refiere a la ciencia natural.Por lo general, el convencionalismo se asocia con una comprensi\u00f3n particular del conocimiento que propugna la sustituci\u00f3n del concepto epistemol\u00f3gico de \u00abverdad\u00bb por el de \u00abacuerdo\u00bb o \u00ablibre creaci\u00f3n\u00bb. Cuando dicha comprensi\u00f3n se aplica a la ciencia, da como resultado la idea de que las teor\u00edas no expresan un conocimiento acerca de la naturaleza, sino que son instrumentos que el investigador impone para manejarse en ella de manera c\u00f3moda. En efecto, esta descripci\u00f3n encaja con el denominado \u00abconvecionalismo radical\u00bb o con lo que a finales del siglo xix se entend\u00eda por \u00abnominalismo\u00bb. No obstante, esa posici\u00f3n est\u00e1 lejos de corresponder a la de poincar\u00e9.Si bien su convencionalismo geom\u00e9trico es c\u00e9lebre por su oposici\u00f3n a concepciones empiristas respecto de la ciencia del espacio, defendiendo la imposibilidad de dirimir una geometr\u00eda verdadera para el mundo f\u00edsico, ello no significa que esta posici\u00f3n pueda simplemente extenderse a todos los dominios de la ciencia y afirmar que el estatuto epist\u00e9mico de una disciplina como la geometr\u00eda es compartido por la f\u00edsica y la mec\u00e1nica. Consiguientemente, la demarcaci\u00f3n entre convencionalismo geom\u00e9trico y f\u00edsico-mec\u00e1nico se presenta como necesaria para la comprensi\u00f3n de la filosof\u00eda de poincar\u00e9 y, as\u00ed, constituye uno de los objetivos de la presente tesis doctoral. Sin embargo, pese a que la posici\u00f3n convencionalista fue primero concebida por este autor para la geometr\u00eda, la consecuci\u00f3n de dicho objetivo no se lleva a cabo a partir de una exposici\u00f3n de la misma, dado que se trata de una concepci\u00f3n ampliamente difundida y clarificada. No ocurre lo mismo con el convencionalismo f\u00edsico-mec\u00e1nico, raz\u00f3n por la cual este trabajo se centra directamente en este \u00faltimo an\u00e1lisis de elementos que pertenecen en exclusiva al \u00e1mbito de la ciencia natural. La separaci\u00f3n entre dos tipos de convencionalismo no implica la defensa de una escisi\u00f3n en el pensamiento del cient\u00edfico franc\u00e9s, sino la afirmaci\u00f3n de una epistemolog\u00eda diferente para disciplinas dispares que se distinguen a partir de su objeto, su estructura y sus componentes.De esta forma, a fin de clarificar la concepci\u00f3n de este autor relativa a la ciencia natural, esta tesis se encuentra dividida en dos partes. En la primera, se realiza un examen de su posici\u00f3n epistemol\u00f3gica para la mec\u00e1nica y la f\u00edsica, conformando un esquema filos\u00f3fico que parte de las nociones m\u00e1s b\u00e1sicas a las m\u00e1s complejas. El nucleo de esta exposici\u00f3n se sit\u00faa en la noci\u00f3n de convenci\u00f3n, idea central de la posici\u00f3n de poincar\u00e9, puesto que da lugar al conocido calificativo bajo el cual se acostumbra designar su filosof\u00eda. La disparidad de interpretaciones respecto de su pensamiento da cuenta de la necesidad de determinar con precisi\u00f3n el significado de la convenci\u00f3n, entendiendo por esto no s\u00f3lo una clarificaci\u00f3n sem\u00e1ntica, sino una discriminaci\u00f3n precisa del lugar que ocupa en la constituci\u00f3n del conocimiento cient\u00edfico. Por tanto, al hilo del objetivo antes presentado, relativo a la demarcaci\u00f3n de su posici\u00f3n respecto de la geometr\u00eda y de la ciencia natural, se establecen los diversos sentidos en los que la convenci\u00f3n es utilizada por poincar\u00e9, as\u00ed como su situaci\u00f3n en este esquema epistemol\u00f3gico. Ello da lugar a una comprensi\u00f3n polis\u00e9mica de este concepto, que permite deslindar con claridad la parte dada del conocimiento frente a la convenida.La segunda parte supone la aplicaci\u00f3n de dicho esquema a la mec\u00e1nica, y m\u00e1s concretamente al concepto de gravitaci\u00f3n. La elecci\u00f3n de este \u00faltimo surge a p artir de varias razones. En primer lugar, puesto que uno de los prop\u00f3sitos es delimitar el campo de acci\u00f3n de la filosof\u00eda de la ciencia natural de poincar\u00e9, resulta fundamental prestar at<\/p>\n<p>&nbsp;<\/p>\n<h3>Datos acad\u00e9micos de la tesis doctoral \u00ab<strong>Mec\u00e1nica y epistemolog\u00eda en henri poincar\u00e9<\/strong>\u00ab<\/h3>\n<ul>\n<li><strong>T\u00edtulo de la tesis:<\/strong>\u00a0 Mec\u00e1nica y epistemolog\u00eda en henri poincar\u00e9 <\/li>\n<li><strong>Autor:<\/strong>\u00a0 Mar\u00eda  De Paz Amerigo <\/li>\n<li><strong>Universidad:<\/strong>\u00a0 Complutense de Madrid<\/li>\n<li><strong>Fecha de lectura de la tesis:<\/strong>\u00a0 10\/12\/2014<\/li>\n<\/ul>\n<p>&nbsp;<\/p>\n<h3>Direcci\u00f3n y tribunal<\/h3>\n<ul>\n<li><strong>Director de la tesis<\/strong>\n<ul>\n<li>Isabel Mar\u00eda Ferreira Martins Serra<\/li>\n<\/ul>\n<\/li>\n<li><strong>Tribunal<\/strong>\n<ul>\n<li>Presidente del tribunal: Jos\u00e9 artur Martinho simoes <\/li>\n<li>pietro Gori (vocal)<\/li>\n<li>Antonio  augusto Passos videira (vocal)<\/li>\n<li>olga Mar\u00eda Pombo martins (vocal)<\/li>\n<\/ul>\n<\/li>\n<\/ul>\n<p>&nbsp;<\/p>\n","protected":false},"excerpt":{"rendered":"<p>Tesis doctoral de Mar\u00eda De Paz Amerigo El adjetivo \u00abconvencionalista\u00bb constituye un calificativo com\u00fan para la filosof\u00eda de henri poincar\u00e9. [&hellip;]<\/p>\n","protected":false},"author":1,"featured_media":0,"comment_status":"open","ping_status":"open","sticky":false,"template":"","format":"standard","meta":{"site-sidebar-layout":"default","site-content-layout":"","ast-site-content-layout":"","site-content-style":"default","site-sidebar-style":"default","ast-global-header-display":"","ast-banner-title-visibility":"","ast-main-header-display":"","ast-hfb-above-header-display":"","ast-hfb-below-header-display":"","ast-hfb-mobile-header-display":"","site-post-title":"","ast-breadcrumbs-content":"","ast-featured-img":"","footer-sml-layout":"","theme-transparent-header-meta":"","adv-header-id-meta":"","stick-header-meta":"","header-above-stick-meta":"","header-main-stick-meta":"","header-below-stick-meta":"","astra-migrate-meta-layouts":"default","ast-page-background-enabled":"default","ast-page-background-meta":{"desktop":{"background-color":"var(--ast-global-color-4)","background-image":"","background-repeat":"repeat","background-position":"center center","background-size":"auto","background-attachment":"scroll","background-type":"","background-media":"","overlay-type":"","overlay-color":"","overlay-gradient":""},"tablet":{"background-color":"","background-image":"","background-repeat":"repeat","background-position":"center center","background-size":"auto","background-attachment":"scroll","background-type":"","background-media":"","overlay-type":"","overlay-color":"","overlay-gradient":""},"mobile":{"background-color":"","background-image":"","background-repeat":"repeat","background-position":"center center","background-size":"auto","background-attachment":"scroll","background-type":"","background-media":"","overlay-type":"","overlay-color":"","overlay-gradient":""}},"ast-content-background-meta":{"desktop":{"background-color":"var(--ast-global-color-5)","background-image":"","background-repeat":"repeat","background-position":"center center","background-size":"auto","background-attachment":"scroll","background-type":"","background-media":"","overlay-type":"","overlay-color":"","overlay-gradient":""},"tablet":{"background-color":"var(--ast-global-color-5)","background-image":"","background-repeat":"repeat","background-position":"center center","background-size":"auto","background-attachment":"scroll","background-type":"","background-media":"","overlay-type":"","overlay-color":"","overlay-gradient":""},"mobile":{"background-color":"var(--ast-global-color-5)","background-image":"","background-repeat":"repeat","background-position":"center center","background-size":"auto","background-attachment":"scroll","background-type":"","background-media":"","overlay-type":"","overlay-color":"","overlay-gradient":""}},"footnotes":""},"categories":[986,18384,202,2855],"tags":[230435,230432,230433,230431,230436,230434],"class_list":["post-116796","post","type-post","status-publish","format-standard","hentry","category-complutense-de-madrid","category-filosofia-del-espacio-y-del-tiempo","category-mecanica","category-teoria-de-la-gravitacion-universal","tag-antonio-augusto-passos-videira","tag-isabel-maria-ferreira-martins-serra","tag-jose-artur-martinho-simoes","tag-maria-de-paz-amerigo","tag-olga-maria-pombo-martins","tag-pietro-gori"],"_links":{"self":[{"href":"https:\/\/www.deberes.net\/tesis\/wp-json\/wp\/v2\/posts\/116796","targetHints":{"allow":["GET"]}}],"collection":[{"href":"https:\/\/www.deberes.net\/tesis\/wp-json\/wp\/v2\/posts"}],"about":[{"href":"https:\/\/www.deberes.net\/tesis\/wp-json\/wp\/v2\/types\/post"}],"author":[{"embeddable":true,"href":"https:\/\/www.deberes.net\/tesis\/wp-json\/wp\/v2\/users\/1"}],"replies":[{"embeddable":true,"href":"https:\/\/www.deberes.net\/tesis\/wp-json\/wp\/v2\/comments?post=116796"}],"version-history":[{"count":0,"href":"https:\/\/www.deberes.net\/tesis\/wp-json\/wp\/v2\/posts\/116796\/revisions"}],"wp:attachment":[{"href":"https:\/\/www.deberes.net\/tesis\/wp-json\/wp\/v2\/media?parent=116796"}],"wp:term":[{"taxonomy":"category","embeddable":true,"href":"https:\/\/www.deberes.net\/tesis\/wp-json\/wp\/v2\/categories?post=116796"},{"taxonomy":"post_tag","embeddable":true,"href":"https:\/\/www.deberes.net\/tesis\/wp-json\/wp\/v2\/tags?post=116796"}],"curies":[{"name":"wp","href":"https:\/\/api.w.org\/{rel}","templated":true}]}}