{"id":116817,"date":"2014-11-12T00:00:00","date_gmt":"2014-11-12T00:00:00","guid":{"rendered":"https:\/\/www.deberes.net\/tesis\/sin-categoria\/la-funcion-social-de-la-empresa-regulacion-cooperacion-y-fomento\/"},"modified":"2014-11-12T00:00:00","modified_gmt":"2014-11-12T00:00:00","slug":"la-funcion-social-de-la-empresa-regulacion-cooperacion-y-fomento","status":"publish","type":"post","link":"https:\/\/www.deberes.net\/tesis\/complutense-de-madrid\/la-funcion-social-de-la-empresa-regulacion-cooperacion-y-fomento\/","title":{"rendered":"La funcion social de la empresa: regulacion, cooperacion y fomento"},"content":{"rendered":"<h2>Tesis doctoral de <strong> Santiago Botero G\u00f3mez <\/strong><\/h2>\n<p>En las \u00faltimas cuatro d\u00e9cadas, en un contexto econ\u00f3mico definido por las reiteradas crisis y por el paulatino desmonte del estado de bienestar, ha surgido y se ha posicionado la idea de que la empresa privada en el despliegue de su objeto, que por naturaleza jur\u00eddica y econ\u00f3mica implica la b\u00fasqueda de leg\u00edtimos fines de lucro, experimente modificaciones en sus esferas de responsabilidad, en el sentido de contemplar los efectos que tienen sus actividades sobre el medio ambiente y sobre sus m\u00faltiples grupos de inter\u00e9s. Esta tendencia tiene importantes implicaciones jur\u00eddicas, como se puede evidenciar en las discusiones y modificaciones normativas que se han dado en algunos pa\u00edses y en espec\u00edficos pronunciamientos jurisprudenciales. En este panorama se inscribe la tesis presentada que tiene como objetivo central determinar cuales son los fundamentos jur\u00eddicos, \u00e9ticos y pol\u00edticos sobre los cuales resulta viable sostener esa idea. A partir de esto, se plantea la necesidad de reformular con un sentido de ampliaci\u00f3n y no de reconfiguraci\u00f3n total el paradigma de lo que se entiende por empresa. Para este fin, la tesis se encuentra dividida en cuatro cap\u00edtulosen el primero se proponen, desde una perspectiva multidisciplinar, algunos apuntes para la construcci\u00f3n de una nueva teor\u00eda sobre el objeto de estudio, para lo cual se brinda un panorama hist\u00f3rico del devenir de la empresa y se desentra\u00f1a la tradicional discusi\u00f3n entre voluntariedad y obligatoriedad. Como colof\u00f3n de dicho ejercicio, se propone un concepto detallado sobre qu\u00e9 e la funci\u00f3n social de la empresa, junto con la explicaci\u00f3n de sus contenidos, destinatarios y principios rectores. Desde aqu\u00ed, se estructura el desarrollo del resto de la investigaci\u00f3n en el estudio de los siguientes \u00e1mbitos: regulaci\u00f3n, cooperaci\u00f3n y fomento.En el cap\u00edtulo segundo, se aborda el estudio de la cl\u00e1usula de la constituci\u00f3n politica de colombia que establece para la empresa -una funci\u00f3n social que implica obligaciones-. Respecto de ella se sostiene, entre otras cosas, que su correcta lectura, interpretaci\u00f3n y alcance, se relacionan en forma directa con las aproximaciones construidas por el constitucionalismo contempor\u00e1neo en torno a la cl\u00e1usula de la funci\u00f3n social de la propidad. Para sostener dicho argumento se realiza un examen minucioso de las principales discusiones filos\u00f3ficas que se han planteado sobre este tema desde el advenimiento de la modernidad, sin descuidar algunas precisiones sobre la concepci\u00f3n de la propiedad en la filosof\u00eda tradicional. Tambi\u00e9n en este cap\u00edtulo, se aborda el estudio de las aristas pol\u00edtica, econ\u00f3mica y axiol\u00f3gica que delimitan el marco constitucional del objeto de estudio, y se construye un esquema sobre la forma en la que se materializan normativamente los comportamientos empresariales de alcance social.En el cap\u00edtulo tercero, asumiendo como punto de partida la existencia de un car\u00e1cter moral propio de la empresa, la tesis se orienta al estudio de la \u00e9tica en el mundo de los negocios y a la revisi\u00f3n cr\u00edtica de las principales manifestaciones de los comportamientos socialmente responsables asumidos por la empresa en forma meramente voluntaria. Se concluye en este apartado que la reconfiguraci\u00f3n del paradigma de lo que se entiende por empresa, implica descartar la simple equiValencia de la norma de moralidad con las leyes positivas vigentes, e implica tambi\u00e9n superar la visi\u00f3n instrumentalizadora de la \u00e9tica.En el cap\u00edtulo final, la tesis se orienta a la revisi\u00f3n cr\u00edtica de los principales documentos que han sido proferidos por organismos multilaterales con el prop\u00f3sito de fomentar la asunci\u00f3n de comportamientos socialmente responsables por parte de las empresas, documentos que tienen como caracter\u00edstica transversal la afirmaci\u00f3n del principio de voluntariedad y que vienen a configurarse, en conjunto, como una respuesta a la ausencia de regulaci\u00f3n de las actividades de las empresas transacionales en ciertos \u00e1mbitos, entre ellos el de los derechos humanos.<\/p>\n<p>&nbsp;<\/p>\n<h3>Datos acad\u00e9micos de la tesis doctoral \u00ab<strong>La funcion social de la empresa: regulacion, cooperacion y fomento<\/strong>\u00ab<\/h3>\n<ul>\n<li><strong>T\u00edtulo de la tesis:<\/strong>\u00a0 La funcion social de la empresa: regulacion, cooperacion y fomento <\/li>\n<li><strong>Autor:<\/strong>\u00a0 Santiago Botero G\u00f3mez <\/li>\n<li><strong>Universidad:<\/strong>\u00a0 Complutense de Madrid<\/li>\n<li><strong>Fecha de lectura de la tesis:<\/strong>\u00a0 11\/12\/2014<\/li>\n<\/ul>\n<p>&nbsp;<\/p>\n<h3>Direcci\u00f3n y tribunal<\/h3>\n<ul>\n<li><strong>Director de la tesis<\/strong>\n<ul>\n<li>Juan  Antonio Mart\u00ednez Mu\u00f1oz<\/li>\n<\/ul>\n<\/li>\n<li><strong>Tribunal<\/strong>\n<ul>\n<li>Presidente del tribunal: jose Iturmendi morales <\/li>\n<li>isabel Hoyo sierra (vocal)<\/li>\n<li>Santiago Carretero s\u00e1nchez (vocal)<\/li>\n<li>Luis Bueno ochoa (vocal)<\/li>\n<\/ul>\n<\/li>\n<\/ul>\n<p>&nbsp;<\/p>\n","protected":false},"excerpt":{"rendered":"<p>Tesis doctoral de Santiago Botero G\u00f3mez En las \u00faltimas cuatro d\u00e9cadas, en un contexto econ\u00f3mico definido por las reiteradas crisis [&hellip;]<\/p>\n","protected":false},"author":1,"featured_media":0,"comment_status":"open","ping_status":"open","sticky":false,"template":"","format":"standard","meta":{"site-sidebar-layout":"default","site-content-layout":"","ast-site-content-layout":"","site-content-style":"default","site-sidebar-style":"default","ast-global-header-display":"","ast-banner-title-visibility":"","ast-main-header-display":"","ast-hfb-above-header-display":"","ast-hfb-below-header-display":"","ast-hfb-mobile-header-display":"","site-post-title":"","ast-breadcrumbs-content":"","ast-featured-img":"","footer-sml-layout":"","theme-transparent-header-meta":"","adv-header-id-meta":"","stick-header-meta":"","header-above-stick-meta":"","header-main-stick-meta":"","header-below-stick-meta":"","astra-migrate-meta-layouts":"default","ast-page-background-enabled":"default","ast-page-background-meta":{"desktop":{"background-color":"var(--ast-global-color-4)","background-image":"","background-repeat":"repeat","background-position":"center center","background-size":"auto","background-attachment":"scroll","background-type":"","background-media":"","overlay-type":"","overlay-color":"","overlay-gradient":""},"tablet":{"background-color":"","background-image":"","background-repeat":"repeat","background-position":"center center","background-size":"auto","background-attachment":"scroll","background-type":"","background-media":"","overlay-type":"","overlay-color":"","overlay-gradient":""},"mobile":{"background-color":"","background-image":"","background-repeat":"repeat","background-position":"center center","background-size":"auto","background-attachment":"scroll","background-type":"","background-media":"","overlay-type":"","overlay-color":"","overlay-gradient":""}},"ast-content-background-meta":{"desktop":{"background-color":"var(--ast-global-color-5)","background-image":"","background-repeat":"repeat","background-position":"center center","background-size":"auto","background-attachment":"scroll","background-type":"","background-media":"","overlay-type":"","overlay-color":"","overlay-gradient":""},"tablet":{"background-color":"var(--ast-global-color-5)","background-image":"","background-repeat":"repeat","background-position":"center center","background-size":"auto","background-attachment":"scroll","background-type":"","background-media":"","overlay-type":"","overlay-color":"","overlay-gradient":""},"mobile":{"background-color":"var(--ast-global-color-5)","background-image":"","background-repeat":"repeat","background-position":"center center","background-size":"auto","background-attachment":"scroll","background-type":"","background-media":"","overlay-type":"","overlay-color":"","overlay-gradient":""}},"footnotes":""},"categories":[986,11777],"tags":[135638,4854,135637,54734,230468,19049],"class_list":["post-116817","post","type-post","status-publish","format-standard","hentry","category-complutense-de-madrid","category-filosofia-del-derecho","tag-isabel-hoyo-sierra","tag-jose-iturmendi-morales","tag-juan-antonio-Martinez-munoz","tag-luis-bueno-ochoa","tag-santiago-botero-gomez","tag-santiago-carretero-sanchez"],"_links":{"self":[{"href":"https:\/\/www.deberes.net\/tesis\/wp-json\/wp\/v2\/posts\/116817","targetHints":{"allow":["GET"]}}],"collection":[{"href":"https:\/\/www.deberes.net\/tesis\/wp-json\/wp\/v2\/posts"}],"about":[{"href":"https:\/\/www.deberes.net\/tesis\/wp-json\/wp\/v2\/types\/post"}],"author":[{"embeddable":true,"href":"https:\/\/www.deberes.net\/tesis\/wp-json\/wp\/v2\/users\/1"}],"replies":[{"embeddable":true,"href":"https:\/\/www.deberes.net\/tesis\/wp-json\/wp\/v2\/comments?post=116817"}],"version-history":[{"count":0,"href":"https:\/\/www.deberes.net\/tesis\/wp-json\/wp\/v2\/posts\/116817\/revisions"}],"wp:attachment":[{"href":"https:\/\/www.deberes.net\/tesis\/wp-json\/wp\/v2\/media?parent=116817"}],"wp:term":[{"taxonomy":"category","embeddable":true,"href":"https:\/\/www.deberes.net\/tesis\/wp-json\/wp\/v2\/categories?post=116817"},{"taxonomy":"post_tag","embeddable":true,"href":"https:\/\/www.deberes.net\/tesis\/wp-json\/wp\/v2\/tags?post=116817"}],"curies":[{"name":"wp","href":"https:\/\/api.w.org\/{rel}","templated":true}]}}