{"id":116938,"date":"2018-03-11T10:46:17","date_gmt":"2018-03-11T10:46:17","guid":{"rendered":"https:\/\/www.deberes.net\/tesis\/sin-categoria\/evaristo-valle-1873-1951-confluencias-entre-su-obra-pictorica-y-su-obra-literaria\/"},"modified":"2018-03-11T10:46:17","modified_gmt":"2018-03-11T10:46:17","slug":"evaristo-valle-1873-1951-confluencias-entre-su-obra-pictorica-y-su-obra-literaria","status":"publish","type":"post","link":"https:\/\/www.deberes.net\/tesis\/historia-antigua\/evaristo-valle-1873-1951-confluencias-entre-su-obra-pictorica-y-su-obra-literaria\/","title":{"rendered":"Evaristo valle (1873-1951): confluencias entre su obra pict\u00f3rica y su obra literaria"},"content":{"rendered":"<h2>Tesis doctoral de <strong> Alicia Vallina Vallina <\/strong><\/h2>\n<p>El trabajo de investigaci\u00f3n titulado evaristo valle 1873 1951 confluencias entre su obra pict\u00f3rica y su obra literaria supone un an\u00e1lisis riguroso de la vida y la producci\u00f3n de uno de los principales artistas nacionales de la primera mitad del siglo xx. Se han empleado como fuentes de referencia b\u00e1sicas las dos \u00fanicas biograf\u00edas publicadas del asturiano. La vida y el arte de evaristo valle diputaci\u00f3n provincial de oviedo, 1963, escrita por d. Enrique lafuente ferrari, amigo personal del artista, y evaristo valle 1873 1951, escrita por d. Enrique caranto\u00f1a, director del diario gijon\u00e9s el comercio y publicada en 1986. A partir de los datos biogr\u00e1ficos de ambos autores se han analizado, corregido y ampliado datos biogr\u00e1ficos del artista, se ha consultado cat\u00e1logos de exposiciones en las que valle present\u00f3 obra y se han a\u00f1adido algunas muestras in\u00e9ditas en las que el asturiano particip\u00f3. Adem\u00e1s se han se\u00f1alado las relaciones de valle con algunas de las personalidades m\u00e1s relevantes del siglo, tales como jos\u00e9 ortega y gasset o ignacio zuloaga a trav\u00e9s de la publicaci\u00f3n, por vez primera para la investigaci\u00f3n, de la correspondencia personal entre el gijon\u00e9s y ambas personalidades. Del mismo modo, se ha recopilado la mayor parte de la producci\u00f3n pict\u00f3rica de evaristo valle, en todos los formatos, tama\u00f1os y t\u00e9cnicas, en un primer cat\u00e1logo razonado de su obra, siguiendo las pautas establecidas por el sistema de normalizaci\u00f3n documental domus empleado en la catalogaci\u00f3n de bienes culturales de las  colecciones de museos estatales. Tambi\u00e9n se ha analizado la obra literaria publicada de valle: su novela de corte regeneracionista oves e isabel 1919 y su comedia dram\u00e1tica en dos actos vinculada a los or\u00edgenes del teatro del absurdo titulada el s\u00f3tano 1951. Finalmente se ha establecido una comparativa entre su producci\u00f3n pict\u00f3rica y su obra literaria. En ambas, temas, protagonistas, situaciones y ubicaci\u00f3n espacial se repiten de modo significativo en un intento de inmortalizar la realidad de una regi\u00f3n, la asturiana, siempre presente en la obra de valle. Palabras clave evaristo valle, literatura, arte, asturias<\/p>\n<p>&nbsp;<\/p>\n<h3>Datos acad\u00e9micos de la tesis doctoral \u00ab<strong>Evaristo valle (1873-1951): confluencias entre su obra pict\u00f3rica y su obra literaria<\/strong>\u00ab<\/h3>\n<ul>\n<li><strong>T\u00edtulo de la tesis:<\/strong>\u00a0 Evaristo valle (1873-1951): confluencias entre su obra pict\u00f3rica y su obra literaria <\/li>\n<li><strong>Autor:<\/strong>\u00a0 Alicia Vallina Vallina <\/li>\n<li><strong>Universidad:<\/strong>\u00a0 Complutense de Madrid<\/li>\n<li><strong>Fecha de lectura de la tesis:<\/strong>\u00a0 18\/12\/2014<\/li>\n<\/ul>\n<p>&nbsp;<\/p>\n<h3>Direcci\u00f3n y tribunal<\/h3>\n<ul>\n<li><strong>Director de la tesis<\/strong>\n<ul>\n<li>Eduardo Fern\u00e1ndez Fern\u00e1ndez<\/li>\n<\/ul>\n<\/li>\n<li><strong>Tribunal<\/strong>\n<ul>\n<li>Presidente del tribunal: Juan  pablo Fusi aizpurua <\/li>\n<li>vicente Calvo fernandez (vocal)<\/li>\n<li>encarnaci\u00f3n Hidalgo c\u00e1mara (vocal)<\/li>\n<li>m. Luisa Men\u00e9ndez robles (vocal)<\/li>\n<\/ul>\n<\/li>\n<\/ul>\n<p>&nbsp;<\/p>\n","protected":false},"excerpt":{"rendered":"<p>Tesis doctoral de Alicia Vallina Vallina El trabajo de investigaci\u00f3n titulado evaristo valle 1873 1951 confluencias entre su obra pict\u00f3rica [&hellip;]<\/p>\n","protected":false},"author":1,"featured_media":0,"comment_status":"open","ping_status":"open","sticky":false,"template":"","format":"standard","meta":{"site-sidebar-layout":"default","site-content-layout":"","ast-site-content-layout":"","site-content-style":"default","site-sidebar-style":"default","ast-global-header-display":"","ast-banner-title-visibility":"","ast-main-header-display":"","ast-hfb-above-header-display":"","ast-hfb-below-header-display":"","ast-hfb-mobile-header-display":"","site-post-title":"","ast-breadcrumbs-content":"","ast-featured-img":"","footer-sml-layout":"","theme-transparent-header-meta":"","adv-header-id-meta":"","stick-header-meta":"","header-above-stick-meta":"","header-main-stick-meta":"","header-below-stick-meta":"","astra-migrate-meta-layouts":"default","ast-page-background-enabled":"default","ast-page-background-meta":{"desktop":{"background-color":"var(--ast-global-color-4)","background-image":"","background-repeat":"repeat","background-position":"center center","background-size":"auto","background-attachment":"scroll","background-type":"","background-media":"","overlay-type":"","overlay-color":"","overlay-gradient":""},"tablet":{"background-color":"","background-image":"","background-repeat":"repeat","background-position":"center center","background-size":"auto","background-attachment":"scroll","background-type":"","background-media":"","overlay-type":"","overlay-color":"","overlay-gradient":""},"mobile":{"background-color":"","background-image":"","background-repeat":"repeat","background-position":"center center","background-size":"auto","background-attachment":"scroll","background-type":"","background-media":"","overlay-type":"","overlay-color":"","overlay-gradient":""}},"ast-content-background-meta":{"desktop":{"background-color":"var(--ast-global-color-5)","background-image":"","background-repeat":"repeat","background-position":"center center","background-size":"auto","background-attachment":"scroll","background-type":"","background-media":"","overlay-type":"","overlay-color":"","overlay-gradient":""},"tablet":{"background-color":"var(--ast-global-color-5)","background-image":"","background-repeat":"repeat","background-position":"center center","background-size":"auto","background-attachment":"scroll","background-type":"","background-media":"","overlay-type":"","overlay-color":"","overlay-gradient":""},"mobile":{"background-color":"var(--ast-global-color-5)","background-image":"","background-repeat":"repeat","background-position":"center center","background-size":"auto","background-attachment":"scroll","background-type":"","background-media":"","overlay-type":"","overlay-color":"","overlay-gradient":""}},"footnotes":""},"categories":[986,569],"tags":[230655,55698,230656,6662,153098,145750],"class_list":["post-116938","post","type-post","status-publish","format-standard","hentry","category-complutense-de-madrid","category-historia-antigua","tag-alicia-vallina-vallina","tag-eduardo-fernandez-fernandez","tag-encarnacion-hidalgo-camara","tag-juan-pablo-fusi-aizpurua","tag-m-luisa-menendez-robles","tag-vicente-calvo-fernandez"],"_links":{"self":[{"href":"https:\/\/www.deberes.net\/tesis\/wp-json\/wp\/v2\/posts\/116938","targetHints":{"allow":["GET"]}}],"collection":[{"href":"https:\/\/www.deberes.net\/tesis\/wp-json\/wp\/v2\/posts"}],"about":[{"href":"https:\/\/www.deberes.net\/tesis\/wp-json\/wp\/v2\/types\/post"}],"author":[{"embeddable":true,"href":"https:\/\/www.deberes.net\/tesis\/wp-json\/wp\/v2\/users\/1"}],"replies":[{"embeddable":true,"href":"https:\/\/www.deberes.net\/tesis\/wp-json\/wp\/v2\/comments?post=116938"}],"version-history":[{"count":0,"href":"https:\/\/www.deberes.net\/tesis\/wp-json\/wp\/v2\/posts\/116938\/revisions"}],"wp:attachment":[{"href":"https:\/\/www.deberes.net\/tesis\/wp-json\/wp\/v2\/media?parent=116938"}],"wp:term":[{"taxonomy":"category","embeddable":true,"href":"https:\/\/www.deberes.net\/tesis\/wp-json\/wp\/v2\/categories?post=116938"},{"taxonomy":"post_tag","embeddable":true,"href":"https:\/\/www.deberes.net\/tesis\/wp-json\/wp\/v2\/tags?post=116938"}],"curies":[{"name":"wp","href":"https:\/\/api.w.org\/{rel}","templated":true}]}}