{"id":116969,"date":"2018-03-11T10:46:17","date_gmt":"2018-03-11T10:46:17","guid":{"rendered":"https:\/\/www.deberes.net\/tesis\/sin-categoria\/autonoma%c2%ada-y-poder-en-el-nivel-local-vasco-durante-la-crisis-economica-2009-2012\/"},"modified":"2018-03-11T10:46:17","modified_gmt":"2018-03-11T10:46:17","slug":"autonoma%c2%ada-y-poder-en-el-nivel-local-vasco-durante-la-crisis-economica-2009-2012","status":"publish","type":"post","link":"https:\/\/www.deberes.net\/tesis\/instituciones-regionales\/autonoma%c2%ada-y-poder-en-el-nivel-local-vasco-durante-la-crisis-economica-2009-2012\/","title":{"rendered":"Autonom\u00eday poder en el nivel local vasco durante la crisis econ\u00f3mica (2009-2012)"},"content":{"rendered":"<h2>Tesis doctoral de <strong> Sergio Perez Casta\u00f1os <\/strong><\/h2>\n<p>Esta tesis doctoral analiza desde un punto de vista pol\u00edtico, econ\u00f3mico y jur\u00eddico la situaci\u00f3n de las entidades locales vascas de manera particular y de las del resto del estado de manera general. Este an\u00e1lisis ofrecer\u00e1 una imagen de la situaci\u00f3n de poder existente en el nivel local vasco (especialmente en sus municipios), as\u00ed como sus capacidades a la hora de hacer frente a situaciones no controladas como la irrupci\u00f3n de una crisis econ\u00f3mica como la sucedida en a partir de 2008. De esta manera, tambi\u00e9n se medir\u00e1 la autonom\u00eda de la que disponen las municipalidades para hacer frente a las demandas ciudadanas.Partiendo de las teor\u00edas de las relaciones intergubernamentales establecidas por wright (1978) y desarrolladas por agranoff (1991), esta tesis se pregunta cu\u00e1les son los instrumentos que pueden ayudar gracias a estas teor\u00edas a determinar una bater\u00eda de indicadores que ayuden a cuantitativizar el poder que poseen los ayuntamientos as\u00ed como la autonom\u00eda para poder afrontar situaciones que, propiamente, no le son atribuidas.Finalmente, en este trabajo se pretende aportar una serie de recomendaciones de mejora fruto del an\u00e1lisis de las fortalezas y debilidades de las municipalidades vascas y espa\u00f1olas, as\u00ed como a trav\u00e9s del an\u00e1lisis y comparaci\u00f3n de mecanismos y elementos existentes en otros estados a la hora de empoderar al nivel local y de hacerlo coparticipe de la toma de decisiones.<\/p>\n<p>&nbsp;<\/p>\n<h3>Datos acad\u00e9micos de la tesis doctoral \u00ab<strong>Autonom\u00eday poder en el nivel local vasco durante la crisis econ\u00f3mica (2009-2012)<\/strong>\u00ab<\/h3>\n<ul>\n<li><strong>T\u00edtulo de la tesis:<\/strong>\u00a0 Autonom\u00eday poder en el nivel local vasco durante la crisis econ\u00f3mica (2009-2012) <\/li>\n<li><strong>Autor:<\/strong>\u00a0 Sergio Perez Casta\u00f1os <\/li>\n<li><strong>Universidad:<\/strong>\u00a0 Pa\u00eds vasco\/euskal herriko unibertsitatea<\/li>\n<li><strong>Fecha de lectura de la tesis:<\/strong>\u00a0 19\/12\/2014<\/li>\n<\/ul>\n<p>&nbsp;<\/p>\n<h3>Direcci\u00f3n y tribunal<\/h3>\n<ul>\n<li><strong>Director de la tesis<\/strong>\n<ul>\n<li>Ainhora Novo Arbona<\/li>\n<\/ul>\n<\/li>\n<li><strong>Tribunal<\/strong>\n<ul>\n<li>Presidente del tribunal: Francisco jose Llera ramo <\/li>\n<li>Mar\u00eda Silvestre cabrera (vocal)<\/li>\n<li>Marta irene Lois gonz\u00e1lez (vocal)<\/li>\n<li>pablo O\u00f1ate  rubalcaba (vocal)<\/li>\n<\/ul>\n<\/li>\n<\/ul>\n<p>&nbsp;<\/p>\n","protected":false},"excerpt":{"rendered":"<p>Tesis doctoral de Sergio Perez Casta\u00f1os Esta tesis doctoral analiza desde un punto de vista pol\u00edtico, econ\u00f3mico y jur\u00eddico la [&hellip;]<\/p>\n","protected":false},"author":1,"featured_media":0,"comment_status":"open","ping_status":"open","sticky":false,"template":"","format":"standard","meta":{"site-sidebar-layout":"default","site-content-layout":"","ast-site-content-layout":"","site-content-style":"default","site-sidebar-style":"default","ast-global-header-display":"","ast-banner-title-visibility":"","ast-main-header-display":"","ast-hfb-above-header-display":"","ast-hfb-below-header-display":"","ast-hfb-mobile-header-display":"","site-post-title":"","ast-breadcrumbs-content":"","ast-featured-img":"","footer-sml-layout":"","theme-transparent-header-meta":"","adv-header-id-meta":"","stick-header-meta":"","header-above-stick-meta":"","header-main-stick-meta":"","header-below-stick-meta":"","astra-migrate-meta-layouts":"default","ast-page-background-enabled":"default","ast-page-background-meta":{"desktop":{"background-color":"var(--ast-global-color-4)","background-image":"","background-repeat":"repeat","background-position":"center center","background-size":"auto","background-attachment":"scroll","background-type":"","background-media":"","overlay-type":"","overlay-color":"","overlay-gradient":""},"tablet":{"background-color":"","background-image":"","background-repeat":"repeat","background-position":"center center","background-size":"auto","background-attachment":"scroll","background-type":"","background-media":"","overlay-type":"","overlay-color":"","overlay-gradient":""},"mobile":{"background-color":"","background-image":"","background-repeat":"repeat","background-position":"center center","background-size":"auto","background-attachment":"scroll","background-type":"","background-media":"","overlay-type":"","overlay-color":"","overlay-gradient":""}},"ast-content-background-meta":{"desktop":{"background-color":"var(--ast-global-color-5)","background-image":"","background-repeat":"repeat","background-position":"center center","background-size":"auto","background-attachment":"scroll","background-type":"","background-media":"","overlay-type":"","overlay-color":"","overlay-gradient":""},"tablet":{"background-color":"var(--ast-global-color-5)","background-image":"","background-repeat":"repeat","background-position":"center center","background-size":"auto","background-attachment":"scroll","background-type":"","background-media":"","overlay-type":"","overlay-color":"","overlay-gradient":""},"mobile":{"background-color":"var(--ast-global-color-5)","background-image":"","background-repeat":"repeat","background-position":"center center","background-size":"auto","background-attachment":"scroll","background-type":"","background-media":"","overlay-type":"","overlay-color":"","overlay-gradient":""}},"footnotes":""},"categories":[9098,6324,12909],"tags":[138410,6328,79778,230711,57924,230710],"class_list":["post-116969","post","type-post","status-publish","format-standard","hentry","category-gestion-administrativa","category-instituciones-regionales","category-pais-vasco-euskal-herriko-unibertsitatea","tag-ainhora-novo-arbona","tag-francisco-jose-llera-ramo","tag-maria-silvestre-cabrera","tag-marta-irene-lois-gonzalez","tag-pablo-onate-rubalcaba","tag-sergio-perez-castanos"],"_links":{"self":[{"href":"https:\/\/www.deberes.net\/tesis\/wp-json\/wp\/v2\/posts\/116969","targetHints":{"allow":["GET"]}}],"collection":[{"href":"https:\/\/www.deberes.net\/tesis\/wp-json\/wp\/v2\/posts"}],"about":[{"href":"https:\/\/www.deberes.net\/tesis\/wp-json\/wp\/v2\/types\/post"}],"author":[{"embeddable":true,"href":"https:\/\/www.deberes.net\/tesis\/wp-json\/wp\/v2\/users\/1"}],"replies":[{"embeddable":true,"href":"https:\/\/www.deberes.net\/tesis\/wp-json\/wp\/v2\/comments?post=116969"}],"version-history":[{"count":0,"href":"https:\/\/www.deberes.net\/tesis\/wp-json\/wp\/v2\/posts\/116969\/revisions"}],"wp:attachment":[{"href":"https:\/\/www.deberes.net\/tesis\/wp-json\/wp\/v2\/media?parent=116969"}],"wp:term":[{"taxonomy":"category","embeddable":true,"href":"https:\/\/www.deberes.net\/tesis\/wp-json\/wp\/v2\/categories?post=116969"},{"taxonomy":"post_tag","embeddable":true,"href":"https:\/\/www.deberes.net\/tesis\/wp-json\/wp\/v2\/tags?post=116969"}],"curies":[{"name":"wp","href":"https:\/\/api.w.org\/{rel}","templated":true}]}}