{"id":116988,"date":"2015-08-01T00:00:00","date_gmt":"2015-08-01T00:00:00","guid":{"rendered":"https:\/\/www.deberes.net\/tesis\/sin-categoria\/implicaciones-electromiograficas-en-la-ciruga%c2%ada-del-tercer-molar-inferior\/"},"modified":"2015-08-01T00:00:00","modified_gmt":"2015-08-01T00:00:00","slug":"implicaciones-electromiograficas-en-la-ciruga%c2%ada-del-tercer-molar-inferior","status":"publish","type":"post","link":"https:\/\/www.deberes.net\/tesis\/estomatologia-y-ortodoncia\/implicaciones-electromiograficas-en-la-ciruga%c2%ada-del-tercer-molar-inferior\/","title":{"rendered":"Implicaciones electromiogr\u00e1ficas en la cirugia del tercer molar inferior."},"content":{"rendered":"<h2>Tesis doctoral de <strong> Jos\u00e9 Mar\u00eda Buesa Barez <\/strong><\/h2>\n<p>Dentro de la pr\u00e1ctica habitual de los cirujanos bucales, se encuentra el diagn\u00f3stico y tratamiento de la retenci\u00f3n del tercer molar inferior. Normalmente  encontramos una serie de fen\u00f3menos cl\u00ednicos, como pericoronaritis, caries en molares adyacentes, quistes, etc.Por ello, en muchas ocasiones hay que realizar la exodoncia quir\u00fargica de este molar, con la aparici\u00f3n de las complicaciones  habituales, como dolor, inflamaci\u00f3n y trismo. Para el tratamiento de estos s\u00edntomas  se han utilizado medidas f\u00edsicas, y farmacol\u00f3gicas, sin saber de manera clara, por parte de los diferentes autores, la relaci\u00f3n que existe entre ellos.Por tanto, nos planteamos como hip\u00f3tesis, la posible relaci\u00f3n entre los tres, as\u00ed como una posible afectaci\u00f3n de los m\u00fasculos implicados.Los objetivos de este trabajo de investigaci\u00f3n fueron:\t analizar la respuesta al dolor, y el consumo de analg\u00e9sicos tras la cirug\u00eda.\tDescribir el patr\u00f3n inflamatorio, y su evoluci\u00f3n.\tEvaluar el grado de apertura bucal y su recuperaci\u00f3n.\tCorrelacionar dolor e inflamaci\u00f3n con la apertura bucal.\tAnalizar  el funcionamiento de los m\u00fasculos de cierre con electromiograf\u00eda de superficie y de aguja.\tVer la correlaci\u00f3n entre dolor, inflamaci\u00f3n y trismo mediante la electromiograf\u00eda.Para ello se realiz\u00f3 un trabajo de investigaci\u00f3n, sobre un total de 31 pacientes que requer\u00edan la exodoncia quir\u00fargica del tercer molar inferior. En todos los casos se realizaron tres registros prequir\u00fargico, 72 horas, 7 d\u00edas, donde se recogieron datos cl\u00ednicos referentes al dolor, inflamaci\u00f3n y apertura bucal, as\u00ed como datos electromiogr\u00e1ficos con electrodos de superficie y aguja.Al analizar  los resultados, encontramos una distribuci\u00f3n en cuanto al sexo, donde el 80,6 por ciento de la muestra eran mujeres, frente a un 19,4 por ciento de varones. Encontramos una edad media de 22, 26 a\u00f1os. La posici\u00f3n del tercer molar, era predominantemente vertical, con el 51,55 por ciento de los casos, seguido de los mesioangulados  con un 35,55 por ciento. La mayor\u00eda de intervenciones fueron en el tercer molar inferior derecho 61,3 por ciento.La intensidad de dolor fue m\u00e1xima el d\u00eda de la intervenci\u00f3n, mientras que la inflamaci\u00f3n y el trismo, lo fueron a las 72 horas de la intervenci\u00f3n, para posteriormente normalizarse los valores a los 7 d\u00edas de la intervenci\u00f3n. Encontramos que la inflamaci\u00f3n era significativamente mayor en varones que en mujeres.El consumo de analg\u00e9sicos fue acorde al dolor. El 35,1 ci se consumieron el primer d\u00eda, seguido del 24  y el 20,3  el segundo y tercer d\u00eda. En las electromiograf\u00edas de superficie y aguja, encontramos una disminuci\u00f3n de la funci\u00f3n muscular a las 72 horas de la intervenci\u00f3n, frente a la funci\u00f3n basal, y posteriormente una recuperaci\u00f3n de dicha funci\u00f3n a los 7 d\u00edas. A su vez, encontramos, que independientemente del lado intervenido, hay mayor actividad muscular en maseteros y temporales del lado contralateral al intervenido. En el trismo existe un patr\u00f3n miop\u00e1tico en el lado intervenido, y anti\u00e1lgico en el contralateral.Una vez analizados los resultados, a modo de conclusi\u00f3n  obtenemos que la intensidad m\u00e1xima de dolor apareci\u00f3 el primer d\u00eda de la intervenci\u00f3n, disminuyendo gradualmente en los sucesivos controles y guardando una correlaci\u00f3n con el consumo de analg\u00e9sicos. La mayor inflamaci\u00f3n se produjo  a las 72 horas de la cirug\u00eda, para normalizarse a la semana. Existe una m\u00e1xima disminuci\u00f3n de la apertura bucal a las 72 horas de la intervenci\u00f3n, sin llegar a normalizarse a la semana. No se ha podido demostrar una relaci\u00f3n entre el dolor, inflamaci\u00f3n y trismo.Electromiogr\u00e1ficamente se observa un predominio de los m\u00fasculos temporales. Durante la masticaci\u00f3n se ha visto una funci\u00f3n mayor del masetero del lado de la masticaci\u00f3n, independientemente del lado intervenido. Con emg de superficie,  hay mayor actividad muscular en el lado no intervenidocon emg de aguja, aparece a las 72 horas una miopat\u00eda en el lado intervenido,  y una respuesta anti\u00e1lgica en el contralateral.<\/p>\n<p>&nbsp;<\/p>\n<h3>Datos acad\u00e9micos de la tesis doctoral \u00ab<strong>Implicaciones electromiogr\u00e1ficas en la cirugia del tercer molar inferior.<\/strong>\u00ab<\/h3>\n<ul>\n<li><strong>T\u00edtulo de la tesis:<\/strong>\u00a0 Implicaciones electromiogr\u00e1ficas en la cirugia del tercer molar inferior. <\/li>\n<li><strong>Autor:<\/strong>\u00a0 Jos\u00e9 Mar\u00eda Buesa Barez <\/li>\n<li><strong>Universidad:<\/strong>\u00a0 Complutense de Madrid<\/li>\n<li><strong>Fecha de lectura de la tesis:<\/strong>\u00a0 08\/01\/2015<\/li>\n<\/ul>\n<p>&nbsp;<\/p>\n<h3>Direcci\u00f3n y tribunal<\/h3>\n<ul>\n<li><strong>Director de la tesis<\/strong>\n<ul>\n<li>Jos\u00e9 M. Mart\u00ednez Gonz\u00e1lez<\/li>\n<\/ul>\n<\/li>\n<li><strong>Tribunal<\/strong>\n<ul>\n<li>Presidente del tribunal: Jos\u00e9 Francisco L\u00f3pez lozano <\/li>\n<li>natalia Martinez rodriguez (vocal)<\/li>\n<li>lara San hipolito marin (vocal)<\/li>\n<li>Jos\u00e9 Mar\u00eda Suarez quintanilla (vocal)<\/li>\n<\/ul>\n<\/li>\n<\/ul>\n<p>&nbsp;<\/p>\n","protected":false},"excerpt":{"rendered":"<p>Tesis doctoral de Jos\u00e9 Mar\u00eda Buesa Barez Dentro de la pr\u00e1ctica habitual de los cirujanos bucales, se encuentra el diagn\u00f3stico [&hellip;]<\/p>\n","protected":false},"author":1,"featured_media":0,"comment_status":"open","ping_status":"open","sticky":false,"template":"","format":"standard","meta":{"site-sidebar-layout":"default","site-content-layout":"","ast-site-content-layout":"","site-content-style":"default","site-sidebar-style":"default","ast-global-header-display":"","ast-banner-title-visibility":"","ast-main-header-display":"","ast-hfb-above-header-display":"","ast-hfb-below-header-display":"","ast-hfb-mobile-header-display":"","site-post-title":"","ast-breadcrumbs-content":"","ast-featured-img":"","footer-sml-layout":"","theme-transparent-header-meta":"","adv-header-id-meta":"","stick-header-meta":"","header-above-stick-meta":"","header-main-stick-meta":"","header-below-stick-meta":"","astra-migrate-meta-layouts":"default","ast-page-background-enabled":"default","ast-page-background-meta":{"desktop":{"background-color":"var(--ast-global-color-4)","background-image":"","background-repeat":"repeat","background-position":"center center","background-size":"auto","background-attachment":"scroll","background-type":"","background-media":"","overlay-type":"","overlay-color":"","overlay-gradient":""},"tablet":{"background-color":"","background-image":"","background-repeat":"repeat","background-position":"center center","background-size":"auto","background-attachment":"scroll","background-type":"","background-media":"","overlay-type":"","overlay-color":"","overlay-gradient":""},"mobile":{"background-color":"","background-image":"","background-repeat":"repeat","background-position":"center center","background-size":"auto","background-attachment":"scroll","background-type":"","background-media":"","overlay-type":"","overlay-color":"","overlay-gradient":""}},"ast-content-background-meta":{"desktop":{"background-color":"var(--ast-global-color-5)","background-image":"","background-repeat":"repeat","background-position":"center center","background-size":"auto","background-attachment":"scroll","background-type":"","background-media":"","overlay-type":"","overlay-color":"","overlay-gradient":""},"tablet":{"background-color":"var(--ast-global-color-5)","background-image":"","background-repeat":"repeat","background-position":"center center","background-size":"auto","background-attachment":"scroll","background-type":"","background-media":"","overlay-type":"","overlay-color":"","overlay-gradient":""},"mobile":{"background-color":"var(--ast-global-color-5)","background-image":"","background-repeat":"repeat","background-position":"center center","background-size":"auto","background-attachment":"scroll","background-type":"","background-media":"","overlay-type":"","overlay-color":"","overlay-gradient":""}},"footnotes":""},"categories":[986,140],"tags":[22934,85680,230741,203258,222753,230742],"class_list":["post-116988","post","type-post","status-publish","format-standard","hentry","category-complutense-de-madrid","category-estomatologia-y-ortodoncia","tag-jose-francisco-lopez-lozano","tag-jose-m-Martinez-gonzalez","tag-jose-maria-buesa-barez","tag-jose-maria-suarez-quintanilla","tag-lara-san-hipolito-marin","tag-natalia-Martinez-rodriguez"],"_links":{"self":[{"href":"https:\/\/www.deberes.net\/tesis\/wp-json\/wp\/v2\/posts\/116988","targetHints":{"allow":["GET"]}}],"collection":[{"href":"https:\/\/www.deberes.net\/tesis\/wp-json\/wp\/v2\/posts"}],"about":[{"href":"https:\/\/www.deberes.net\/tesis\/wp-json\/wp\/v2\/types\/post"}],"author":[{"embeddable":true,"href":"https:\/\/www.deberes.net\/tesis\/wp-json\/wp\/v2\/users\/1"}],"replies":[{"embeddable":true,"href":"https:\/\/www.deberes.net\/tesis\/wp-json\/wp\/v2\/comments?post=116988"}],"version-history":[{"count":0,"href":"https:\/\/www.deberes.net\/tesis\/wp-json\/wp\/v2\/posts\/116988\/revisions"}],"wp:attachment":[{"href":"https:\/\/www.deberes.net\/tesis\/wp-json\/wp\/v2\/media?parent=116988"}],"wp:term":[{"taxonomy":"category","embeddable":true,"href":"https:\/\/www.deberes.net\/tesis\/wp-json\/wp\/v2\/categories?post=116988"},{"taxonomy":"post_tag","embeddable":true,"href":"https:\/\/www.deberes.net\/tesis\/wp-json\/wp\/v2\/tags?post=116988"}],"curies":[{"name":"wp","href":"https:\/\/api.w.org\/{rel}","templated":true}]}}