{"id":117010,"date":"2018-03-11T10:46:22","date_gmt":"2018-03-11T10:46:22","guid":{"rendered":"https:\/\/www.deberes.net\/tesis\/sin-categoria\/competitividad-y-bienestar-en-mexico-analisis-de-su-relacion-con-el-desarrollo-humano\/"},"modified":"2018-03-11T10:46:22","modified_gmt":"2018-03-11T10:46:22","slug":"competitividad-y-bienestar-en-mexico-analisis-de-su-relacion-con-el-desarrollo-humano","status":"publish","type":"post","link":"https:\/\/www.deberes.net\/tesis\/complutense-de-madrid\/competitividad-y-bienestar-en-mexico-analisis-de-su-relacion-con-el-desarrollo-humano\/","title":{"rendered":"Competitividad y bienestar en m\u00e9xico: an\u00e1lisis de su relaci\u00f3n con el desarrollo humano"},"content":{"rendered":"<h2>Tesis doctoral de <strong> Jorge  Alberto Ord\u00f3\u00f1ez Tovar <\/strong><\/h2>\n<p>La tesis recoge y revisa de forma cr\u00edtica la literatura sobre los conceptos de competitividad, desarrollo y bienestar y desarrollo humano, y sobre el papel del sector p\u00fablico en el desarrollo regional. A trav\u00e9s del an\u00e1lisis de un conjunto de indicadores referidos a los estados que integran los estados unidos mexicanos, se proponen unos indicadores sint\u00e9ticos de competitividad y bienestar que pueden proporcionar una gu\u00eda fiable \u00c2\u00bfajustada al actual \u00c2\u00bfestado de las artes\u00c2\u00bf- para el seguimiento de las pol\u00edticas p\u00fablicas de desarrollo regional por las instituciones comprometidas con este objetivo.Los principales objetivos y resultados alcanzados son:objetivo 1: \tvariables clave para medir la competitividad y el bienestar en los estados de m\u00e9xicose llev\u00f3 a cabo un an\u00e1lisis de componentes principales (acp) y se identificaron tres factores principales:factores\tvariables clave\tdefinici\u00f3nbienestar\tprotecci\u00f3n social\tderechohabientes \/ pea\tdesigualdad\t\u00edndice de gini\tpobreza\talimentaria\tporcentaje de la poblaci\u00f3n sin recursos suficientes para adquirir una canasta b\u00e1sica alimentaria\t\tde capacidades\tporcentaje de la poblaci\u00f3n sin recursos suficientes para adquirir la canasta b\u00e1sica alimentaria, y los servicios de salud o educaci\u00f3n.\t\tPatrimonial\tporcentaje de la poblaci\u00f3n sin recursos suficientes para adquirir la canasta b\u00e1sica alimentaria, as\u00ed como los gastos de salud, vestido, vivienda, transporte y educaci\u00f3ncompetitividad\tahorro privado\tcaptaci\u00f3n banca comercial per c\u00e1pita\tied per capita\tied \/ poblaci\u00f3n\tproductividad laboral\tpib \/ pearecaudaci\u00f3n fiscal\tpresi\u00f3n impositiva\tingresos por impuestos \/ total de ingresos\trecaudaci\u00f3n iva per capita\trecaudaci\u00f3n iva \/ poblaci\u00f3nobjetivo 2: \tidentificar, analizar y contrastar emp\u00edricamente la relaci\u00f3n entre competitividad y desarrollo humano en los estados de m\u00e9xico.A partir de los anteriores resultados se construy\u00f3 un \u00edndice de competitividad que integra las tres variables clave identificadas (ahorro privado, ied per capita y  productividad laboral). Aunque existen varios informes de competitividad para los estados mexicanos (imco y egap), nuestro \u00edndice permite su estimaci\u00f3n a partir de un n\u00famero reducido de variables, con una correlaci\u00f3n significativa con los \u00edndices disponibles.Para contrastar nuestra hip\u00f3tesis, se llev\u00f3 a cabo un an\u00e1lisis de correlaci\u00f3n entre nuestro \u00edndice de competitividad y el idh, que present\u00f3 una correlaci\u00f3n positiva y estad\u00edsticamente significativa entre competitividad y desarrollo humano, conforme a lo esperado.  Objetivo 3: \tidentificar, analizar y contrastar emp\u00edricamente la relaci\u00f3n entre bienestar y desarrollo humano en los estados de m\u00e9xico<\/p>\n<p>&nbsp;<\/p>\n<h3>Datos acad\u00e9micos de la tesis doctoral \u00ab<strong>Competitividad y bienestar en m\u00e9xico: an\u00e1lisis de su relaci\u00f3n con el desarrollo humano<\/strong>\u00ab<\/h3>\n<ul>\n<li><strong>T\u00edtulo de la tesis:<\/strong>\u00a0 Competitividad y bienestar en m\u00e9xico: an\u00e1lisis de su relaci\u00f3n con el desarrollo humano <\/li>\n<li><strong>Autor:<\/strong>\u00a0 Jorge  Alberto Ord\u00f3\u00f1ez Tovar <\/li>\n<li><strong>Universidad:<\/strong>\u00a0 Complutense de Madrid<\/li>\n<li><strong>Fecha de lectura de la tesis:<\/strong>\u00a0 15\/01\/2015<\/li>\n<\/ul>\n<p>&nbsp;<\/p>\n<h3>Direcci\u00f3n y tribunal<\/h3>\n<ul>\n<li><strong>Director de la tesis<\/strong>\n<ul>\n<li>Jos\u00e9 Vicente G\u00f3mez Rivas<\/li>\n<\/ul>\n<\/li>\n<li><strong>Tribunal<\/strong>\n<ul>\n<li>Presidente del tribunal: esther Del campo garcia <\/li>\n<li>Manuel Tranchez martin (vocal)<\/li>\n<li>encarnacion Murillo garcia (vocal)<\/li>\n<li>Jes\u00fas Ruiz-huerta  carbonell (vocal)<\/li>\n<\/ul>\n<\/li>\n<\/ul>\n<p>&nbsp;<\/p>\n","protected":false},"excerpt":{"rendered":"<p>Tesis doctoral de Jorge Alberto Ord\u00f3\u00f1ez Tovar La tesis recoge y revisa de forma cr\u00edtica la literatura sobre los conceptos [&hellip;]<\/p>\n","protected":false},"author":1,"featured_media":0,"comment_status":"open","ping_status":"open","sticky":false,"template":"","format":"standard","meta":{"site-sidebar-layout":"default","site-content-layout":"","ast-site-content-layout":"","site-content-style":"default","site-sidebar-style":"default","ast-global-header-display":"","ast-banner-title-visibility":"","ast-main-header-display":"","ast-hfb-above-header-display":"","ast-hfb-below-header-display":"","ast-hfb-mobile-header-display":"","site-post-title":"","ast-breadcrumbs-content":"","ast-featured-img":"","footer-sml-layout":"","theme-transparent-header-meta":"","adv-header-id-meta":"","stick-header-meta":"","header-above-stick-meta":"","header-main-stick-meta":"","header-below-stick-meta":"","astra-migrate-meta-layouts":"default","ast-page-background-enabled":"default","ast-page-background-meta":{"desktop":{"background-color":"var(--ast-global-color-4)","background-image":"","background-repeat":"repeat","background-position":"center center","background-size":"auto","background-attachment":"scroll","background-type":"","background-media":"","overlay-type":"","overlay-color":"","overlay-gradient":""},"tablet":{"background-color":"","background-image":"","background-repeat":"repeat","background-position":"center center","background-size":"auto","background-attachment":"scroll","background-type":"","background-media":"","overlay-type":"","overlay-color":"","overlay-gradient":""},"mobile":{"background-color":"","background-image":"","background-repeat":"repeat","background-position":"center center","background-size":"auto","background-attachment":"scroll","background-type":"","background-media":"","overlay-type":"","overlay-color":"","overlay-gradient":""}},"ast-content-background-meta":{"desktop":{"background-color":"var(--ast-global-color-5)","background-image":"","background-repeat":"repeat","background-position":"center center","background-size":"auto","background-attachment":"scroll","background-type":"","background-media":"","overlay-type":"","overlay-color":"","overlay-gradient":""},"tablet":{"background-color":"var(--ast-global-color-5)","background-image":"","background-repeat":"repeat","background-position":"center center","background-size":"auto","background-attachment":"scroll","background-type":"","background-media":"","overlay-type":"","overlay-color":"","overlay-gradient":""},"mobile":{"background-color":"var(--ast-global-color-5)","background-image":"","background-repeat":"repeat","background-position":"center center","background-size":"auto","background-attachment":"scroll","background-type":"","background-media":"","overlay-type":"","overlay-color":"","overlay-gradient":""}},"footnotes":""},"categories":[986,11756],"tags":[230776,37355,6841,230775,57053,38783],"class_list":["post-117010","post","type-post","status-publish","format-standard","hentry","category-complutense-de-madrid","category-geografia-del-desarrollo-regional","tag-encarnacion-murillo-garcia","tag-esther-del-campo-garcia","tag-jesus-ruiz-huerta-carbonell","tag-jorge-alberto-ordonez-tovar","tag-jose-vicente-gomez-rivas","tag-manuel-tranchez-martin"],"_links":{"self":[{"href":"https:\/\/www.deberes.net\/tesis\/wp-json\/wp\/v2\/posts\/117010","targetHints":{"allow":["GET"]}}],"collection":[{"href":"https:\/\/www.deberes.net\/tesis\/wp-json\/wp\/v2\/posts"}],"about":[{"href":"https:\/\/www.deberes.net\/tesis\/wp-json\/wp\/v2\/types\/post"}],"author":[{"embeddable":true,"href":"https:\/\/www.deberes.net\/tesis\/wp-json\/wp\/v2\/users\/1"}],"replies":[{"embeddable":true,"href":"https:\/\/www.deberes.net\/tesis\/wp-json\/wp\/v2\/comments?post=117010"}],"version-history":[{"count":0,"href":"https:\/\/www.deberes.net\/tesis\/wp-json\/wp\/v2\/posts\/117010\/revisions"}],"wp:attachment":[{"href":"https:\/\/www.deberes.net\/tesis\/wp-json\/wp\/v2\/media?parent=117010"}],"wp:term":[{"taxonomy":"category","embeddable":true,"href":"https:\/\/www.deberes.net\/tesis\/wp-json\/wp\/v2\/categories?post=117010"},{"taxonomy":"post_tag","embeddable":true,"href":"https:\/\/www.deberes.net\/tesis\/wp-json\/wp\/v2\/tags?post=117010"}],"curies":[{"name":"wp","href":"https:\/\/api.w.org\/{rel}","templated":true}]}}