{"id":117076,"date":"2018-03-11T10:46:27","date_gmt":"2018-03-11T10:46:27","guid":{"rendered":"https:\/\/www.deberes.net\/tesis\/sin-categoria\/informacion-y-pola%c2%adtica-exterior-en-la-transicion-espanola-1973-1986\/"},"modified":"2018-03-11T10:46:27","modified_gmt":"2018-03-11T10:46:27","slug":"informacion-y-pola%c2%adtica-exterior-en-la-transicion-espanola-1973-1986","status":"publish","type":"post","link":"https:\/\/www.deberes.net\/tesis\/historia-contemporanea-del-area-europea\/informacion-y-pola%c2%adtica-exterior-en-la-transicion-espanola-1973-1986\/","title":{"rendered":"Informaci\u00f3n y pol\u00edtica exterior en la transici\u00f3n espa\u00f1ola (1973-1986)"},"content":{"rendered":"<h2>Tesis doctoral de <strong> Juan  Manuel Fernandez Fernandez-cuesta <\/strong><\/h2>\n<p>La transici\u00f3n espa\u00f1ola a la democracia estableci\u00f3 las bases de una nueva relaci\u00f3n entre los medios de comunicaci\u00f3n y los responsables de la pol\u00edtica exterior, con influencia en la planificaci\u00f3n y la ejecuci\u00f3n de la acci\u00f3n exterior del estado, que aspiraba a su homologaci\u00f3n democr\u00e1tica y su reconocimiento internacional. Nuestro estudio se extiende al periodo 1973-1986. Recoge los primeros intentos de renovaci\u00f3n pol\u00edtica, social y period\u00edstica, y alcanza el a\u00f1o en que se culmina el ciclo de la transici\u00f3n exterior, con el ingreso de espa\u00f1a en la comunidad europea y el refer\u00e9ndum que consolida la pertenencia de nuestro pa\u00eds a la alianza atl\u00e1ntica. Tambi\u00e9n se remonta a los or\u00edgenes de la informaci\u00f3n diplom\u00e1tica en espa\u00f1a, en tiempos del general primo de rivera.Durante la transici\u00f3n, los funcionarios del servicio exterior acogieron lentamente pero sin resistencias los cambios democr\u00e1ticos y adoptaron posturas m\u00e1s colaboradoras y de mayor transparencia p\u00fablica, en contacto directo con los informadores, que, por su parte, se especializaron en el conocimiento de la agenda exterior, a la que concedieron un relieve sin precedentes. La nueva relaci\u00f3n tuvo consecuencias positivas para el resto de la sociedad espa\u00f1ola, que dispuso de mayor y mejor informaci\u00f3n en torno a la pol\u00edtica exterior.En esos a\u00f1os buena parte de la pol\u00edtica exterior se articul\u00f3 en torno a los viajes al exterior del rey y del presidente del gobierno, que, en sus contactos con los mandatarios extranjeros, buscaron el apoyo a las reformas emprendidas y la plena integraci\u00f3n de espa\u00f1a en las estructuras occidentales. Dedicamos un amplio espacio a la organizaci\u00f3n de esos viajes y nos detenemos en el primero del rey realizado al exterior como jefe de estado, a la rep\u00fablica dominicana y estados unidos, en 1976. Fue un desplazamiento de alto contenido pol\u00edtico que impuls\u00f3 el desarrollo democr\u00e1tico y permiti\u00f3 al monarca desplegar una actitud de proximidad y confianza con los representantes de los medios, que se mantuvo como signo distintivo de su comportamiento p\u00fablico. El seguimiento period\u00edstico de estos viajes favoreci\u00f3 la aparici\u00f3n en espa\u00f1a de la figura del corresponsal diplom\u00e1tico en su sentido moderno, como el periodista especializado en los temas de pol\u00edtica exterior, que se desarrolla en los medios de mayor prestigio y capacidad de influencia. Tambi\u00e9n la administraci\u00f3n hubo de renovar sus estructuras comunicativas, poco eficaces y obsoletas, dise\u00f1adas para un sistema pol\u00edtico que persegu\u00eda la libertad de expresi\u00f3n. La presencia activa de los medios en la ejecuci\u00f3n de la pol\u00edtica exterior es una caracter\u00edstica de la transici\u00f3n espa\u00f1ola, que no observamos en otros procesos de cambio social y pol\u00edtico vividos en europa y am\u00e9rica.  Mediante su labor cr\u00edtica, los medios influyeron en el desarrollo de la pol\u00edtica exterior espa\u00f1ola, cuyos responsables eran conscientes de que, por primera vez, ejecutaban su acci\u00f3n sometidos al control parlamentario y al escrutinio de la opini\u00f3n p\u00fablica.La prensa intent\u00f3 influir en la pol\u00edtica exterior del gobierno, y \u00e9ste pretendi\u00f3 orientar las informaciones para transmitir a los ciudadanos la versi\u00f3n de los hechos m\u00e1s favorable a sus posiciones. Ambas partes desarrollaron as\u00ed los m\u00e9todos cl\u00e1sicos de la  dial\u00e9ctica entre los medios y el poder.   El gobierno escuch\u00f3 las cr\u00edticas y valor\u00f3 los comentarios que recib\u00eda desde los m\u00e1s prestigiosos medios, pero sin que esta actitud receptiva le hiciera modificar sus principales decisiones en materia de pol\u00edtica exterior. Creemos, por tanto, que los gobiernos democr\u00e1ticos de la transici\u00f3n, tanto centristas como socialistas, desarrollaron una pol\u00edtica exterior aut\u00f3noma respecto a los medios de comunicaci\u00f3n y que, en este sentido, fueron plenos responsables de sus iniciativas y de su puesta en pr\u00e1ctica.<\/p>\n<p>&nbsp;<\/p>\n<h3>Datos acad\u00e9micos de la tesis doctoral \u00ab<strong>Informaci\u00f3n y pol\u00edtica exterior en la transici\u00f3n espa\u00f1ola (1973-1986)<\/strong>\u00ab<\/h3>\n<ul>\n<li><strong>T\u00edtulo de la tesis:<\/strong>\u00a0 Informaci\u00f3n y pol\u00edtica exterior en la transici\u00f3n espa\u00f1ola (1973-1986) <\/li>\n<li><strong>Autor:<\/strong>\u00a0 Juan  Manuel Fernandez Fernandez-cuesta <\/li>\n<li><strong>Universidad:<\/strong>\u00a0 Complutense de Madrid<\/li>\n<li><strong>Fecha de lectura de la tesis:<\/strong>\u00a0 28\/01\/2015<\/li>\n<\/ul>\n<p>&nbsp;<\/p>\n<h3>Direcci\u00f3n y tribunal<\/h3>\n<ul>\n<li><strong>Director de la tesis<\/strong>\n<ul>\n<li>Juan  Carlos Pereira Casta\u00f1ares<\/li>\n<\/ul>\n<\/li>\n<li><strong>Tribunal<\/strong>\n<ul>\n<li>Presidente del tribunal: Juan  pablo Fusi aizpurua <\/li>\n<li>matilde Eiroa san Francisco (vocal)<\/li>\n<li>carmona Juan  Francisco Torregrosa carmona (vocal)<\/li>\n<li>encarnacion Lemus lopez (vocal)<\/li>\n<\/ul>\n<\/li>\n<\/ul>\n<p>&nbsp;<\/p>\n","protected":false},"excerpt":{"rendered":"<p>Tesis doctoral de Juan Manuel Fernandez Fernandez-cuesta La transici\u00f3n espa\u00f1ola a la democracia estableci\u00f3 las bases de una nueva relaci\u00f3n [&hellip;]<\/p>\n","protected":false},"author":1,"featured_media":0,"comment_status":"open","ping_status":"open","sticky":false,"template":"","format":"standard","meta":{"site-sidebar-layout":"default","site-content-layout":"","ast-site-content-layout":"","site-content-style":"default","site-sidebar-style":"default","ast-global-header-display":"","ast-banner-title-visibility":"","ast-main-header-display":"","ast-hfb-above-header-display":"","ast-hfb-below-header-display":"","ast-hfb-mobile-header-display":"","site-post-title":"","ast-breadcrumbs-content":"","ast-featured-img":"","footer-sml-layout":"","theme-transparent-header-meta":"","adv-header-id-meta":"","stick-header-meta":"","header-above-stick-meta":"","header-main-stick-meta":"","header-below-stick-meta":"","astra-migrate-meta-layouts":"default","ast-page-background-enabled":"default","ast-page-background-meta":{"desktop":{"background-color":"var(--ast-global-color-4)","background-image":"","background-repeat":"repeat","background-position":"center center","background-size":"auto","background-attachment":"scroll","background-type":"","background-media":"","overlay-type":"","overlay-color":"","overlay-gradient":""},"tablet":{"background-color":"","background-image":"","background-repeat":"repeat","background-position":"center center","background-size":"auto","background-attachment":"scroll","background-type":"","background-media":"","overlay-type":"","overlay-color":"","overlay-gradient":""},"mobile":{"background-color":"","background-image":"","background-repeat":"repeat","background-position":"center center","background-size":"auto","background-attachment":"scroll","background-type":"","background-media":"","overlay-type":"","overlay-color":"","overlay-gradient":""}},"ast-content-background-meta":{"desktop":{"background-color":"var(--ast-global-color-5)","background-image":"","background-repeat":"repeat","background-position":"center center","background-size":"auto","background-attachment":"scroll","background-type":"","background-media":"","overlay-type":"","overlay-color":"","overlay-gradient":""},"tablet":{"background-color":"var(--ast-global-color-5)","background-image":"","background-repeat":"repeat","background-position":"center center","background-size":"auto","background-attachment":"scroll","background-type":"","background-media":"","overlay-type":"","overlay-color":"","overlay-gradient":""},"mobile":{"background-color":"var(--ast-global-color-5)","background-image":"","background-repeat":"repeat","background-position":"center center","background-size":"auto","background-attachment":"scroll","background-type":"","background-media":"","overlay-type":"","overlay-color":"","overlay-gradient":""}},"footnotes":""},"categories":[986,353],"tags":[77215,38886,6905,230877,6662,139683],"class_list":["post-117076","post","type-post","status-publish","format-standard","hentry","category-complutense-de-madrid","category-historia-contemporanea-del-area-europea","tag-carmona-juan-francisco-torregrosa-carmona","tag-encarnacion-lemus-lopez","tag-juan-carlos-pereira-castanares","tag-juan-manuel-fernandez-fernandez-cuesta","tag-juan-pablo-fusi-aizpurua","tag-matilde-eiroa-san-francisco"],"_links":{"self":[{"href":"https:\/\/www.deberes.net\/tesis\/wp-json\/wp\/v2\/posts\/117076","targetHints":{"allow":["GET"]}}],"collection":[{"href":"https:\/\/www.deberes.net\/tesis\/wp-json\/wp\/v2\/posts"}],"about":[{"href":"https:\/\/www.deberes.net\/tesis\/wp-json\/wp\/v2\/types\/post"}],"author":[{"embeddable":true,"href":"https:\/\/www.deberes.net\/tesis\/wp-json\/wp\/v2\/users\/1"}],"replies":[{"embeddable":true,"href":"https:\/\/www.deberes.net\/tesis\/wp-json\/wp\/v2\/comments?post=117076"}],"version-history":[{"count":0,"href":"https:\/\/www.deberes.net\/tesis\/wp-json\/wp\/v2\/posts\/117076\/revisions"}],"wp:attachment":[{"href":"https:\/\/www.deberes.net\/tesis\/wp-json\/wp\/v2\/media?parent=117076"}],"wp:term":[{"taxonomy":"category","embeddable":true,"href":"https:\/\/www.deberes.net\/tesis\/wp-json\/wp\/v2\/categories?post=117076"},{"taxonomy":"post_tag","embeddable":true,"href":"https:\/\/www.deberes.net\/tesis\/wp-json\/wp\/v2\/tags?post=117076"}],"curies":[{"name":"wp","href":"https:\/\/api.w.org\/{rel}","templated":true}]}}