{"id":117082,"date":"2018-03-11T10:46:27","date_gmt":"2018-03-11T10:46:27","guid":{"rendered":"https:\/\/www.deberes.net\/tesis\/sin-categoria\/resiliencia-y-ajuste-psicosocial-en-la-adolescencia\/"},"modified":"2018-03-11T10:46:27","modified_gmt":"2018-03-11T10:46:27","slug":"resiliencia-y-ajuste-psicosocial-en-la-adolescencia","status":"publish","type":"post","link":"https:\/\/www.deberes.net\/tesis\/psicologia-escolar\/resiliencia-y-ajuste-psicosocial-en-la-adolescencia\/","title":{"rendered":"Resiliencia y ajuste psicosocial en la adolescencia"},"content":{"rendered":"<h2>Tesis doctoral de <strong> Estibaliz Ramos Diaz <\/strong><\/h2>\n<p>Esta investigaci\u00f3n surge con el objetivo de someter a prueba un modelo te\u00f3rico seg\u00fan el cual el ajuste personal y el ajuste social en la adolescencia dependen de la resiliencia y el autoconcepto de los\/las estudiantes, ejerciendo el apoyo social percibido un efecto tanto sobre ambas variables psicol\u00f3gicas como sobre los indicadores de ajuste psicosocial: el bienestar subjetivo, en cuanto \u00edndice de ajuste psicol\u00f3gico, y la implicaci\u00f3n escolar, como caracter\u00edstica del desarrollo social en el contexto educativo. Participan en el estudio 1250 estudiantes de educaci\u00f3n secundaria obligatoria (eso) (m=13.72, dt=1.09) escolarizados\/as en centros educativos de titularidad p\u00fablica y concertada pertenecientes a la comunidad aut\u00f3noma del pa\u00eds vasco. Se utiliza una bater\u00eda de siete instrumentos de medida: escala de resiliencia de connor y davidson (cd-risc), escala de satisfacci\u00f3n con la vida (swls), escala de balance afectivo (eba), cuestionario de implicaci\u00f3n escolar (sem), cuestionario de autoconcepto multidimensional (audim), cuestionario de apoyo social percibido de familiares y amigos\/as (afa) y la escala de percepci\u00f3n del entorno escolar del cuestionario hbsc-2010. Los datos obtenidos indican que la resiliencia guarda una relaci\u00f3n positiva con el ajuste psicosocial, de tal forma que cuanto m\u00e1s elevado sea el nivel de resiliencia, mayor bienestar subjetivo experimenta el\/la adolescente y m\u00e1s se implica a nivel escolar. Tambi\u00e9n se ha analizado esta relaci\u00f3n en funci\u00f3n de variables sociopersonales, encontr\u00e1ndose, como norma general, que el ajuste psicosocial vinculado con la resiliencia es m\u00e1s alto en los\/las adolescentes de 12-13 a\u00f1os frente a los\/las de 14-15 a\u00f1os, en quienes cursan 1\u00c2\u00ba de eso frente a quienes cursan 4\u00c2\u00ba de eso, en los chicos frente a las chicas en bienestar subjetivo y en las chicas frente a los chicos en implicaci\u00f3n escolar. Por \u00faltimo, el modelo estructural sometido a indagaci\u00f3n emp\u00edrica ha permitido verificar el papel de la resiliencia como variable decisiva en la predicci\u00f3n del ajuste psicosocial en interacci\u00f3n con el autoconcepto y el apoyo social percibido.<\/p>\n<p>&nbsp;<\/p>\n<h3>Datos acad\u00e9micos de la tesis doctoral \u00ab<strong>Resiliencia y ajuste psicosocial en la adolescencia<\/strong>\u00ab<\/h3>\n<ul>\n<li><strong>T\u00edtulo de la tesis:<\/strong>\u00a0 Resiliencia y ajuste psicosocial en la adolescencia <\/li>\n<li><strong>Autor:<\/strong>\u00a0 Estibaliz Ramos Diaz <\/li>\n<li><strong>Universidad:<\/strong>\u00a0 Pa\u00eds vasco\/euskal herriko unibertsitatea<\/li>\n<li><strong>Fecha de lectura de la tesis:<\/strong>\u00a0 30\/01\/2015<\/li>\n<\/ul>\n<p>&nbsp;<\/p>\n<h3>Direcci\u00f3n y tribunal<\/h3>\n<ul>\n<li><strong>Director de la tesis<\/strong>\n<ul>\n<li>Arantzazu Rodriguez Fernandez<\/li>\n<\/ul>\n<\/li>\n<li><strong>Tribunal<\/strong>\n<ul>\n<li>Presidente del tribunal: alfredo Go\u00f1i grandmontagne <\/li>\n<li>Jos\u00e9 Mar\u00eda Roman sanchez (vocal)<\/li>\n<li>Miguel \u00e1ngel Carbonero mart\u00edn (vocal)<\/li>\n<li>Mar\u00eda consuelo Saiz manzanares (vocal)<\/li>\n<\/ul>\n<\/li>\n<\/ul>\n<p>&nbsp;<\/p>\n","protected":false},"excerpt":{"rendered":"<p>Tesis doctoral de Estibaliz Ramos Diaz Esta investigaci\u00f3n surge con el objetivo de someter a prueba un modelo te\u00f3rico seg\u00fan [&hellip;]<\/p>\n","protected":false},"author":1,"featured_media":0,"comment_status":"open","ping_status":"open","sticky":false,"template":"","format":"standard","meta":{"site-sidebar-layout":"default","site-content-layout":"","ast-site-content-layout":"","site-content-style":"default","site-sidebar-style":"default","ast-global-header-display":"","ast-banner-title-visibility":"","ast-main-header-display":"","ast-hfb-above-header-display":"","ast-hfb-below-header-display":"","ast-hfb-mobile-header-display":"","site-post-title":"","ast-breadcrumbs-content":"","ast-featured-img":"","footer-sml-layout":"","theme-transparent-header-meta":"","adv-header-id-meta":"","stick-header-meta":"","header-above-stick-meta":"","header-main-stick-meta":"","header-below-stick-meta":"","astra-migrate-meta-layouts":"default","ast-page-background-enabled":"default","ast-page-background-meta":{"desktop":{"background-color":"var(--ast-global-color-4)","background-image":"","background-repeat":"repeat","background-position":"center center","background-size":"auto","background-attachment":"scroll","background-type":"","background-media":"","overlay-type":"","overlay-color":"","overlay-gradient":""},"tablet":{"background-color":"","background-image":"","background-repeat":"repeat","background-position":"center center","background-size":"auto","background-attachment":"scroll","background-type":"","background-media":"","overlay-type":"","overlay-color":"","overlay-gradient":""},"mobile":{"background-color":"","background-image":"","background-repeat":"repeat","background-position":"center center","background-size":"auto","background-attachment":"scroll","background-type":"","background-media":"","overlay-type":"","overlay-color":"","overlay-gradient":""}},"ast-content-background-meta":{"desktop":{"background-color":"var(--ast-global-color-5)","background-image":"","background-repeat":"repeat","background-position":"center center","background-size":"auto","background-attachment":"scroll","background-type":"","background-media":"","overlay-type":"","overlay-color":"","overlay-gradient":""},"tablet":{"background-color":"var(--ast-global-color-5)","background-image":"","background-repeat":"repeat","background-position":"center center","background-size":"auto","background-attachment":"scroll","background-type":"","background-media":"","overlay-type":"","overlay-color":"","overlay-gradient":""},"mobile":{"background-color":"var(--ast-global-color-5)","background-image":"","background-repeat":"repeat","background-position":"center center","background-size":"auto","background-attachment":"scroll","background-type":"","background-media":"","overlay-type":"","overlay-color":"","overlay-gradient":""}},"footnotes":""},"categories":[12909,460,2758],"tags":[28063,148916,230887,5139,217352,9470],"class_list":["post-117082","post","type-post","status-publish","format-standard","hentry","category-pais-vasco-euskal-herriko-unibertsitatea","category-psicologia-escolar","category-psicologia-evolutiva","tag-alfredo-goni-grandmontagne","tag-arantzazu-rodriguez-fernandez","tag-estibaliz-ramos-diaz","tag-jose-maria-roman-sanchez","tag-maria-consuelo-saiz-manzanares","tag-miguel-angel-carbonero-martin"],"_links":{"self":[{"href":"https:\/\/www.deberes.net\/tesis\/wp-json\/wp\/v2\/posts\/117082","targetHints":{"allow":["GET"]}}],"collection":[{"href":"https:\/\/www.deberes.net\/tesis\/wp-json\/wp\/v2\/posts"}],"about":[{"href":"https:\/\/www.deberes.net\/tesis\/wp-json\/wp\/v2\/types\/post"}],"author":[{"embeddable":true,"href":"https:\/\/www.deberes.net\/tesis\/wp-json\/wp\/v2\/users\/1"}],"replies":[{"embeddable":true,"href":"https:\/\/www.deberes.net\/tesis\/wp-json\/wp\/v2\/comments?post=117082"}],"version-history":[{"count":0,"href":"https:\/\/www.deberes.net\/tesis\/wp-json\/wp\/v2\/posts\/117082\/revisions"}],"wp:attachment":[{"href":"https:\/\/www.deberes.net\/tesis\/wp-json\/wp\/v2\/media?parent=117082"}],"wp:term":[{"taxonomy":"category","embeddable":true,"href":"https:\/\/www.deberes.net\/tesis\/wp-json\/wp\/v2\/categories?post=117082"},{"taxonomy":"post_tag","embeddable":true,"href":"https:\/\/www.deberes.net\/tesis\/wp-json\/wp\/v2\/tags?post=117082"}],"curies":[{"name":"wp","href":"https:\/\/api.w.org\/{rel}","templated":true}]}}