{"id":11709,"date":"2018-03-09T08:57:12","date_gmt":"2018-03-09T08:57:12","guid":{"rendered":"https:\/\/www.deberes.net\/tesis\/sin-categoria\/la-influencia-de-la-inmigracion-alemana-en-el-desarrollo-de-la-ciudad-de-erechim\/"},"modified":"2018-03-09T08:57:12","modified_gmt":"2018-03-09T08:57:12","slug":"la-influencia-de-la-inmigracion-alemana-en-el-desarrollo-de-la-ciudad-de-erechim","status":"publish","type":"post","link":"https:\/\/www.deberes.net\/tesis\/historia\/la-influencia-de-la-inmigracion-alemana-en-el-desarrollo-de-la-ciudad-de-erechim\/","title":{"rendered":"La influencia de la inmigracion alemana en el desarrollo de la ciudad de erechim"},"content":{"rendered":"<h2>Tesis doctoral de <strong> Vitor Patzer Lauro <\/strong><\/h2>\n<p>La investigacion se inscribe en el campo de la historia de los movimientos migratorios del viejo continente.  se estudia, basandose en fuentes documentales y orales, la inmigraci\u00f3n teuto-rusa a brasil desde principios del siglo xx. Se analizan las causas politicas, socio-economicas y culturales del proceso, tanto desde el punto de vista europeo, como desde la optima brasile\u00f1a.  el nucleo del trabajo se dedica al analisis del asentamiento que, por decisi\u00f3n del estado brasile\u00f1o, dio lugar a la fundacion de erechim, en rio grande do sul, en 1908. Tras el nacimiento de la colonia se analiza la evoluci\u00f3n de la comunidad alemana en ella, los medios de los que se vali\u00f3 para mantener su lengua y costumbres -iglesia y escuela- su relaci\u00f3n con otros colectivos de inmigrantes -polacos, italianos, hispanos&#8230;-; La incidencia de la dictadura de getulio vargas y su politica de exaltaci\u00f3n nacional en la comunidad germanica; finalmente se estudia cuantitativamente la influencia alemana en los diversos sectores productivos y en la cultura brasile\u00f1a.  la tesis incluye el correspondiente capitulo de fuentes, metodolog\u00eda y bibliografia. Se acompa\u00f1a de un tomo de anexos y de buen numero de fotos, graficas y mapas, para potenciar su valor didactico.<\/p>\n<p>&nbsp;<\/p>\n<h3>Datos acad\u00e9micos de la tesis doctoral \u00ab<strong>La influencia de la inmigracion alemana en el desarrollo de la ciudad de erechim<\/strong>\u00ab<\/h3>\n<ul>\n<li><strong>T\u00edtulo de la tesis:<\/strong>\u00a0 La influencia de la inmigracion alemana en el desarrollo de la ciudad de erechim <\/li>\n<li><strong>Autor:<\/strong>\u00a0 Vitor Patzer Lauro <\/li>\n<li><strong>Universidad:<\/strong>\u00a0 Le\u00f3n<\/li>\n<li><strong>Fecha de lectura de la tesis:<\/strong>\u00a0 28\/06\/2001<\/li>\n<\/ul>\n<p>&nbsp;<\/p>\n<h3>Direcci\u00f3n y tribunal<\/h3>\n<ul>\n<li><strong>Director de la tesis<\/strong>\n<ul>\n<li>Jes\u00fas Paniagua Perez<\/li>\n<\/ul>\n<\/li>\n<li><strong>Tribunal<\/strong>\n<ul>\n<li>Presidente del tribunal:  Mijares perez Jos\u00e9 lucio <\/li>\n<li> Nieto iba\u00f1ez Jes\u00fas M\u00aa (vocal)<\/li>\n<li>dolores Perez murillo (vocal)<\/li>\n<li>carmen Martinez Martinez (vocal)<\/li>\n<\/ul>\n<\/li>\n<\/ul>\n<p>&nbsp;<\/p>\n","protected":false},"excerpt":{"rendered":"<p>Tesis doctoral de Vitor Patzer Lauro La investigacion se inscribe en el campo de la historia de los movimientos migratorios [&hellip;]<\/p>\n","protected":false},"author":1,"featured_media":0,"comment_status":"open","ping_status":"open","sticky":false,"template":"","format":"standard","meta":{"site-sidebar-layout":"default","site-content-layout":"","ast-site-content-layout":"","site-content-style":"default","site-sidebar-style":"default","ast-global-header-display":"","ast-banner-title-visibility":"","ast-main-header-display":"","ast-hfb-above-header-display":"","ast-hfb-below-header-display":"","ast-hfb-mobile-header-display":"","site-post-title":"","ast-breadcrumbs-content":"","ast-featured-img":"","footer-sml-layout":"","theme-transparent-header-meta":"","adv-header-id-meta":"","stick-header-meta":"","header-above-stick-meta":"","header-main-stick-meta":"","header-below-stick-meta":"","astra-migrate-meta-layouts":"default","ast-page-background-enabled":"default","ast-page-background-meta":{"desktop":{"background-color":"var(--ast-global-color-4)","background-image":"","background-repeat":"repeat","background-position":"center center","background-size":"auto","background-attachment":"scroll","background-type":"","background-media":"","overlay-type":"","overlay-color":"","overlay-gradient":""},"tablet":{"background-color":"","background-image":"","background-repeat":"repeat","background-position":"center center","background-size":"auto","background-attachment":"scroll","background-type":"","background-media":"","overlay-type":"","overlay-color":"","overlay-gradient":""},"mobile":{"background-color":"","background-image":"","background-repeat":"repeat","background-position":"center center","background-size":"auto","background-attachment":"scroll","background-type":"","background-media":"","overlay-type":"","overlay-color":"","overlay-gradient":""}},"ast-content-background-meta":{"desktop":{"background-color":"var(--ast-global-color-5)","background-image":"","background-repeat":"repeat","background-position":"center center","background-size":"auto","background-attachment":"scroll","background-type":"","background-media":"","overlay-type":"","overlay-color":"","overlay-gradient":""},"tablet":{"background-color":"var(--ast-global-color-5)","background-image":"","background-repeat":"repeat","background-position":"center center","background-size":"auto","background-attachment":"scroll","background-type":"","background-media":"","overlay-type":"","overlay-color":"","overlay-gradient":""},"mobile":{"background-color":"var(--ast-global-color-5)","background-image":"","background-repeat":"repeat","background-position":"center center","background-size":"auto","background-attachment":"scroll","background-type":"","background-media":"","overlay-type":"","overlay-color":"","overlay-gradient":""}},"footnotes":""},"categories":[104,1816,6049,639,220,981,4430],"tags":[38424,38423,11222,38421,38422,38420],"class_list":["post-11709","post","type-post","status-publish","format-standard","hentry","category-historia","category-historia-contemporanea","category-historia-contemporanea-del-area-americana","category-historia-de-paises","category-historia-por-epocas","category-historia-regional","category-leon","tag-carmen-Martinez-Martinez","tag-dolores-perez-murillo","tag-jesus-paniagua-perez","tag-mijares-perez-jose-lucio","tag-nieto-ibanez-jesus-ma","tag-vitor-patzer-lauro"],"_links":{"self":[{"href":"https:\/\/www.deberes.net\/tesis\/wp-json\/wp\/v2\/posts\/11709","targetHints":{"allow":["GET"]}}],"collection":[{"href":"https:\/\/www.deberes.net\/tesis\/wp-json\/wp\/v2\/posts"}],"about":[{"href":"https:\/\/www.deberes.net\/tesis\/wp-json\/wp\/v2\/types\/post"}],"author":[{"embeddable":true,"href":"https:\/\/www.deberes.net\/tesis\/wp-json\/wp\/v2\/users\/1"}],"replies":[{"embeddable":true,"href":"https:\/\/www.deberes.net\/tesis\/wp-json\/wp\/v2\/comments?post=11709"}],"version-history":[{"count":0,"href":"https:\/\/www.deberes.net\/tesis\/wp-json\/wp\/v2\/posts\/11709\/revisions"}],"wp:attachment":[{"href":"https:\/\/www.deberes.net\/tesis\/wp-json\/wp\/v2\/media?parent=11709"}],"wp:term":[{"taxonomy":"category","embeddable":true,"href":"https:\/\/www.deberes.net\/tesis\/wp-json\/wp\/v2\/categories?post=11709"},{"taxonomy":"post_tag","embeddable":true,"href":"https:\/\/www.deberes.net\/tesis\/wp-json\/wp\/v2\/tags?post=11709"}],"curies":[{"name":"wp","href":"https:\/\/api.w.org\/{rel}","templated":true}]}}