{"id":117114,"date":"2015-09-02T00:00:00","date_gmt":"2015-09-02T00:00:00","guid":{"rendered":"https:\/\/www.deberes.net\/tesis\/sin-categoria\/sostenibilitat-tecnica-economica-y-ambiental-de-flotas-comerciales-de-veha%c2%adculos-electricos\/"},"modified":"2015-09-02T00:00:00","modified_gmt":"2015-09-02T00:00:00","slug":"sostenibilitat-tecnica-economica-y-ambiental-de-flotas-comerciales-de-veha%c2%adculos-electricos","status":"publish","type":"post","link":"https:\/\/www.deberes.net\/tesis\/ingenieria-y-tecnologia-electricas\/sostenibilitat-tecnica-economica-y-ambiental-de-flotas-comerciales-de-veha%c2%adculos-electricos\/","title":{"rendered":"Sostenibilitat t\u00e9cnica econ\u00f3mica y ambiental de flotas comerciales de veh\u00edculos el\u00e9ctricos"},"content":{"rendered":"<h2>Tesis doctoral de <strong> Silvia Cestau Cubero <\/strong><\/h2>\n<p>Esta tesis analiza si el veh\u00edculo el\u00e9ctrico es sostenible t\u00e9cnica, econ\u00f3mica y ambientalmente y puede sustituir a un veh\u00edculo de combusti\u00f3n interna, estudiando la flota de veh\u00edculos el\u00e9ctricos de una empresa que tiene un servicio de carsharing contratado para el desplazamiento de sus comerciales.  para ello, se han examinado los trayectos de ocho veh\u00edculos el\u00e9ctricos en seis ciudades espa\u00f1olas a trav\u00e9s de los datos obtenidos de su can bus mediante el ucv (equipo embarcado) durante los a\u00f1os 2012 y 2013. Adem\u00e1s, se han realizado medidas de la carga de la bater\u00eda, para conocer su comportamiento (autonom\u00eda, autodescarga y envejecimiento) y sus consumos energ\u00e9ticos.  El objetivo es estudiar su ciclo de vida, valorando su eficiencia y efectos ambientales (emisiones de co2 y ruido), y concluir cuantificando su impacto econ\u00f3mico  (combustibles y coste total de la propiedad) y otras posibles ventajas asociadas al veh\u00edculo el\u00e9ctrico (responsabilidad social corporativa, exenci\u00f3n de impuestos, etc). palabras clave: flota de veh\u00edculos el\u00e9ctricos, bater\u00edas zebra, carsharing, cero emisiones co2.<\/p>\n<p>&nbsp;<\/p>\n<h3>Datos acad\u00e9micos de la tesis doctoral \u00ab<strong>Sostenibilitat t\u00e9cnica econ\u00f3mica y ambiental de flotas comerciales de veh\u00edculos el\u00e9ctricos<\/strong>\u00ab<\/h3>\n<ul>\n<li><strong>T\u00edtulo de la tesis:<\/strong>\u00a0 Sostenibilitat t\u00e9cnica econ\u00f3mica y ambiental de flotas comerciales de veh\u00edculos el\u00e9ctricos <\/li>\n<li><strong>Autor:<\/strong>\u00a0 Silvia Cestau Cubero <\/li>\n<li><strong>Universidad:<\/strong>\u00a0 Polit\u00e9cnica de catalunya<\/li>\n<li><strong>Fecha de lectura de la tesis:<\/strong>\u00a0 09\/02\/2015<\/li>\n<\/ul>\n<p>&nbsp;<\/p>\n<h3>Direcci\u00f3n y tribunal<\/h3>\n<ul>\n<li><strong>Director de la tesis<\/strong>\n<ul>\n<li>Roberto Villaf\u00e1fila Robles<\/li>\n<\/ul>\n<\/li>\n<li><strong>Tribunal<\/strong>\n<ul>\n<li>Presidente del tribunal: Luis Hern\u00e1ndez callejo <\/li>\n<li>Juan  Alberto Pizarro ruiz (vocal)<\/li>\n<li>  (vocal)<\/li>\n<li>  (vocal)<\/li>\n<\/ul>\n<\/li>\n<\/ul>\n<p>&nbsp;<\/p>\n","protected":false},"excerpt":{"rendered":"<p>Tesis doctoral de Silvia Cestau Cubero Esta tesis analiza si el veh\u00edculo el\u00e9ctrico es sostenible t\u00e9cnica, econ\u00f3mica y ambientalmente y [&hellip;]<\/p>\n","protected":false},"author":1,"featured_media":0,"comment_status":"open","ping_status":"open","sticky":false,"template":"","format":"standard","meta":{"site-sidebar-layout":"default","site-content-layout":"","ast-site-content-layout":"","site-content-style":"default","site-sidebar-style":"default","ast-global-header-display":"","ast-banner-title-visibility":"","ast-main-header-display":"","ast-hfb-above-header-display":"","ast-hfb-below-header-display":"","ast-hfb-mobile-header-display":"","site-post-title":"","ast-breadcrumbs-content":"","ast-featured-img":"","footer-sml-layout":"","theme-transparent-header-meta":"","adv-header-id-meta":"","stick-header-meta":"","header-above-stick-meta":"","header-main-stick-meta":"","header-below-stick-meta":"","astra-migrate-meta-layouts":"default","ast-page-background-enabled":"default","ast-page-background-meta":{"desktop":{"background-color":"var(--ast-global-color-4)","background-image":"","background-repeat":"repeat","background-position":"center center","background-size":"auto","background-attachment":"scroll","background-type":"","background-media":"","overlay-type":"","overlay-color":"","overlay-gradient":""},"tablet":{"background-color":"","background-image":"","background-repeat":"repeat","background-position":"center center","background-size":"auto","background-attachment":"scroll","background-type":"","background-media":"","overlay-type":"","overlay-color":"","overlay-gradient":""},"mobile":{"background-color":"","background-image":"","background-repeat":"repeat","background-position":"center center","background-size":"auto","background-attachment":"scroll","background-type":"","background-media":"","overlay-type":"","overlay-color":"","overlay-gradient":""}},"ast-content-background-meta":{"desktop":{"background-color":"var(--ast-global-color-5)","background-image":"","background-repeat":"repeat","background-position":"center center","background-size":"auto","background-attachment":"scroll","background-type":"","background-media":"","overlay-type":"","overlay-color":"","overlay-gradient":""},"tablet":{"background-color":"var(--ast-global-color-5)","background-image":"","background-repeat":"repeat","background-position":"center center","background-size":"auto","background-attachment":"scroll","background-type":"","background-media":"","overlay-type":"","overlay-color":"","overlay-gradient":""},"mobile":{"background-color":"var(--ast-global-color-5)","background-image":"","background-repeat":"repeat","background-position":"center center","background-size":"auto","background-attachment":"scroll","background-type":"","background-media":"","overlay-type":"","overlay-color":"","overlay-gradient":""}},"footnotes":""},"categories":[13391,8096,15596],"tags":[227980,230930,197297,230929],"class_list":["post-117114","post","type-post","status-publish","format-standard","hentry","category-aplicaciones-electricas","category-ingenieria-y-tecnologia-electricas","category-politecnica-de-catalunya","tag-juan-alberto-pizarro-ruiz","tag-luis-hernandez-callejo","tag-roberto-villafafila-robles","tag-silvia-cestau-cubero"],"_links":{"self":[{"href":"https:\/\/www.deberes.net\/tesis\/wp-json\/wp\/v2\/posts\/117114","targetHints":{"allow":["GET"]}}],"collection":[{"href":"https:\/\/www.deberes.net\/tesis\/wp-json\/wp\/v2\/posts"}],"about":[{"href":"https:\/\/www.deberes.net\/tesis\/wp-json\/wp\/v2\/types\/post"}],"author":[{"embeddable":true,"href":"https:\/\/www.deberes.net\/tesis\/wp-json\/wp\/v2\/users\/1"}],"replies":[{"embeddable":true,"href":"https:\/\/www.deberes.net\/tesis\/wp-json\/wp\/v2\/comments?post=117114"}],"version-history":[{"count":0,"href":"https:\/\/www.deberes.net\/tesis\/wp-json\/wp\/v2\/posts\/117114\/revisions"}],"wp:attachment":[{"href":"https:\/\/www.deberes.net\/tesis\/wp-json\/wp\/v2\/media?parent=117114"}],"wp:term":[{"taxonomy":"category","embeddable":true,"href":"https:\/\/www.deberes.net\/tesis\/wp-json\/wp\/v2\/categories?post=117114"},{"taxonomy":"post_tag","embeddable":true,"href":"https:\/\/www.deberes.net\/tesis\/wp-json\/wp\/v2\/tags?post=117114"}],"curies":[{"name":"wp","href":"https:\/\/api.w.org\/{rel}","templated":true}]}}