{"id":117144,"date":"2018-03-11T10:46:32","date_gmt":"2018-03-11T10:46:32","guid":{"rendered":"https:\/\/www.deberes.net\/tesis\/sin-categoria\/regulacion-y-periodismo-en-bolivia-alcances-y-la%c2%admites\/"},"modified":"2018-03-11T10:46:32","modified_gmt":"2018-03-11T10:46:32","slug":"regulacion-y-periodismo-en-bolivia-alcances-y-la%c2%admites","status":"publish","type":"post","link":"https:\/\/www.deberes.net\/tesis\/complutense-de-madrid\/regulacion-y-periodismo-en-bolivia-alcances-y-la%c2%admites\/","title":{"rendered":"Regulaci\u00f3n y periodismo en bolivia alcances y l\u00edmites"},"content":{"rendered":"<h2>Tesis doctoral de <strong> Alfredo Antonio Gomez Mallea <\/strong><\/h2>\n<p>Este estudio se basa en la hip\u00f3tesis de que la inclusi\u00f3n constitucional del derecho a la informaci\u00f3n y la comunicaci\u00f3n, as\u00ed como la legislaci\u00f3n conexa que se ha promulgado en bolivia desde el a\u00f1o 2009 a la fecha hoy son insuficientes, porque no garantizan el respeto de las prerrogativas del periodista y tampoco las facultades de los otros actores de los procesos informativos, los ciudadanos y el estado. Esto se puede evidenciar al comparar la legislaci\u00f3n mencionada con lo que fijan en la materia los est\u00e1ndares del sistema interamericano de derechos humanos, referente continental en el tema. As\u00ed, la presente tesis doctoral se plantea como fin objetivo principal establecer un balance actualizado de la aplicaci\u00f3n positiva, la jurisprudencia y la doctrina respecto de la legislaci\u00f3n que regula la actividad period\u00edstica en bolivia, en el entendido de evaluar las garant\u00edas legales que ofrece el estado boliviano para el ejercicio de la profesi\u00f3n y, a partir de ello, evaluar si es necesaria o no una propuesta de modificaci\u00f3n de la legislaci\u00f3n referida al periodismo en bolivia. La principal conclusi\u00f3n es  que existe la necesidad de plantear en la tesis una propuesta (de lege ferenda) para la mejora de la legislaci\u00f3n period\u00edstica actualmente vigente en bolivia, que a nivel de la constituci\u00f3n pol\u00edtica del estado plurinacional, ampl\u00ede la cobertura del derecho fundamental a la libertad de expresi\u00f3n, eleve la jerarqu\u00eda de los tratados internacionales en la materia, elimine completamente el control previo directo e indirecto de las publicaciones period\u00edsticas y proteja de manera m\u00e1s espec\u00edfica la intimidad de los ciudadanos y se recomienda que la nueva ley de medios que est\u00e1 proyectando el gobierno boliviano incluya expl\u00edcitamente los cuatro derechos y obligaciones fundamentales de los periodistas que establece el marco jur\u00eddico interamericano: derecho a la protecci\u00f3n especial de la libertad de expresi\u00f3n sobre todos los asuntos de inter\u00e9s p\u00fablico, derecho a la protecci\u00f3n contra restricciones indirectas de cualquier \u00edndole, la obligaci\u00f3n de regirse por conductas \u00e9ticas en el desarrollo de su labor informativa, y derecho de acceso a la informaci\u00f3n p\u00fablica.<\/p>\n<p>&nbsp;<\/p>\n<h3>Datos acad\u00e9micos de la tesis doctoral \u00ab<strong>Regulaci\u00f3n y periodismo en bolivia alcances y l\u00edmites<\/strong>\u00ab<\/h3>\n<ul>\n<li><strong>T\u00edtulo de la tesis:<\/strong>\u00a0 Regulaci\u00f3n y periodismo en bolivia alcances y l\u00edmites <\/li>\n<li><strong>Autor:<\/strong>\u00a0 Alfredo Antonio Gomez Mallea <\/li>\n<li><strong>Universidad:<\/strong>\u00a0 Complutense de Madrid<\/li>\n<li><strong>Fecha de lectura de la tesis:<\/strong>\u00a0 16\/02\/2015<\/li>\n<\/ul>\n<p>&nbsp;<\/p>\n<h3>Direcci\u00f3n y tribunal<\/h3>\n<ul>\n<li><strong>Director de la tesis<\/strong>\n<ul>\n<li>Manuel S\u00e1nchez De Diego Fern\u00e1ndez De La Riva<\/li>\n<\/ul>\n<\/li>\n<li><strong>Tribunal<\/strong>\n<ul>\n<li>Presidente del tribunal: teodoro Gonzalez ballesteros <\/li>\n<li>Mar\u00eda  isabel Garrido gomez (vocal)<\/li>\n<li>Juan  Manuel Goig Martinez (vocal)<\/li>\n<li>m. isabel Mart\u00edn de llano (vocal)<\/li>\n<\/ul>\n<\/li>\n<\/ul>\n<p>&nbsp;<\/p>\n","protected":false},"excerpt":{"rendered":"<p>Tesis doctoral de Alfredo Antonio Gomez Mallea Este estudio se basa en la hip\u00f3tesis de que la inclusi\u00f3n constitucional del [&hellip;]<\/p>\n","protected":false},"author":1,"featured_media":0,"comment_status":"open","ping_status":"open","sticky":false,"template":"","format":"standard","meta":{"site-sidebar-layout":"default","site-content-layout":"","ast-site-content-layout":"","site-content-style":"default","site-sidebar-style":"default","ast-global-header-display":"","ast-banner-title-visibility":"","ast-main-header-display":"","ast-hfb-above-header-display":"","ast-hfb-below-header-display":"","ast-hfb-mobile-header-display":"","site-post-title":"","ast-breadcrumbs-content":"","ast-featured-img":"","footer-sml-layout":"","theme-transparent-header-meta":"","adv-header-id-meta":"","stick-header-meta":"","header-above-stick-meta":"","header-main-stick-meta":"","header-below-stick-meta":"","astra-migrate-meta-layouts":"default","ast-page-background-enabled":"default","ast-page-background-meta":{"desktop":{"background-color":"var(--ast-global-color-4)","background-image":"","background-repeat":"repeat","background-position":"center center","background-size":"auto","background-attachment":"scroll","background-type":"","background-media":"","overlay-type":"","overlay-color":"","overlay-gradient":""},"tablet":{"background-color":"","background-image":"","background-repeat":"repeat","background-position":"center center","background-size":"auto","background-attachment":"scroll","background-type":"","background-media":"","overlay-type":"","overlay-color":"","overlay-gradient":""},"mobile":{"background-color":"","background-image":"","background-repeat":"repeat","background-position":"center center","background-size":"auto","background-attachment":"scroll","background-type":"","background-media":"","overlay-type":"","overlay-color":"","overlay-gradient":""}},"ast-content-background-meta":{"desktop":{"background-color":"var(--ast-global-color-5)","background-image":"","background-repeat":"repeat","background-position":"center center","background-size":"auto","background-attachment":"scroll","background-type":"","background-media":"","overlay-type":"","overlay-color":"","overlay-gradient":""},"tablet":{"background-color":"var(--ast-global-color-5)","background-image":"","background-repeat":"repeat","background-position":"center center","background-size":"auto","background-attachment":"scroll","background-type":"","background-media":"","overlay-type":"","overlay-color":"","overlay-gradient":""},"mobile":{"background-color":"var(--ast-global-color-5)","background-image":"","background-repeat":"repeat","background-position":"center center","background-size":"auto","background-attachment":"scroll","background-type":"","background-media":"","overlay-type":"","overlay-color":"","overlay-gradient":""}},"footnotes":""},"categories":[986,1450],"tags":[230970,80027,159382,47655,117894,24544],"class_list":["post-117144","post","type-post","status-publish","format-standard","hentry","category-complutense-de-madrid","category-derecho-constitucional","tag-alfredo-antonio-gomez-mallea","tag-juan-manuel-goig-Martinez","tag-m-isabel-martin-de-llano","tag-manuel-sanchez-de-diego-fernandez-de-la-riva","tag-maria-isabel-garrido-gomez","tag-teodoro-gonzalez-ballesteros"],"_links":{"self":[{"href":"https:\/\/www.deberes.net\/tesis\/wp-json\/wp\/v2\/posts\/117144","targetHints":{"allow":["GET"]}}],"collection":[{"href":"https:\/\/www.deberes.net\/tesis\/wp-json\/wp\/v2\/posts"}],"about":[{"href":"https:\/\/www.deberes.net\/tesis\/wp-json\/wp\/v2\/types\/post"}],"author":[{"embeddable":true,"href":"https:\/\/www.deberes.net\/tesis\/wp-json\/wp\/v2\/users\/1"}],"replies":[{"embeddable":true,"href":"https:\/\/www.deberes.net\/tesis\/wp-json\/wp\/v2\/comments?post=117144"}],"version-history":[{"count":0,"href":"https:\/\/www.deberes.net\/tesis\/wp-json\/wp\/v2\/posts\/117144\/revisions"}],"wp:attachment":[{"href":"https:\/\/www.deberes.net\/tesis\/wp-json\/wp\/v2\/media?parent=117144"}],"wp:term":[{"taxonomy":"category","embeddable":true,"href":"https:\/\/www.deberes.net\/tesis\/wp-json\/wp\/v2\/categories?post=117144"},{"taxonomy":"post_tag","embeddable":true,"href":"https:\/\/www.deberes.net\/tesis\/wp-json\/wp\/v2\/tags?post=117144"}],"curies":[{"name":"wp","href":"https:\/\/api.w.org\/{rel}","templated":true}]}}