{"id":117153,"date":"2018-03-11T10:46:32","date_gmt":"2018-03-11T10:46:32","guid":{"rendered":"https:\/\/www.deberes.net\/tesis\/sin-categoria\/francisco-perez-carballo-memoria-y-biografa%c2%ada\/"},"modified":"2018-03-11T10:46:32","modified_gmt":"2018-03-11T10:46:32","slug":"francisco-perez-carballo-memoria-y-biografa%c2%ada","status":"publish","type":"post","link":"https:\/\/www.deberes.net\/tesis\/complutense-de-madrid\/francisco-perez-carballo-memoria-y-biografa%c2%ada\/","title":{"rendered":"Francisco p\u00e9rez carballo: memoria y biograf\u00eda"},"content":{"rendered":"<h2>Tesis doctoral de <strong> Jose Galan Ortega <\/strong><\/h2>\n<p>Historia y memoria convergen, como revela la historiograf\u00eda m\u00e1s reciente, en el punto donde el tiempo se acelera y decrece el espacio para sedimentar una narrativa o relato social m\u00ednimamente consensuado.  La biograf\u00eda abordada en estas p\u00e1ginas, la de un joven l\u00edder pol\u00edtico y estudiantil, francisco p\u00e9rez carballo, ejecutado el 24 de julio de 1936 -cuando como gobernador civil de a coru\u00f1a hac\u00eda valer la legalidad impugnada por la fuerza-, se adentra en una experiencia individual enraizada en el flujo hist\u00f3rico perceptible entre el dilatado final de la dictadura de primo de rivera y la cesura marcada por el golpe de estado franquista, a trav\u00e9s del proyecto civilizatorio ensayado durante la ii rep\u00fablica. Una biograf\u00eda deudora, en cierto modo \u00c2\u00bfpues la interacci\u00f3n entre el individuo y la estructura se interpreta aqu\u00ed como una de las premisas metodol\u00f3gicas fundamentales-, de la invocaci\u00f3n realizada por  lytton strachey al car\u00e1cter de este g\u00e9nero historiogr\u00e1fico (y narrativo) como modo de retratar la experiencia humana en su especificidad, m\u00e1s all\u00e1 de su reducci\u00f3n a la categor\u00eda de s\u00edntoma o huella del pasado. P\u00e9rez carballo muri\u00f3 a los 25 a\u00f1os tras ocupar la presidencia de la aped\/ fue de Madrid (1931-32), pertenecer a las juntas directivas nacionales de jar y jir (las juventudes de los dos partidos tutelados por aza\u00f1a), desempe\u00f1ar el cargo de gobernador civil de a coru\u00f1a (de abril a julio del 36) y desenvolverse profesionalmente como oficial letrado de las cortes, o forjar su personalidad en instituciones como el ateneo de Madrid. Una trayectoria vital corta pero intensa, culminada con la promoci\u00f3n de un meritorio de clase trabajadora, de tan s\u00f3lo veinticinco a\u00f1os, a una alta magistrarura del estado como jal\u00f3n del cursus honorum de la pol\u00edtica dise\u00f1ado por el partido de aza\u00f1a y asumido por el gobierno del frente popular \u00c2\u00bfseguramente, el gobernador m\u00e1s joven de los designados por los distintos gobiernos republicanos-, una responsabiiidad inserta en problemas pol\u00edticos y sociales y desaf\u00edos jur\u00eddicos derivados, sin duda, de la todav\u00eda d\u00e9bil implantaci\u00f3n en espa\u00f1a del principio de supremac\u00eda del poder civil, una de las bases del nuevo estado republicano y, parad\u00f3jicamente, su flanco m\u00e1s vulnerable. Conjurada la conspiraci\u00f3n de abril -la confusa militarada que buscaba, entre otros objetivos, la neutralizaci\u00f3n de p\u00e9rez carballo-, \u00e9ste trat\u00f3 de lograr un dif\u00edcil equilibrio entre la urgencia de actuar contra los cabecillas de una trama renovada y la estrategia de pasividad gubernamental, postura sostenida por el gobierno civil coru\u00f1\u00e9s hasta el mismo 20 de julio de 1936,  principio y fin de la resistencia articulada a pesar del efecto nocivo de los relevos precipitados en la presidencia del gobierno republicano (casares, mart\u00ednez barrio, giral).La muerte de p\u00e9rez carballo a manos de los sublevados se reflej\u00f3, desde el principio, en una multiplicidad de memorias cruzadas (la imagen de un h\u00e9roe emerger\u00eda en las republicanas, matizada por las de la izquierda obrera; por contra, otro mito surgir\u00e1 del discurso oficial franquista), cuyas proyecciones abarcaron tambi\u00e9n la figura de su esposa, juana capdevielle \u00c2\u00bfasesinada en agosto del 36 como resultado de una venganza meditada durante largo tiempo, basada tanto en prejuicios politicos como de g\u00e9nero-, reivindicada en los \u00faltimos a\u00f1os por vectores de la pujante memoria cultural gallega. La falta de estudios historiogr\u00e1ficos sobre el biografiado y el exagerado peso de la memoria sobre la realidad de figuras a priori secundarias \u00c2\u00bfsubordinadas a un contexto depredador- fundamentan una investigaci\u00f3n enfocada en la necesaria dial\u00e9ctica entre el actor social y la estructura que lo engloba.<\/p>\n<p>&nbsp;<\/p>\n<h3>Datos acad\u00e9micos de la tesis doctoral \u00ab<strong>Francisco p\u00e9rez carballo: memoria y biograf\u00eda<\/strong>\u00ab<\/h3>\n<ul>\n<li><strong>T\u00edtulo de la tesis:<\/strong>\u00a0 Francisco p\u00e9rez carballo: memoria y biograf\u00eda<\/li>\n<li><strong>Autor:<\/strong>\u00a0 Jose Galan Ortega <\/li>\n<li><strong>Universidad:<\/strong>\u00a0 Complutense de Madrid<\/li>\n<li><strong>Fecha de lectura de la tesis:<\/strong>\u00a0 18\/02\/2015<\/li>\n<\/ul>\n<p>&nbsp;<\/p>\n<h3>Direcci\u00f3n y tribunal<\/h3>\n<ul>\n<li><strong>Director de la tesis<\/strong>\n<ul>\n<li>Juan  Pablo Fusi Aizpurua<\/li>\n<\/ul>\n<\/li>\n<li><strong>Tribunal<\/strong>\n<ul>\n<li>Presidente del tribunal: octavio Ruiz-manj\u00f3n cabeza <\/li>\n<li>eduardo Gonzalez calleja (vocal)<\/li>\n<li>Francisco Sanchez perez (vocal)<\/li>\n<li>sandra isabel Souto  kustrin (vocal)<\/li>\n<\/ul>\n<\/li>\n<\/ul>\n<p>&nbsp;<\/p>\n","protected":false},"excerpt":{"rendered":"<p>Tesis doctoral de Jose Galan Ortega Historia y memoria convergen, como revela la historiograf\u00eda m\u00e1s reciente, en el punto donde [&hellip;]<\/p>\n","protected":false},"author":1,"featured_media":0,"comment_status":"open","ping_status":"open","sticky":false,"template":"","format":"standard","meta":{"site-sidebar-layout":"default","site-content-layout":"","ast-site-content-layout":"","site-content-style":"default","site-sidebar-style":"default","ast-global-header-display":"","ast-banner-title-visibility":"","ast-main-header-display":"","ast-hfb-above-header-display":"","ast-hfb-below-header-display":"","ast-hfb-mobile-header-display":"","site-post-title":"","ast-breadcrumbs-content":"","ast-featured-img":"","footer-sml-layout":"","theme-transparent-header-meta":"","adv-header-id-meta":"","stick-header-meta":"","header-above-stick-meta":"","header-main-stick-meta":"","header-below-stick-meta":"","astra-migrate-meta-layouts":"default","ast-page-background-enabled":"default","ast-page-background-meta":{"desktop":{"background-color":"var(--ast-global-color-4)","background-image":"","background-repeat":"repeat","background-position":"center center","background-size":"auto","background-attachment":"scroll","background-type":"","background-media":"","overlay-type":"","overlay-color":"","overlay-gradient":""},"tablet":{"background-color":"","background-image":"","background-repeat":"repeat","background-position":"center center","background-size":"auto","background-attachment":"scroll","background-type":"","background-media":"","overlay-type":"","overlay-color":"","overlay-gradient":""},"mobile":{"background-color":"","background-image":"","background-repeat":"repeat","background-position":"center center","background-size":"auto","background-attachment":"scroll","background-type":"","background-media":"","overlay-type":"","overlay-color":"","overlay-gradient":""}},"ast-content-background-meta":{"desktop":{"background-color":"var(--ast-global-color-5)","background-image":"","background-repeat":"repeat","background-position":"center center","background-size":"auto","background-attachment":"scroll","background-type":"","background-media":"","overlay-type":"","overlay-color":"","overlay-gradient":""},"tablet":{"background-color":"var(--ast-global-color-5)","background-image":"","background-repeat":"repeat","background-position":"center center","background-size":"auto","background-attachment":"scroll","background-type":"","background-media":"","overlay-type":"","overlay-color":"","overlay-gradient":""},"mobile":{"background-color":"var(--ast-global-color-5)","background-image":"","background-repeat":"repeat","background-position":"center center","background-size":"auto","background-attachment":"scroll","background-type":"","background-media":"","overlay-type":"","overlay-color":"","overlay-gradient":""}},"footnotes":""},"categories":[986,1816],"tags":[58375,7512,230981,6662,6900,184047],"class_list":["post-117153","post","type-post","status-publish","format-standard","hentry","category-complutense-de-madrid","category-historia-contemporanea","tag-eduardo-gonzalez-calleja","tag-francisco-sanchez-perez","tag-jose-galan-ortega","tag-juan-pablo-fusi-aizpurua","tag-octavio-ruiz-manjon-cabeza","tag-sandra-isabel-souto-kustrin"],"_links":{"self":[{"href":"https:\/\/www.deberes.net\/tesis\/wp-json\/wp\/v2\/posts\/117153","targetHints":{"allow":["GET"]}}],"collection":[{"href":"https:\/\/www.deberes.net\/tesis\/wp-json\/wp\/v2\/posts"}],"about":[{"href":"https:\/\/www.deberes.net\/tesis\/wp-json\/wp\/v2\/types\/post"}],"author":[{"embeddable":true,"href":"https:\/\/www.deberes.net\/tesis\/wp-json\/wp\/v2\/users\/1"}],"replies":[{"embeddable":true,"href":"https:\/\/www.deberes.net\/tesis\/wp-json\/wp\/v2\/comments?post=117153"}],"version-history":[{"count":0,"href":"https:\/\/www.deberes.net\/tesis\/wp-json\/wp\/v2\/posts\/117153\/revisions"}],"wp:attachment":[{"href":"https:\/\/www.deberes.net\/tesis\/wp-json\/wp\/v2\/media?parent=117153"}],"wp:term":[{"taxonomy":"category","embeddable":true,"href":"https:\/\/www.deberes.net\/tesis\/wp-json\/wp\/v2\/categories?post=117153"},{"taxonomy":"post_tag","embeddable":true,"href":"https:\/\/www.deberes.net\/tesis\/wp-json\/wp\/v2\/tags?post=117153"}],"curies":[{"name":"wp","href":"https:\/\/api.w.org\/{rel}","templated":true}]}}