{"id":117203,"date":"2018-03-11T10:46:37","date_gmt":"2018-03-11T10:46:37","guid":{"rendered":"https:\/\/www.deberes.net\/tesis\/sin-categoria\/la-estructuracion-del-espacio-arquitectonico-por-la-gravedad-y-la-luz\/"},"modified":"2018-03-11T10:46:37","modified_gmt":"2018-03-11T10:46:37","slug":"la-estructuracion-del-espacio-arquitectonico-por-la-gravedad-y-la-luz","status":"publish","type":"post","link":"https:\/\/www.deberes.net\/tesis\/historia-de-la-arquitectura\/la-estructuracion-del-espacio-arquitectonico-por-la-gravedad-y-la-luz\/","title":{"rendered":"La estructuraci\u00f3n del espacio arquitect\u00f3nico por la gravedad y la luz."},"content":{"rendered":"<h2>Tesis doctoral de <strong> Oscar Linares De La Torre <\/strong><\/h2>\n<p>La arquitectura se fundamenta en la relaci\u00f3n entre la materia y su ausencia, el espacio. A la materia que, dispuesta de acuerdo a las leyes de la gravedad, construye el espacio, la denominamos estructura. El car\u00e1cter de este espacio depende de la interacci\u00f3n entre la materia grave que lo define y la luz que lo revela. No existe ni una sola obra de arquitectura en el mundo que, en su af\u00e1n por construir el espacio, haya podido eludir la acci\u00f3n de la gravedad terrestre o haya podido prescindir de los efectos de la luz solar. Ante la imposibilidad de modificar las propiedades de estas dos realidades primigenias incidiendo en el origen y la causa de su naturaleza f\u00edsica, el arquitecto debe actuar sobre los distintos modos en que \u00e9stas se manifiestan sobre la materia que conforma el espacio. esta percataci\u00f3n advierte de la importancia y la oportunidad de la presente investigaci\u00f3n doctoral sobre la estructuraci\u00f3n del espacio arquitect\u00f3nico por la gravedad y la luz, cuya finalidad es esclarecer los principios sobre los que se fundamenta la interacci\u00f3n entre la gravedad y la luz a fin de estructurar el espacio arquitect\u00f3nico. la investigaci\u00f3n se estructura en tres partes. La primera se plantea como objetivo el esclarecimiento de los or\u00edgenes y las razones fundamentales sobre las que se sustenta el actual inter\u00e9s por la gravedad y la luz, liderado en nuestro pa\u00eds por los arquitectos juan navarro baldeweg y alberto campo baeza. Se descubre que, desde antiguo, se ha reconocido la importancia fundamental de la gravedad y de la luz en el hecho arquitect\u00f3nico: autores tan distintos y distantes como marco vitruvio, christopher wren, arthur schopenhauer o theo van doesburg, se han interesado en las consecuencias espaciales de la interacci\u00f3n estructural de ambos fen\u00f3menos. sin embargo, a pesar del inter\u00e9s que han suscitado siempre ambas cuestiones, la teor\u00eda arquitect\u00f3nica no se ha planteado nunca la necesidad de responder a preguntas aparentemente tan sencillas y elementales como \u00c2\u00bfqu\u00e9 es la gravedad? O \u00c2\u00bfqu\u00e9 es la luz?. La segunda parte de la investigaci\u00f3n se dedica a indagar en la naturaleza de ambos fen\u00f3menos . Es entonces cuando se advierte la conveniencia de ahondar en el conocimiento cient\u00edfico sobre la gravedad y la luz, acumulado con tanto rigor y durante tanto tiempo. A tal efecto, se han analizado las caracter\u00edsticas de las teor\u00edas f\u00edsicas que, a lo largo de la historia, han abordado la investigaci\u00f3n conjunta de ambos fen\u00f3menos desde arist\u00f3teles hasta einstein. en la tercera y \u00faltima parte de la investigaci\u00f3n se estudian las estrategias proyectuales empleadas en la manipulaci\u00f3n arquitect\u00f3nica de la interacci\u00f3n estructural entre la gravedad y la luz con fines espaciales. Este estudio se desarrolla por medio del an\u00e1lisis de cuatro obras maestras de la arquitectura -el stonehenge, el pantheon de roma, el palais des machines de la exposici\u00f3n universal de par\u00eds de 1889 y la neue nationalgalerie de berl\u00edn-, que se constituyen en ejemplos paradigm\u00e1ticos de las distintas maneras de concebir el espacio arquitect\u00f3nico a lo largo de la historia. Como consecuencia de esta investigaci\u00f3n, se descubre la existencia de una correlaci\u00f3n cronol\u00f3gica y conceptual entre la evoluci\u00f3n de la representaci\u00f3n f\u00edsica de la gravedad y de la luz y la evoluci\u00f3n de las distintas concepciones espaciales arquitect\u00f3nicas, hecho que induce a considerar al conocimiento f\u00edsico sobre ambos fen\u00f3menos como una potente herramienta proyectual. con el convencimiento de que el espacio, la gravedad y la luz son temas fundamentales en la reflexi\u00f3n te\u00f3rica y la pr\u00e1ctica proyectual del quehacer arquitect\u00f3nico, la presente investigaci\u00f3n realiza su propia aportaci\u00f3n al conjunto de reflexiones te\u00f3ricas y proyectuales sobre la gravedad y la luz en la arquitectura, que algunos de los m\u00e1s prestigiosos arquitectos de nuestro pa\u00eds han venido desarrollando durante las \u00faltimas d\u00e9cadas.<\/p>\n<p>&nbsp;<\/p>\n<h3>Datos acad\u00e9micos de la tesis doctoral \u00ab<strong>La estructuraci\u00f3n del espacio arquitect\u00f3nico por la gravedad y la luz.<\/strong>\u00ab<\/h3>\n<ul>\n<li><strong>T\u00edtulo de la tesis:<\/strong>\u00a0 La estructuraci\u00f3n del espacio arquitect\u00f3nico por la gravedad y la luz. <\/li>\n<li><strong>Autor:<\/strong>\u00a0 Oscar Linares De La Torre <\/li>\n<li><strong>Universidad:<\/strong>\u00a0 Polit\u00e9cnica de catalunya<\/li>\n<li><strong>Fecha de lectura de la tesis:<\/strong>\u00a0 27\/02\/2015<\/li>\n<\/ul>\n<p>&nbsp;<\/p>\n<h3>Direcci\u00f3n y tribunal<\/h3>\n<ul>\n<li><strong>Director de la tesis<\/strong>\n<ul>\n<li>Carlos Ferrater Lambarri<\/li>\n<\/ul>\n<\/li>\n<li><strong>Tribunal<\/strong>\n<ul>\n<li>Presidente del tribunal: Juan  Carlos Arnuncio pastor <\/li>\n<li>elisa Valero ramos (vocal)<\/li>\n<li>jordi Ros ballesteros (vocal)<\/li>\n<li>Francisco Jos\u00e9 Gonz\u00e1lez de canales ruiz (vocal)<\/li>\n<\/ul>\n<\/li>\n<\/ul>\n<p>&nbsp;<\/p>\n","protected":false},"excerpt":{"rendered":"<p>Tesis doctoral de Oscar Linares De La Torre La arquitectura se fundamenta en la relaci\u00f3n entre la materia y su [&hellip;]<\/p>\n","protected":false},"author":1,"featured_media":0,"comment_status":"open","ping_status":"open","sticky":false,"template":"","format":"standard","meta":{"site-sidebar-layout":"default","site-content-layout":"","ast-site-content-layout":"","site-content-style":"default","site-sidebar-style":"default","ast-global-header-display":"","ast-banner-title-visibility":"","ast-main-header-display":"","ast-hfb-above-header-display":"","ast-hfb-below-header-display":"","ast-hfb-mobile-header-display":"","site-post-title":"","ast-breadcrumbs-content":"","ast-featured-img":"","footer-sml-layout":"","theme-transparent-header-meta":"","adv-header-id-meta":"","stick-header-meta":"","header-above-stick-meta":"","header-main-stick-meta":"","header-below-stick-meta":"","astra-migrate-meta-layouts":"default","ast-page-background-enabled":"default","ast-page-background-meta":{"desktop":{"background-color":"var(--ast-global-color-4)","background-image":"","background-repeat":"repeat","background-position":"center center","background-size":"auto","background-attachment":"scroll","background-type":"","background-media":"","overlay-type":"","overlay-color":"","overlay-gradient":""},"tablet":{"background-color":"","background-image":"","background-repeat":"repeat","background-position":"center center","background-size":"auto","background-attachment":"scroll","background-type":"","background-media":"","overlay-type":"","overlay-color":"","overlay-gradient":""},"mobile":{"background-color":"","background-image":"","background-repeat":"repeat","background-position":"center center","background-size":"auto","background-attachment":"scroll","background-type":"","background-media":"","overlay-type":"","overlay-color":"","overlay-gradient":""}},"ast-content-background-meta":{"desktop":{"background-color":"var(--ast-global-color-5)","background-image":"","background-repeat":"repeat","background-position":"center center","background-size":"auto","background-attachment":"scroll","background-type":"","background-media":"","overlay-type":"","overlay-color":"","overlay-gradient":""},"tablet":{"background-color":"var(--ast-global-color-5)","background-image":"","background-repeat":"repeat","background-position":"center center","background-size":"auto","background-attachment":"scroll","background-type":"","background-media":"","overlay-type":"","overlay-color":"","overlay-gradient":""},"mobile":{"background-color":"var(--ast-global-color-5)","background-image":"","background-repeat":"repeat","background-position":"center center","background-size":"auto","background-attachment":"scroll","background-type":"","background-media":"","overlay-type":"","overlay-color":"","overlay-gradient":""}},"footnotes":""},"categories":[4509,1745,7178,15596,2855],"tags":[15863,204715,134109,231054,12570,231053],"class_list":["post-117203","post","type-post","status-publish","format-standard","hentry","category-arquitectura","category-historia-de-la-arquitectura","category-luz","category-politecnica-de-catalunya","category-teoria-de-la-gravitacion-universal","tag-carlos-ferrater-lambarri","tag-elisa-valero-ramos","tag-francisco-jose-gonzalez-de-canales-ruiz","tag-jordi-ros-ballesteros","tag-juan-carlos-arnuncio-pastor","tag-oscar-linares-de-la-torre"],"_links":{"self":[{"href":"https:\/\/www.deberes.net\/tesis\/wp-json\/wp\/v2\/posts\/117203","targetHints":{"allow":["GET"]}}],"collection":[{"href":"https:\/\/www.deberes.net\/tesis\/wp-json\/wp\/v2\/posts"}],"about":[{"href":"https:\/\/www.deberes.net\/tesis\/wp-json\/wp\/v2\/types\/post"}],"author":[{"embeddable":true,"href":"https:\/\/www.deberes.net\/tesis\/wp-json\/wp\/v2\/users\/1"}],"replies":[{"embeddable":true,"href":"https:\/\/www.deberes.net\/tesis\/wp-json\/wp\/v2\/comments?post=117203"}],"version-history":[{"count":0,"href":"https:\/\/www.deberes.net\/tesis\/wp-json\/wp\/v2\/posts\/117203\/revisions"}],"wp:attachment":[{"href":"https:\/\/www.deberes.net\/tesis\/wp-json\/wp\/v2\/media?parent=117203"}],"wp:term":[{"taxonomy":"category","embeddable":true,"href":"https:\/\/www.deberes.net\/tesis\/wp-json\/wp\/v2\/categories?post=117203"},{"taxonomy":"post_tag","embeddable":true,"href":"https:\/\/www.deberes.net\/tesis\/wp-json\/wp\/v2\/tags?post=117203"}],"curies":[{"name":"wp","href":"https:\/\/api.w.org\/{rel}","templated":true}]}}