{"id":117213,"date":"2015-04-03T00:00:00","date_gmt":"2015-04-03T00:00:00","guid":{"rendered":"https:\/\/www.deberes.net\/tesis\/sin-categoria\/formacion-del-profesorado-para-el-tratamiento-educativo-de-los-conflictos-sobre-diversidad-cultural-y-de-genero\/"},"modified":"2015-04-03T00:00:00","modified_gmt":"2015-04-03T00:00:00","slug":"formacion-del-profesorado-para-el-tratamiento-educativo-de-los-conflictos-sobre-diversidad-cultural-y-de-genero","status":"publish","type":"post","link":"https:\/\/www.deberes.net\/tesis\/complutense-de-madrid\/formacion-del-profesorado-para-el-tratamiento-educativo-de-los-conflictos-sobre-diversidad-cultural-y-de-genero\/","title":{"rendered":"Formaci\u00f3n del profesorado para el tratamiento educativo de los conflictos sobre diversidad cultural y de g\u00e9nero"},"content":{"rendered":"<h2>Tesis doctoral de <strong> Inmaculada Gomez Jarabo <\/strong><\/h2>\n<p>A pesar de que la violencia deber\u00eda ser inexistente en una sociedad civilizada como la nuestra, sigue estando presente en pr\u00e1cticamente todos los \u00e1mbitos, edades, g\u00e9neros y clases sociales. La infancia es una de las grandes perjudicadas por ella. Continuamente salen a la luz casos de malos tratos entre escolares. Adem\u00e1s, nos encontramos cada vez ante situaciones m\u00e1s graves, que se producen a edades m\u00e1s tempranas y que dejan secuelas psicol\u00f3gicas cada vez m\u00e1s da\u00f1inas y duraderas.La situaci\u00f3n en la que se encuentra nuestro mundo y, por tanto, nuestras aulas, nos obliga a investigar en profundidad los fen\u00f3menos violentos para dar una respuesta adecuada a los mismos. Es preciso que los y las profesionales que trabajan en los centros educativos est\u00e9n capacitados para elaborar e implementar planes de convivencia que redunden en la mejora del clima escolar y el tratamiento educativo de los conflictos. Por ello, la tesis \u00c2\u00bfformaci\u00f3n del profesorado para el tratamiento educativo de los conflictos sobre diversidad cultural y de g\u00e9nero\u00c2\u00bf trata de ahondar en el conocimiento de la violencia para despu\u00e9s reflexionar y proponer distintas actuaciones que puedan servir para dar un paso m\u00e1s hacia la tan ansiada cultura de paz en los centros escolares y, por ende, en la sociedad. Centro de la investigaci\u00f3n es la formaci\u00f3n del profesorado para poder prevenir la violencia escolar, intervenir en situaciones en las que la convivencia pac\u00edfica se ve amenazada y atender a la diversidad \u00e9tnica, cultural y de g\u00e9nero, pues consideramos que, si bien todo el alumnado puede ser posible v\u00edctima de ataques, el alumnado de origen inmigrante y las mujeres est\u00e1n mucho m\u00e1s expuestos.El trabajo comienza con unas aproximaciones conceptuales de los temas que fundamentan el estudio (conflicto, agresividad, violencia, violencia escolar, violencia de g\u00e9nero, violencia hacia las personas inmigrantes, violencia invertida, violencia hacia el profesorado, violencia a trav\u00e9s de los medios de comunicaci\u00f3n social y las tecnolog\u00edas de la informaci\u00f3n y la comunicaci\u00f3n y formaci\u00f3n del profesorado para el tratamiento educativo de los conflictos y la atenci\u00f3n a la diversidad). Posteriormente, se abordan la metodolog\u00eda, los instrumentos utilizados y el proceso de investigaci\u00f3n seguido para la recogida y an\u00e1lisis de la informaci\u00f3n, lo que nos da pie a presentar los resultados de la investigaci\u00f3n y realizar algunas propuestas respecto al desarrollo profesional del profesorado para el tratamiento educativo de los conflictos y la gesti\u00f3n de la diversidad cultural y de g\u00e9nero.El objetivo prioritario de la presente tesis es conocer las actitudes y el grado de preparaci\u00f3n que tienen los profesionales de la educaci\u00f3n (en formaci\u00f3n y en activo) para atender a la diversidad cultural y de g\u00e9nero, promover una convivencia saludable y atajar los posibles conflictos que puedan surgir en el entorno escolar. Con ese objetivo en mente, a la hora de plantear la investigaci\u00f3n nos proponemos conocer si los planes de formaci\u00f3n del profesorado responden a las necesidades de nuestro actual contexto social y educativo, naturalmente diverso, y reflexionar sobre si es necesaria su transformaci\u00f3n y actualizaci\u00f3n o, si por el contrario, es preciso seguir trabajando en la misma l\u00ednea que se viene haciendo. Abogando por la complementariedad de metodolog\u00edas e instrumentos, para lograr nuestros prop\u00f3sitos se ha optado por la revisi\u00f3n de documentaci\u00f3n (planes de estudio vigentes de las distintas titulaciones de educaci\u00f3n) y la realizaci\u00f3n de entrevistas, grupos de discusi\u00f3n y cuestionarios a profesorado en activo (maestros, educadores sociales, pedagogos, psic\u00f3logos y psicopedagogos) y a alumnado de \u00faltimos cursos de diferentes titulaciones de educaci\u00f3n (licenciatura de pedagog\u00eda, licenciatura de psicopedagog\u00eda,  diplomatura en magisterio en sus diversas especialidades, grados de educaci\u00f3n infantil y primaria, grado de educaci\u00f3n social y grado de pedagog\u00eda).<\/p>\n<p>&nbsp;<\/p>\n<h3>Datos acad\u00e9micos de la tesis doctoral \u00ab<strong>Formaci\u00f3n del profesorado para el tratamiento educativo de los conflictos sobre diversidad cultural y de g\u00e9nero<\/strong>\u00ab<\/h3>\n<ul>\n<li><strong>T\u00edtulo de la tesis:<\/strong>\u00a0 Formaci\u00f3n del profesorado para el tratamiento educativo de los conflictos sobre diversidad cultural y de g\u00e9nero <\/li>\n<li><strong>Autor:<\/strong>\u00a0 Inmaculada Gomez Jarabo <\/li>\n<li><strong>Universidad:<\/strong>\u00a0 Complutense de Madrid<\/li>\n<li><strong>Fecha de lectura de la tesis:<\/strong>\u00a0 04\/03\/2015<\/li>\n<\/ul>\n<p>&nbsp;<\/p>\n<h3>Direcci\u00f3n y tribunal<\/h3>\n<ul>\n<li><strong>Director de la tesis<\/strong>\n<ul>\n<li>Primitivo S\u00e1nchez Delgado<\/li>\n<\/ul>\n<\/li>\n<li><strong>Tribunal<\/strong>\n<ul>\n<li>Presidente del tribunal: Antonio Bautista garcia vera <\/li>\n<li>laura Rayon rumayor (vocal)<\/li>\n<li>clemente Herrero fabregat (vocal)<\/li>\n<li>asunci\u00f3n Manzanares moya (vocal)<\/li>\n<\/ul>\n<\/li>\n<\/ul>\n<p>&nbsp;<\/p>\n","protected":false},"excerpt":{"rendered":"<p>Tesis doctoral de Inmaculada Gomez Jarabo A pesar de que la violencia deber\u00eda ser inexistente en una sociedad civilizada como [&hellip;]<\/p>\n","protected":false},"author":1,"featured_media":0,"comment_status":"open","ping_status":"open","sticky":false,"template":"","format":"standard","meta":{"site-sidebar-layout":"default","site-content-layout":"","ast-site-content-layout":"","site-content-style":"default","site-sidebar-style":"default","ast-global-header-display":"","ast-banner-title-visibility":"","ast-main-header-display":"","ast-hfb-above-header-display":"","ast-hfb-below-header-display":"","ast-hfb-mobile-header-display":"","site-post-title":"","ast-breadcrumbs-content":"","ast-featured-img":"","footer-sml-layout":"","theme-transparent-header-meta":"","adv-header-id-meta":"","stick-header-meta":"","header-above-stick-meta":"","header-main-stick-meta":"","header-below-stick-meta":"","astra-migrate-meta-layouts":"default","ast-page-background-enabled":"default","ast-page-background-meta":{"desktop":{"background-color":"var(--ast-global-color-4)","background-image":"","background-repeat":"repeat","background-position":"center center","background-size":"auto","background-attachment":"scroll","background-type":"","background-media":"","overlay-type":"","overlay-color":"","overlay-gradient":""},"tablet":{"background-color":"","background-image":"","background-repeat":"repeat","background-position":"center center","background-size":"auto","background-attachment":"scroll","background-type":"","background-media":"","overlay-type":"","overlay-color":"","overlay-gradient":""},"mobile":{"background-color":"","background-image":"","background-repeat":"repeat","background-position":"center center","background-size":"auto","background-attachment":"scroll","background-type":"","background-media":"","overlay-type":"","overlay-color":"","overlay-gradient":""}},"ast-content-background-meta":{"desktop":{"background-color":"var(--ast-global-color-5)","background-image":"","background-repeat":"repeat","background-position":"center center","background-size":"auto","background-attachment":"scroll","background-type":"","background-media":"","overlay-type":"","overlay-color":"","overlay-gradient":""},"tablet":{"background-color":"var(--ast-global-color-5)","background-image":"","background-repeat":"repeat","background-position":"center center","background-size":"auto","background-attachment":"scroll","background-type":"","background-media":"","overlay-type":"","overlay-color":"","overlay-gradient":""},"mobile":{"background-color":"var(--ast-global-color-5)","background-image":"","background-repeat":"repeat","background-position":"center center","background-size":"auto","background-attachment":"scroll","background-type":"","background-media":"","overlay-type":"","overlay-color":"","overlay-gradient":""}},"footnotes":""},"categories":[986,1140],"tags":[5521,143298,144581,231071,38979,81665],"class_list":["post-117213","post","type-post","status-publish","format-standard","hentry","category-complutense-de-madrid","category-formacion-y-empleo-de-profesores","tag-antonio-bautista-garcia-vera","tag-asuncion-manzanares-moya","tag-clemente-herrero-fabregat","tag-inmaculada-gomez-jarabo","tag-laura-rayon-rumayor","tag-primitivo-sanchez-delgado"],"_links":{"self":[{"href":"https:\/\/www.deberes.net\/tesis\/wp-json\/wp\/v2\/posts\/117213","targetHints":{"allow":["GET"]}}],"collection":[{"href":"https:\/\/www.deberes.net\/tesis\/wp-json\/wp\/v2\/posts"}],"about":[{"href":"https:\/\/www.deberes.net\/tesis\/wp-json\/wp\/v2\/types\/post"}],"author":[{"embeddable":true,"href":"https:\/\/www.deberes.net\/tesis\/wp-json\/wp\/v2\/users\/1"}],"replies":[{"embeddable":true,"href":"https:\/\/www.deberes.net\/tesis\/wp-json\/wp\/v2\/comments?post=117213"}],"version-history":[{"count":0,"href":"https:\/\/www.deberes.net\/tesis\/wp-json\/wp\/v2\/posts\/117213\/revisions"}],"wp:attachment":[{"href":"https:\/\/www.deberes.net\/tesis\/wp-json\/wp\/v2\/media?parent=117213"}],"wp:term":[{"taxonomy":"category","embeddable":true,"href":"https:\/\/www.deberes.net\/tesis\/wp-json\/wp\/v2\/categories?post=117213"},{"taxonomy":"post_tag","embeddable":true,"href":"https:\/\/www.deberes.net\/tesis\/wp-json\/wp\/v2\/tags?post=117213"}],"curies":[{"name":"wp","href":"https:\/\/api.w.org\/{rel}","templated":true}]}}