{"id":117230,"date":"2015-06-03T00:00:00","date_gmt":"2015-06-03T00:00:00","guid":{"rendered":"https:\/\/www.deberes.net\/tesis\/sin-categoria\/arquitectura-ante-cambios-demograficos-la-vivienda-existente-para-gente-mayor\/"},"modified":"2015-06-03T00:00:00","modified_gmt":"2015-06-03T00:00:00","slug":"arquitectura-ante-cambios-demograficos-la-vivienda-existente-para-gente-mayor","status":"publish","type":"post","link":"https:\/\/www.deberes.net\/tesis\/arquitectura\/arquitectura-ante-cambios-demograficos-la-vivienda-existente-para-gente-mayor\/","title":{"rendered":"Arquitectura ante cambios demogr\u00e1ficos: la vivienda existente para gente mayor."},"content":{"rendered":"<h2>Tesis doctoral de <strong> Marc De Rooij <\/strong><\/h2>\n<p>El objeto de este estudio ha sido desvelar la relevancia que tiene la arquitectura ante el cambio demogr\u00e1fico, prestando especial inter\u00e9s en la vivienda existente en espa\u00f1a. El giro demogr\u00e1fico de la poblaci\u00f3n es uno de los cambios m\u00e1s significativos del mundo actual. La poblaci\u00f3n mundial no s\u00f3lo aumenta, sino tambi\u00e9n envejece. Aunque la arquitectura institucional y asistencial para personas mayores merece toda la atenci\u00f3n ante el cambio demogr\u00e1fico, diferentes tendencias e investigaciones sugieren que una aplicaci\u00f3n m\u00e1s diversa de modelos de adaptaci\u00f3n, o regeneraci\u00f3n, referente a la vivienda actual de las personas mayores es necesaria. la adaptaci\u00f3n, o la regeneraci\u00f3n de la vivienda, tiene varios objetivos. En primer lugar, y como primera necesidad a corto plazo, existe la necesidad de la mejora funcional de la vivienda que permita a las personas mayores permanecer m\u00e1s tiempo en la vivienda actual con independencia. En segundo lugar, crear con la arquitectura un entorno de incentivaci\u00f3n de las habilidades cognitivas y f\u00edsicas; la vivienda corno entorno estimulante. La tercera raz\u00f3n es la preparaci\u00f3n de la vivienda a la inevitable era post-envejecimiento y por lo tanto crear una arquitectura socio-sostenible. existen tres razones principales por las cuales la vivienda actual y existente es el objeto de intervenci\u00f3n principal ante los cambios demogr\u00e1ficos: (1) la mayor\u00eda de las personas mayores prefieren, mientras puedan, continuar viviendo en su propia casa; (2) la vivienda actual es un importante instrumento para apoyar la memoria; (3) y la reestructuraci\u00f3n de la construcci\u00f3n en espa\u00f1a en los pr\u00f3ximos a\u00f1os est\u00e1 dirigida a la rehabilitaci\u00f3n y en consecuencia a la vivienda existente. no obstante la vivienda, actualmente en uso en espa\u00f1a, no est\u00e1 preparada para responder correctamente a los cambios demogr\u00e1ficos porque la mayor\u00eda no es suficientemente accesible. El grado de accesibilidad de edificios de viviendas, seg\u00fan datos del a\u00f1o 2011, es muy bajo: solo un 24% es accesible. Otra raz\u00f3n, por la que la vivienda existente no est\u00e1 preparada, es la infraocupaci\u00f3n, que lleva asociada la ineficiencia energ\u00e9tica y uso inadecuado. para conseguir un parque de viviendas apto para una sociedad envejecida, y de modo m\u00e1s gen\u00e9rico, anticip\u00e1ndose a estructuras socio-econ\u00f3rnicas cambiantes, es aconsejable diferenciar 5 tipos de adaptaci\u00f3n que en conjunto responden a los diversos ingredientes necesarios para un envejecimiento independiente, sano y activo: la adaptaci\u00f3n funcional (1) es la adaptaci\u00f3n m\u00e1s resolutiva y ya ampliamente conocida y aplicada. Este tipo de adaptaci\u00f3n se puede definir corno medicinal; soluciona problemas f\u00edsicos concretos -de movilidad y de ejecuci\u00f3n de tareas- en lugares determinados. en cambio, la adaptaci\u00f3n social (2) se considera una forma de adaptaci\u00f3n tanto resolutiva corno preventiva. La adaptaci\u00f3n social se divide en 2 directrices principales: prever espacios de interacci\u00f3n social &#8211; tanto visual como f\u00edsico- y prever espacios para acercar la asistencia social a la vivienda. la adaptaci\u00f3n laboral (3) es la directriz que no solo provee la incorporaci\u00f3n de espacios dedicados a actividades laborales en la vivienda o cerca de ella, pero tambi\u00e9n proporciona un entorno estimulante para la realizaci\u00f3n de actividades laborales. la adaptaci\u00f3n sensorial (4) se puede dividir en dos grupos de estirnulaci\u00f3n: la estirnulaci\u00f3n f\u00edsica y la estirnulaci\u00f3n ps\u00edquica. Esta directriz incorpora modelos para aumentar la actividad f\u00edsica y mental, y modelos para fomentar la autoestima. la \u00faltima directriz considera el dinamismo demogr\u00e1fico. La adaptaci\u00f3n regenerativa (5) se puede considerar la directriz m\u00e1s gen\u00e9rica, pero a la vez imprescindible como nota de relatividad. El prop\u00f3sito de construir edificios m\u00e1s sostenibles implica que desde su concepci\u00f3n el edificio de vivienda tiene que ser considerado corno un ente socio-sostenible, adaptable a cambios demogr\u00e1ficos y socio-econ\u00f3rnicos.<\/p>\n<p>&nbsp;<\/p>\n<h3>Datos acad\u00e9micos de la tesis doctoral \u00ab<strong>Arquitectura ante cambios demogr\u00e1ficos: la vivienda existente para gente mayor.<\/strong>\u00ab<\/h3>\n<ul>\n<li><strong>T\u00edtulo de la tesis:<\/strong>\u00a0 Arquitectura ante cambios demogr\u00e1ficos: la vivienda existente para gente mayor. <\/li>\n<li><strong>Autor:<\/strong>\u00a0 Marc De Rooij <\/li>\n<li><strong>Universidad:<\/strong>\u00a0 Polit\u00e9cnica de catalunya<\/li>\n<li><strong>Fecha de lectura de la tesis:<\/strong>\u00a0 06\/03\/2015<\/li>\n<\/ul>\n<p>&nbsp;<\/p>\n<h3>Direcci\u00f3n y tribunal<\/h3>\n<ul>\n<li><strong>Director de la tesis<\/strong>\n<ul>\n<li>Magdalena Saura Carulla<\/li>\n<\/ul>\n<\/li>\n<li><strong>Tribunal<\/strong>\n<ul>\n<li>Presidente del tribunal: josep Munta\u00f1ola thornbergs <\/li>\n<li>enric Pol urrutia (vocal)<\/li>\n<li>margarita Costa trost (vocal)<\/li>\n<li>teresa Roma\u00f1\u00e1 blay (vocal)<\/li>\n<\/ul>\n<\/li>\n<\/ul>\n<p>&nbsp;<\/p>\n","protected":false},"excerpt":{"rendered":"<p>Tesis doctoral de Marc De Rooij El objeto de este estudio ha sido desvelar la relevancia que tiene la arquitectura [&hellip;]<\/p>\n","protected":false},"author":1,"featured_media":0,"comment_status":"open","ping_status":"open","sticky":false,"template":"","format":"standard","meta":{"site-sidebar-layout":"default","site-content-layout":"","ast-site-content-layout":"","site-content-style":"default","site-sidebar-style":"default","ast-global-header-display":"","ast-banner-title-visibility":"","ast-main-header-display":"","ast-hfb-above-header-display":"","ast-hfb-below-header-display":"","ast-hfb-mobile-header-display":"","site-post-title":"","ast-breadcrumbs-content":"","ast-featured-img":"","footer-sml-layout":"","theme-transparent-header-meta":"","adv-header-id-meta":"","stick-header-meta":"","header-above-stick-meta":"","header-main-stick-meta":"","header-below-stick-meta":"","astra-migrate-meta-layouts":"default","ast-page-background-enabled":"default","ast-page-background-meta":{"desktop":{"background-color":"var(--ast-global-color-4)","background-image":"","background-repeat":"repeat","background-position":"center center","background-size":"auto","background-attachment":"scroll","background-type":"","background-media":"","overlay-type":"","overlay-color":"","overlay-gradient":""},"tablet":{"background-color":"","background-image":"","background-repeat":"repeat","background-position":"center center","background-size":"auto","background-attachment":"scroll","background-type":"","background-media":"","overlay-type":"","overlay-color":"","overlay-gradient":""},"mobile":{"background-color":"","background-image":"","background-repeat":"repeat","background-position":"center center","background-size":"auto","background-attachment":"scroll","background-type":"","background-media":"","overlay-type":"","overlay-color":"","overlay-gradient":""}},"ast-content-background-meta":{"desktop":{"background-color":"var(--ast-global-color-5)","background-image":"","background-repeat":"repeat","background-position":"center center","background-size":"auto","background-attachment":"scroll","background-type":"","background-media":"","overlay-type":"","overlay-color":"","overlay-gradient":""},"tablet":{"background-color":"var(--ast-global-color-5)","background-image":"","background-repeat":"repeat","background-position":"center center","background-size":"auto","background-attachment":"scroll","background-type":"","background-media":"","overlay-type":"","overlay-color":"","overlay-gradient":""},"mobile":{"background-color":"var(--ast-global-color-5)","background-image":"","background-repeat":"repeat","background-position":"center center","background-size":"auto","background-attachment":"scroll","background-type":"","background-media":"","overlay-type":"","overlay-color":"","overlay-gradient":""}},"footnotes":""},"categories":[4509,4697,15596],"tags":[26238,15638,37517,231097,130065,56705],"class_list":["post-117230","post","type-post","status-publish","format-standard","hentry","category-arquitectura","category-envejecimiento-de-la-poblacion","category-politecnica-de-catalunya","tag-enric-pol-urrutia","tag-josep-muntanola-thornbergs","tag-magdalena-saura-carulla","tag-marc-de-rooij","tag-margarita-costa-trost","tag-teresa-romana-blay"],"_links":{"self":[{"href":"https:\/\/www.deberes.net\/tesis\/wp-json\/wp\/v2\/posts\/117230","targetHints":{"allow":["GET"]}}],"collection":[{"href":"https:\/\/www.deberes.net\/tesis\/wp-json\/wp\/v2\/posts"}],"about":[{"href":"https:\/\/www.deberes.net\/tesis\/wp-json\/wp\/v2\/types\/post"}],"author":[{"embeddable":true,"href":"https:\/\/www.deberes.net\/tesis\/wp-json\/wp\/v2\/users\/1"}],"replies":[{"embeddable":true,"href":"https:\/\/www.deberes.net\/tesis\/wp-json\/wp\/v2\/comments?post=117230"}],"version-history":[{"count":0,"href":"https:\/\/www.deberes.net\/tesis\/wp-json\/wp\/v2\/posts\/117230\/revisions"}],"wp:attachment":[{"href":"https:\/\/www.deberes.net\/tesis\/wp-json\/wp\/v2\/media?parent=117230"}],"wp:term":[{"taxonomy":"category","embeddable":true,"href":"https:\/\/www.deberes.net\/tesis\/wp-json\/wp\/v2\/categories?post=117230"},{"taxonomy":"post_tag","embeddable":true,"href":"https:\/\/www.deberes.net\/tesis\/wp-json\/wp\/v2\/tags?post=117230"}],"curies":[{"name":"wp","href":"https:\/\/api.w.org\/{rel}","templated":true}]}}