{"id":117239,"date":"2015-08-03T00:00:00","date_gmt":"2015-08-03T00:00:00","guid":{"rendered":"https:\/\/www.deberes.net\/tesis\/sin-categoria\/la-guardia-civil-defensa-de-la-ley-y-servicio-a-espana\/"},"modified":"2015-08-03T00:00:00","modified_gmt":"2015-08-03T00:00:00","slug":"la-guardia-civil-defensa-de-la-ley-y-servicio-a-espana","status":"publish","type":"post","link":"https:\/\/www.deberes.net\/tesis\/complutense-de-madrid\/la-guardia-civil-defensa-de-la-ley-y-servicio-a-espana\/","title":{"rendered":"La guardia civil, defensa de la ley y servicio a espa\u00f1a."},"content":{"rendered":"<h2>Tesis doctoral de <strong> Pedro Isidoro Cordoba Quintana <\/strong><\/h2>\n<p>El presente proyecto de tesis doctoral busca ser un estudio de la guardia civil en sus vertientes hist\u00f3rica y legislativa, apoy\u00e1ndonos en el derecho natural, administrativo y penal, dentro de un progresivo y adaptado ordenamiento jur\u00eddico espa\u00f1ol, al respecto. Para ello, nos apoyamos en la b\u00fasqueda de su raz\u00f3n de ser, en las acciones de la benem\u00e9rita, sus ideales, su filosof\u00eda como instituci\u00f3n y su devenir dentro de una sociedad, la espa\u00f1ola, en continuo cambio; una instituci\u00f3n que est\u00e1 presente y acompa\u00f1a a los cambios m\u00e1s importantes, dada la trascendencia pol\u00edtica, social econ\u00f3mica, industrial e incluso formativa de estos cambios que se producen en el seno del pueblo espa\u00f1ol durante todos estos a\u00f1os de estudio.Creada en 1844, la guardia civil, cuerpo de orden y de paz, naci\u00f3n con un marcado car\u00e1cter civil-militar y con la misi\u00f3n principal de pacificar los caminos y pueblos de espa\u00f1a (defensa de carruajes, servicio de escoltas y protecci\u00f3n de v\u00edas y caminos) en un momento hist\u00f3rico presidido por la anarqu\u00eda general y el desorden p\u00fablico en el que campos y monta\u00f1as estaban infectados de bandoleros: \u00abpor ti cultivan la tierra, la patria goza calma\u00bb, dice su himno; p\u00e9rez gald\u00f3s se refiere a ella como \u00abun ser grande, y eficaz, y de robusta vida\u00bb.Su puesta en marcha se hace no a trav\u00e9s de una disposici\u00f3n, sino a trav\u00e9s de tres reales decretos (26 de enero de 1884, 28 de marzo de 1844, 13 de mayo de 1844) que, en s\u00f3lo seis semanas, se van a complementar entre s\u00ed. \u00abEl gobierno ha menester una fuerza siempre disponible para proteger las personas y las propiedades; y en espa\u00f1a, donde la necesidad es mayor por efectos de sus guerras y disturbios civiles, no tiene la sociedad ni el gobierno m\u00e1s apoyo ni escudo que la milicia o el ej\u00e9rcito, inadecuados para llevar este objeto cumplidamente o sin prejuicios\u00bb. Para su puesta en funcionamiento se redactan dos reglamentos y, un a\u00f1o despu\u00e9s, se promulga una nueva disposici\u00f3n, la c\u00e9lebre cartilla que, pase a tener menor rango legal, rectificar\u00e1 a los dos reglamentos anteriores, lleganso a superarlos en cuanto a resonancia y seguimiento dentro del cuerpo.Nace con la labor de servir al orden p\u00fablico en las amplias zonas rurales, donde alcanza una gran popularidad, confianza y apoyo por su acreditada labor; esta confianza, a la que se hace acreedora ante los ojos de la sociedad y del gobierno, hace que se le a\u00f1adan otras competencias, tambi\u00e9n en las ciudades donde, pronto, se producir\u00edan duros disturbios y fuertes enfrentamientos de tipo pol\u00edtico, social o reivindicativo: \u00abviva espa\u00f1a, viva el orden, viva la ley, viva honrada la guardia civil\u00bb.En cuanto a la filosof\u00eda, a los valores morales de la guardia civil, y con respecto a su esencia, veremos como siempre permanecer\u00e1n la impronta de eficacia y disciplina que le imprimiera el duque de ahumda como m\u00e1ximas para garantizar su compromiso diario con el orden y la ley; con la defensa de la libertad de los ciudadanos, como baluartes y humildes servidores que se sienten del estado de derecho, de las leyes. Y, veremos como siempre, siempre, la benem\u00e9rita tendr\u00e1 presente la divisa inequ\u00edvoca del leal servicio a la unidad y diversidad  de la patria com\u00fan de todos -de absolutamente todos- los habitantes de esta vieja e hist\u00f3rica piel de toro, al servicio de la patria com\u00fan, de espa\u00f1a.Tambi\u00e9n en nuestra historia reciente, al ser los garantes del orden y de la ley, los hombres y mujeres del acharolado tricornio han sido siempre el centro de la acci\u00f3n de los encarnizados enemigos de la justicia y del progreso social; han sido blanco exclusivo de una criminalidad torva, torticera y oscura. En muchas, en demasiadas ocasiones, los enemigos del orden social  y pol\u00edtico y, con ello, de las normas y leyes de convivencia, igualdad y progreso que los espa\u00f1oles nos hemos dado como base del estado de derecho, en su deseo de destruirlos, se han cebado asesinando -en la sombra, cobarde e indiscriminadamente- a estos hombres y mujeres que velan y custodian la paz.<\/p>\n<p>&nbsp;<\/p>\n<h3>Datos acad\u00e9micos de la tesis doctoral \u00ab<strong>La guardia civil, defensa de la ley y servicio a espa\u00f1a.<\/strong>\u00ab<\/h3>\n<ul>\n<li><strong>T\u00edtulo de la tesis:<\/strong>\u00a0 La guardia civil, defensa de la ley y servicio a espa\u00f1a. <\/li>\n<li><strong>Autor:<\/strong>\u00a0 Pedro Isidoro Cordoba Quintana <\/li>\n<li><strong>Universidad:<\/strong>\u00a0 Complutense de Madrid<\/li>\n<li><strong>Fecha de lectura de la tesis:<\/strong>\u00a0 08\/03\/2015<\/li>\n<\/ul>\n<p>&nbsp;<\/p>\n<h3>Direcci\u00f3n y tribunal<\/h3>\n<ul>\n<li><strong>Director de la tesis<\/strong>\n<ul>\n<li>Fernando Santa Cecilia Garc\u00eda<\/li>\n<\/ul>\n<\/li>\n<li><strong>Tribunal<\/strong>\n<ul>\n<li>Presidente del tribunal: jose Iturmendi morales <\/li>\n<li>Santiago Carretero s\u00e1nchez (vocal)<\/li>\n<li>Mar\u00eda dolores Serrano tarraga (vocal)<\/li>\n<li>alfonso Serrano gomez (vocal)<\/li>\n<\/ul>\n<\/li>\n<\/ul>\n<p>&nbsp;<\/p>\n","protected":false},"excerpt":{"rendered":"<p>Tesis doctoral de Pedro Isidoro Cordoba Quintana El presente proyecto de tesis doctoral busca ser un estudio de la guardia [&hellip;]<\/p>\n","protected":false},"author":1,"featured_media":0,"comment_status":"open","ping_status":"open","sticky":false,"template":"","format":"standard","meta":{"site-sidebar-layout":"default","site-content-layout":"","ast-site-content-layout":"","site-content-style":"default","site-sidebar-style":"default","ast-global-header-display":"","ast-banner-title-visibility":"","ast-main-header-display":"","ast-hfb-above-header-display":"","ast-hfb-below-header-display":"","ast-hfb-mobile-header-display":"","site-post-title":"","ast-breadcrumbs-content":"","ast-featured-img":"","footer-sml-layout":"","theme-transparent-header-meta":"","adv-header-id-meta":"","stick-header-meta":"","header-above-stick-meta":"","header-main-stick-meta":"","header-below-stick-meta":"","astra-migrate-meta-layouts":"default","ast-page-background-enabled":"default","ast-page-background-meta":{"desktop":{"background-color":"var(--ast-global-color-4)","background-image":"","background-repeat":"repeat","background-position":"center center","background-size":"auto","background-attachment":"scroll","background-type":"","background-media":"","overlay-type":"","overlay-color":"","overlay-gradient":""},"tablet":{"background-color":"","background-image":"","background-repeat":"repeat","background-position":"center center","background-size":"auto","background-attachment":"scroll","background-type":"","background-media":"","overlay-type":"","overlay-color":"","overlay-gradient":""},"mobile":{"background-color":"","background-image":"","background-repeat":"repeat","background-position":"center center","background-size":"auto","background-attachment":"scroll","background-type":"","background-media":"","overlay-type":"","overlay-color":"","overlay-gradient":""}},"ast-content-background-meta":{"desktop":{"background-color":"var(--ast-global-color-5)","background-image":"","background-repeat":"repeat","background-position":"center center","background-size":"auto","background-attachment":"scroll","background-type":"","background-media":"","overlay-type":"","overlay-color":"","overlay-gradient":""},"tablet":{"background-color":"var(--ast-global-color-5)","background-image":"","background-repeat":"repeat","background-position":"center center","background-size":"auto","background-attachment":"scroll","background-type":"","background-media":"","overlay-type":"","overlay-color":"","overlay-gradient":""},"mobile":{"background-color":"var(--ast-global-color-5)","background-image":"","background-repeat":"repeat","background-position":"center center","background-size":"auto","background-attachment":"scroll","background-type":"","background-media":"","overlay-type":"","overlay-color":"","overlay-gradient":""}},"footnotes":""},"categories":[986,11777],"tags":[5166,204592,4854,214953,209966,19049],"class_list":["post-117239","post","type-post","status-publish","format-standard","hentry","category-complutense-de-madrid","category-filosofia-del-derecho","tag-alfonso-serrano-gomez","tag-fernando-santa-cecilia-garcia","tag-jose-iturmendi-morales","tag-maria-dolores-serrano-tarraga","tag-pedro-isidoro-cordoba-quintana","tag-santiago-carretero-sanchez"],"_links":{"self":[{"href":"https:\/\/www.deberes.net\/tesis\/wp-json\/wp\/v2\/posts\/117239","targetHints":{"allow":["GET"]}}],"collection":[{"href":"https:\/\/www.deberes.net\/tesis\/wp-json\/wp\/v2\/posts"}],"about":[{"href":"https:\/\/www.deberes.net\/tesis\/wp-json\/wp\/v2\/types\/post"}],"author":[{"embeddable":true,"href":"https:\/\/www.deberes.net\/tesis\/wp-json\/wp\/v2\/users\/1"}],"replies":[{"embeddable":true,"href":"https:\/\/www.deberes.net\/tesis\/wp-json\/wp\/v2\/comments?post=117239"}],"version-history":[{"count":0,"href":"https:\/\/www.deberes.net\/tesis\/wp-json\/wp\/v2\/posts\/117239\/revisions"}],"wp:attachment":[{"href":"https:\/\/www.deberes.net\/tesis\/wp-json\/wp\/v2\/media?parent=117239"}],"wp:term":[{"taxonomy":"category","embeddable":true,"href":"https:\/\/www.deberes.net\/tesis\/wp-json\/wp\/v2\/categories?post=117239"},{"taxonomy":"post_tag","embeddable":true,"href":"https:\/\/www.deberes.net\/tesis\/wp-json\/wp\/v2\/tags?post=117239"}],"curies":[{"name":"wp","href":"https:\/\/api.w.org\/{rel}","templated":true}]}}