{"id":117242,"date":"2015-09-03T00:00:00","date_gmt":"2015-09-03T00:00:00","guid":{"rendered":"https:\/\/www.deberes.net\/tesis\/sin-categoria\/el-instituto-homeopatico-y-hospital-de-san-jose-de-madrid-y-su-entorno-profesional-en-el-ultimo-tercio-del-siglo-xix\/"},"modified":"2015-09-03T00:00:00","modified_gmt":"2015-09-03T00:00:00","slug":"el-instituto-homeopatico-y-hospital-de-san-jose-de-madrid-y-su-entorno-profesional-en-el-ultimo-tercio-del-siglo-xix","status":"publish","type":"post","link":"https:\/\/www.deberes.net\/tesis\/historia-de-la-medicina\/el-instituto-homeopatico-y-hospital-de-san-jose-de-madrid-y-su-entorno-profesional-en-el-ultimo-tercio-del-siglo-xix\/","title":{"rendered":"El instituto homeopatico y hospital de san jose de Madrid y su entorno profesional en el ultimo tercio del siglo xix"},"content":{"rendered":"<h2>Tesis doctoral de <strong> Juli\u00e1n Mart\u00edn <\/strong><\/h2>\n<p>El home\u00f3pata jos\u00e9 n\u00fa\u00f1ez, marqu\u00e9s de n\u00fa\u00f1ez, funda en 1878 el instituto homeop\u00e1tico y hospital de san jos\u00e9 (ihyhsj), como instituci\u00f3n ben\u00e9fica y docente. En 1850 y 1865 ya hubo intentos de la sociedad hahnemanniana matritense (shm) para conseguir un respaldo oficial, pero la coyuntura pol\u00edtico-administrativa lo impide, mientras la beneficencia estaba a\u00fan consolid\u00e1ndose. Distinguimos dos \u00e9pocas hist\u00f3ricas, una de ascenso (1873-1886) y otra de declive (1887-1901), con varias etapas en cada una. En la primera (hasta 1878), n\u00fa\u00f1ez, tras aprobar la shm en 1872 el proyecto del hospital v\u00eda suscripci\u00f3n p\u00fablica, inicia un laborioso proceso, asesorado por destacados pol\u00edticos, tanto eclesi\u00e1sticos como nobles, para hacer la fundaci\u00f3n de beneficencia particular a su nombre. Establece una junta de patronos presidida por el arzobispo de toledo; entre ellos est\u00e1n el duque de veragua y el conde de pu\u00f1onrostro \u00c2\u00bfambos grandes pol\u00edticos-, el marqu\u00e9s de los salados \u00c2\u00bfprimero joaqu\u00edn n\u00fa\u00f1ez pern\u00eda, luego su hijo carlos-, los cuatros catedr\u00e1ticos \u00c2\u00bfpellicer y anastasio \u00e1lvarez, reputados cl\u00ednicos; anastasio garc\u00eda l\u00f3pez, hidr\u00f3logo, expone una doctrina m\u00e1s cient\u00edfica; y villafranca, hidr\u00f3logo y gran te\u00f3rico, explica la terap\u00e9utica, pero enseguida renuncia y lo sustituye vignau- y dos socios de honor y m\u00e9rito de la shm. En 1878 se abre al p\u00fablico el hsj y comienza el primer curso en el ih. Los primeros a\u00f1os est\u00e1n marcados por una actividad titubeante regida por reglamentos primero provisionales (1878), luego definitivos (1880, 1881), aunque crece la asistencia y se forman profesionales con diversa proyecci\u00f3n (jord\u00e1n, catedr\u00e1tico en 1894; saqueta, futuro tesorero de la shm); tras la muerte de n\u00fa\u00f1ez en 1879, el patronato est\u00e1 enfrentado con la shm por la propiedad del hospital. En la etapa de consolidaci\u00f3n, la actividad docente se afianza, form\u00e1ndose m\u00e9dicos de gran relevancia (esparza, gran propagador de la doctrina; lapuente, gran cl\u00ednico y futuro presidente de la shm; blanco, patrono en 1897; aunque descolla pinilla, futuro catedr\u00e1tico de hidrolog\u00eda). Pero la mala gesti\u00f3n econ\u00f3mica anuncia el declive; en 1887 el nuevo reglamento tiene un car\u00e1cter muy fiscalizador; en 1890, anastasio, pellicer y vignau abandonan la junta, por la nefasta gesti\u00f3n de los legados, al tiempo que se desaparece el criterio m\u00e9dico. Aunque la actividad sigue con cierta inercia, a partir de 1896, el enfrentamiento del sector m\u00e9dico con los aspirantes a la direcci\u00f3n administrativa (carlos y el segundo marqu\u00e9s de n\u00fa\u00f1ez) es cr\u00edtico y poco pueden hacer el duque y el obispo para que no se acabe disgregando.<\/p>\n<p>&nbsp;<\/p>\n<h3>Datos acad\u00e9micos de la tesis doctoral \u00ab<strong>El instituto homeopatico y hospital de san jose de Madrid y su entorno profesional en el ultimo tercio del siglo xix<\/strong>\u00ab<\/h3>\n<ul>\n<li><strong>T\u00edtulo de la tesis:<\/strong>\u00a0 El instituto homeopatico y hospital de san jose de Madrid y su entorno profesional en el ultimo tercio del siglo xix <\/li>\n<li><strong>Autor:<\/strong>\u00a0 Juli\u00e1n Mart\u00edn <\/li>\n<li><strong>Universidad:<\/strong>\u00a0 Complutense de Madrid<\/li>\n<li><strong>Fecha de lectura de la tesis:<\/strong>\u00a0 09\/03\/2015<\/li>\n<\/ul>\n<p>&nbsp;<\/p>\n<h3>Direcci\u00f3n y tribunal<\/h3>\n<ul>\n<li><strong>Director de la tesis<\/strong>\n<ul>\n<li>Sagrario Mu\u00f1oz Calvo<\/li>\n<\/ul>\n<\/li>\n<li><strong>Tribunal<\/strong>\n<ul>\n<li>Presidente del tribunal: Francisco Maraver eyzaguirre <\/li>\n<li>Juan  Carlos Hernandez clemente (vocal)<\/li>\n<li>Alberto Gomis blanco (vocal)<\/li>\n<li>Rafael Huertas garcia alejo (vocal)<\/li>\n<\/ul>\n<\/li>\n<\/ul>\n<p>&nbsp;<\/p>\n","protected":false},"excerpt":{"rendered":"<p>Tesis doctoral de Juli\u00e1n Mart\u00edn El home\u00f3pata jos\u00e9 n\u00fa\u00f1ez, marqu\u00e9s de n\u00fa\u00f1ez, funda en 1878 el instituto homeop\u00e1tico y hospital [&hellip;]<\/p>\n","protected":false},"author":1,"featured_media":0,"comment_status":"open","ping_status":"open","sticky":false,"template":"","format":"standard","meta":{"site-sidebar-layout":"default","site-content-layout":"","ast-site-content-layout":"","site-content-style":"default","site-sidebar-style":"default","ast-global-header-display":"","ast-banner-title-visibility":"","ast-main-header-display":"","ast-hfb-above-header-display":"","ast-hfb-below-header-display":"","ast-hfb-mobile-header-display":"","site-post-title":"","ast-breadcrumbs-content":"","ast-featured-img":"","footer-sml-layout":"","theme-transparent-header-meta":"","adv-header-id-meta":"","stick-header-meta":"","header-above-stick-meta":"","header-main-stick-meta":"","header-below-stick-meta":"","astra-migrate-meta-layouts":"default","ast-page-background-enabled":"default","ast-page-background-meta":{"desktop":{"background-color":"var(--ast-global-color-4)","background-image":"","background-repeat":"repeat","background-position":"center center","background-size":"auto","background-attachment":"scroll","background-type":"","background-media":"","overlay-type":"","overlay-color":"","overlay-gradient":""},"tablet":{"background-color":"","background-image":"","background-repeat":"repeat","background-position":"center center","background-size":"auto","background-attachment":"scroll","background-type":"","background-media":"","overlay-type":"","overlay-color":"","overlay-gradient":""},"mobile":{"background-color":"","background-image":"","background-repeat":"repeat","background-position":"center center","background-size":"auto","background-attachment":"scroll","background-type":"","background-media":"","overlay-type":"","overlay-color":"","overlay-gradient":""}},"ast-content-background-meta":{"desktop":{"background-color":"var(--ast-global-color-5)","background-image":"","background-repeat":"repeat","background-position":"center center","background-size":"auto","background-attachment":"scroll","background-type":"","background-media":"","overlay-type":"","overlay-color":"","overlay-gradient":""},"tablet":{"background-color":"var(--ast-global-color-5)","background-image":"","background-repeat":"repeat","background-position":"center center","background-size":"auto","background-attachment":"scroll","background-type":"","background-media":"","overlay-type":"","overlay-color":"","overlay-gradient":""},"mobile":{"background-color":"var(--ast-global-color-5)","background-image":"","background-repeat":"repeat","background-position":"center center","background-size":"auto","background-attachment":"scroll","background-type":"","background-media":"","overlay-type":"","overlay-color":"","overlay-gradient":""}},"footnotes":""},"categories":[986,221],"tags":[4920,2713,85515,231111,5184,1619],"class_list":["post-117242","post","type-post","status-publish","format-standard","hentry","category-complutense-de-madrid","category-historia-de-la-medicina","tag-alberto-gomis-blanco","tag-francisco-maraver-eyzaguirre","tag-juan-carlos-hernandez-clemente","tag-julian-martin","tag-rafael-huertas-garcia-alejo","tag-sagrario-munoz-calvo"],"_links":{"self":[{"href":"https:\/\/www.deberes.net\/tesis\/wp-json\/wp\/v2\/posts\/117242","targetHints":{"allow":["GET"]}}],"collection":[{"href":"https:\/\/www.deberes.net\/tesis\/wp-json\/wp\/v2\/posts"}],"about":[{"href":"https:\/\/www.deberes.net\/tesis\/wp-json\/wp\/v2\/types\/post"}],"author":[{"embeddable":true,"href":"https:\/\/www.deberes.net\/tesis\/wp-json\/wp\/v2\/users\/1"}],"replies":[{"embeddable":true,"href":"https:\/\/www.deberes.net\/tesis\/wp-json\/wp\/v2\/comments?post=117242"}],"version-history":[{"count":0,"href":"https:\/\/www.deberes.net\/tesis\/wp-json\/wp\/v2\/posts\/117242\/revisions"}],"wp:attachment":[{"href":"https:\/\/www.deberes.net\/tesis\/wp-json\/wp\/v2\/media?parent=117242"}],"wp:term":[{"taxonomy":"category","embeddable":true,"href":"https:\/\/www.deberes.net\/tesis\/wp-json\/wp\/v2\/categories?post=117242"},{"taxonomy":"post_tag","embeddable":true,"href":"https:\/\/www.deberes.net\/tesis\/wp-json\/wp\/v2\/tags?post=117242"}],"curies":[{"name":"wp","href":"https:\/\/api.w.org\/{rel}","templated":true}]}}