{"id":11728,"date":"2018-03-09T08:57:13","date_gmt":"2018-03-09T08:57:13","guid":{"rendered":"https:\/\/www.deberes.net\/tesis\/sin-categoria\/proyecciones-coliculo-geniculadas-de-la-via-auditiva-en-la-rata-albina\/"},"modified":"2018-03-09T08:57:13","modified_gmt":"2018-03-09T08:57:13","slug":"proyecciones-coliculo-geniculadas-de-la-via-auditiva-en-la-rata-albina","status":"publish","type":"post","link":"https:\/\/www.deberes.net\/tesis\/ciencias-de-la-vida\/proyecciones-coliculo-geniculadas-de-la-via-auditiva-en-la-rata-albina\/","title":{"rendered":"Proyecciones coliculo geniculadas de la via auditiva en la rata albina"},"content":{"rendered":"<h2>Tesis doctoral de <strong> Alicia Clemente Garcia <\/strong><\/h2>\n<p>El objetivo de nuestra tesis es el estudio de las proyecciones col\u00edculo-geniculadas de la v\u00eda ac\u00fastica ascendente en la rata albina. Para ello hemos usado un trazador fundamentalmente aner\u00f3grado, el amino dextrano biotinilado (bda), para proporcionar datos para el esclarecimiento de la organizaci\u00f3n morfofuncional de la v\u00eda ac\u00fastica en el territorio del cuerpo geniculado medial (cgm). Hemos observado que la t\u00e9cnica usada se revela adecuada para el estudio de las proyecciones col\u00edculo-geniculadas, tanto por la resoluci\u00f3n de las fibras y terminales como por la reproductibilidad de resultados. vemos que las fibras originadas en n\u00facleo central de col\u00edculo inferior tienen como diana la divisi\u00f3n ventral del cgm. Las proyecciones que se originan en corteza dorsal y externa afectan a la divisi\u00f3n dorsal, medial, suprageniculado, y n\u00facleos tal\u00e1micos rostrales a cgm. Tambi\u00e9n existen proyecciones desde col\u00edculo inferior a cgm contralateral. Esta proyecci\u00f3n reproduce aunque en menos extensi\u00f3n y densidad, la proyecci\u00f3n al cgm ipislateral al punto de inyecci\u00f3n.<\/p>\n<p>&nbsp;<\/p>\n<h3>Datos acad\u00e9micos de la tesis doctoral \u00ab<strong>Proyecciones coliculo geniculadas de la via auditiva en la rata albina<\/strong>\u00ab<\/h3>\n<ul>\n<li><strong>T\u00edtulo de la tesis:<\/strong>\u00a0 Proyecciones coliculo geniculadas de la via auditiva en la rata albina <\/li>\n<li><strong>Autor:<\/strong>\u00a0 Alicia Clemente Garcia <\/li>\n<li><strong>Universidad:<\/strong>\u00a0 Salamanca<\/li>\n<li><strong>Fecha de lectura de la tesis:<\/strong>\u00a0 28\/06\/2001<\/li>\n<\/ul>\n<p>&nbsp;<\/p>\n<h3>Direcci\u00f3n y tribunal<\/h3>\n<ul>\n<li><strong>Director de la tesis<\/strong>\n<ul>\n<li>Francisco Coll\u00eda Fern\u00e1ndez<\/li>\n<\/ul>\n<\/li>\n<li><strong>Tribunal<\/strong>\n<ul>\n<li>Presidente del tribunal: eliseo Carrascal marino <\/li>\n<li>Manuel Rosetti plaza (vocal)<\/li>\n<li>Manuel Montesionos castro-girona (vocal)<\/li>\n<li>adelina Victoria fuster (vocal)<\/li>\n<\/ul>\n<\/li>\n<\/ul>\n<p>&nbsp;<\/p>\n","protected":false},"excerpt":{"rendered":"<p>Tesis doctoral de Alicia Clemente Garcia El objetivo de nuestra tesis es el estudio de las proyecciones col\u00edculo-geniculadas de la [&hellip;]<\/p>\n","protected":false},"author":1,"featured_media":0,"comment_status":"open","ping_status":"open","sticky":false,"template":"","format":"standard","meta":{"site-sidebar-layout":"default","site-content-layout":"","ast-site-content-layout":"","site-content-style":"default","site-sidebar-style":"default","ast-global-header-display":"","ast-banner-title-visibility":"","ast-main-header-display":"","ast-hfb-above-header-display":"","ast-hfb-below-header-display":"","ast-hfb-mobile-header-display":"","site-post-title":"","ast-breadcrumbs-content":"","ast-featured-img":"","footer-sml-layout":"","theme-transparent-header-meta":"","adv-header-id-meta":"","stick-header-meta":"","header-above-stick-meta":"","header-main-stick-meta":"","header-below-stick-meta":"","astra-migrate-meta-layouts":"default","ast-page-background-enabled":"default","ast-page-background-meta":{"desktop":{"background-color":"var(--ast-global-color-4)","background-image":"","background-repeat":"repeat","background-position":"center center","background-size":"auto","background-attachment":"scroll","background-type":"","background-media":"","overlay-type":"","overlay-color":"","overlay-gradient":""},"tablet":{"background-color":"","background-image":"","background-repeat":"repeat","background-position":"center center","background-size":"auto","background-attachment":"scroll","background-type":"","background-media":"","overlay-type":"","overlay-color":"","overlay-gradient":""},"mobile":{"background-color":"","background-image":"","background-repeat":"repeat","background-position":"center center","background-size":"auto","background-attachment":"scroll","background-type":"","background-media":"","overlay-type":"","overlay-color":"","overlay-gradient":""}},"ast-content-background-meta":{"desktop":{"background-color":"var(--ast-global-color-5)","background-image":"","background-repeat":"repeat","background-position":"center center","background-size":"auto","background-attachment":"scroll","background-type":"","background-media":"","overlay-type":"","overlay-color":"","overlay-gradient":""},"tablet":{"background-color":"var(--ast-global-color-5)","background-image":"","background-repeat":"repeat","background-position":"center center","background-size":"auto","background-attachment":"scroll","background-type":"","background-media":"","overlay-type":"","overlay-color":"","overlay-gradient":""},"mobile":{"background-color":"var(--ast-global-color-5)","background-image":"","background-repeat":"repeat","background-position":"center center","background-size":"auto","background-attachment":"scroll","background-type":"","background-media":"","overlay-type":"","overlay-color":"","overlay-gradient":""}},"footnotes":""},"categories":[212,35,8868,4275,9386],"tags":[20632,38477,9546,9696,38479,38478],"class_list":["post-11728","post","type-post","status-publish","format-standard","hentry","category-biologia-humana","category-ciencias-de-la-vida","category-neuroanatomia-humana","category-neurociencias","category-salamanca","tag-adelina-victoria-fuster","tag-alicia-clemente-garcia","tag-eliseo-carrascal-marino","tag-francisco-collia-fernandez","tag-manuel-montesionos-castro-girona","tag-manuel-rosetti-plaza"],"_links":{"self":[{"href":"https:\/\/www.deberes.net\/tesis\/wp-json\/wp\/v2\/posts\/11728","targetHints":{"allow":["GET"]}}],"collection":[{"href":"https:\/\/www.deberes.net\/tesis\/wp-json\/wp\/v2\/posts"}],"about":[{"href":"https:\/\/www.deberes.net\/tesis\/wp-json\/wp\/v2\/types\/post"}],"author":[{"embeddable":true,"href":"https:\/\/www.deberes.net\/tesis\/wp-json\/wp\/v2\/users\/1"}],"replies":[{"embeddable":true,"href":"https:\/\/www.deberes.net\/tesis\/wp-json\/wp\/v2\/comments?post=11728"}],"version-history":[{"count":0,"href":"https:\/\/www.deberes.net\/tesis\/wp-json\/wp\/v2\/posts\/11728\/revisions"}],"wp:attachment":[{"href":"https:\/\/www.deberes.net\/tesis\/wp-json\/wp\/v2\/media?parent=11728"}],"wp:term":[{"taxonomy":"category","embeddable":true,"href":"https:\/\/www.deberes.net\/tesis\/wp-json\/wp\/v2\/categories?post=11728"},{"taxonomy":"post_tag","embeddable":true,"href":"https:\/\/www.deberes.net\/tesis\/wp-json\/wp\/v2\/tags?post=11728"}],"curies":[{"name":"wp","href":"https:\/\/api.w.org\/{rel}","templated":true}]}}