{"id":11731,"date":"2018-03-09T08:57:13","date_gmt":"2018-03-09T08:57:13","guid":{"rendered":"https:\/\/www.deberes.net\/tesis\/sin-categoria\/la-plastica-y-el-medio-ambiente-propuesta-de-instrumetnacion-metodologica-de-la-educacion-arta%c2%adstica-en-infantil-y-primaria-y-su-interaccion-en-el-desarrollo-curricular\/"},"modified":"2018-03-09T08:57:13","modified_gmt":"2018-03-09T08:57:13","slug":"la-plastica-y-el-medio-ambiente-propuesta-de-instrumetnacion-metodologica-de-la-educacion-arta%c2%adstica-en-infantil-y-primaria-y-su-interaccion-en-el-desarrollo-curricular","status":"publish","type":"post","link":"https:\/\/www.deberes.net\/tesis\/ciencias-de-las-artes-y-las-letras\/la-plastica-y-el-medio-ambiente-propuesta-de-instrumetnacion-metodologica-de-la-educacion-arta%c2%adstica-en-infantil-y-primaria-y-su-interaccion-en-el-desarrollo-curricular\/","title":{"rendered":"La pl\u00e1stica y el medio ambiente: propuesta de instrumetnaci\u00f3n metodol\u00f3gica de la educaci\u00f3n art\u00edstica en infantil y primaria y su interacci\u00f3n en el desarrollo curricular."},"content":{"rendered":"<h2>Tesis doctoral de <strong> Juan a Isabel Guerra Cabrera <\/strong><\/h2>\n<p>Este trabajo de investigaci\u00f3n aporta un importante material metodol\u00f3gico y deid\u00e1ctico reunido en tiempo dilatado, valorado y estudiado, en una investigaci\u00f3n con textualizada en el aula, desde la experiencia y la pr\u00e1ctica.  con dicha aportaci\u00f3n se ha creado y confeciconado un material instructivo-instrumental hacia el dise\u00f1o y desarrollo de la ense\u00f1anza de la pl\u00e1stica, en un marco docente, donde el proceso de ense\u00f1anza-aprendizaje queda determinado en una metodolog\u00eda denomiada de taller y donde el medio ambiente constituye el punto de partida del que emerge la propuesta de instrumentaci\u00f3n metodol\u00f3gica.  se ofrecen balances, estudios pormenorizados, basados en datos y resultados reales, acerca de la actitud de los alumnos hacia la pl\u00e1stica, estados de opini\u00f3n del profesorado y situaci\u00f3n de la educaci\u00f3n art\u00edstica en educaci\u00f3n infantil y primaria. Resultados que se orientan a determinar el estado de la cuesti\u00f3n de las diferentes variables educativas que se ponen en juego en la investigaci\u00f3n.  estos resultados fundamentan la propuesta metodol\u00f3gica y permiten establecer contraste, llevarlo a la practica en el alula y dar respuestas creativas ante los problemas detctados.  se revisa lo hist\u00f3rico, como factor a priori, as\u00ed como lo sociocultural y lo evolutivo en el \u00e1mbito de las bellas artes. Hay, igualmente, un compromiso con el rigos cient\u00edfico y con lo metodol\u00f3gico, que propician pespectivas y planteamientos para futuras investigaciones en lo educativo y formativo en la educaci\u00f3n pl\u00e1stica.<\/p>\n<p>&nbsp;<\/p>\n<h3>Datos acad\u00e9micos de la tesis doctoral \u00ab<strong>La pl\u00e1stica y el medio ambiente: propuesta de instrumetnaci\u00f3n metodol\u00f3gica de la educaci\u00f3n art\u00edstica en infantil y primaria y su interacci\u00f3n en el desarrollo curricular.<\/strong>\u00ab<\/h3>\n<ul>\n<li><strong>T\u00edtulo de la tesis:<\/strong>\u00a0 La pl\u00e1stica y el medio ambiente: propuesta de instrumetnaci\u00f3n metodol\u00f3gica de la educaci\u00f3n art\u00edstica en infantil y primaria y su interacci\u00f3n en el desarrollo curricular. <\/li>\n<li><strong>Autor:<\/strong>\u00a0 Juan a Isabel Guerra Cabrera <\/li>\n<li><strong>Universidad:<\/strong>\u00a0 La laguna<\/li>\n<li><strong>Fecha de lectura de la tesis:<\/strong>\u00a0 28\/06\/2001<\/li>\n<\/ul>\n<p>&nbsp;<\/p>\n<h3>Direcci\u00f3n y tribunal<\/h3>\n<ul>\n<li><strong>Director de la tesis<\/strong>\n<ul>\n<li>Francisco Aznar Vallejo<\/li>\n<\/ul>\n<\/li>\n<li><strong>Tribunal<\/strong>\n<ul>\n<li>Presidente del tribunal: Carlos P\u00e9rez reyes <\/li>\n<li>tom\u00e1s Lorente rebollo (vocal)<\/li>\n<li>pilar Blanco altozano (vocal)<\/li>\n<li>ernesto Gil l\u00f3pez (vocal)<\/li>\n<\/ul>\n<\/li>\n<\/ul>\n<p>&nbsp;<\/p>\n","protected":false},"excerpt":{"rendered":"<p>Tesis doctoral de Juan a Isabel Guerra Cabrera Este trabajo de investigaci\u00f3n aporta un importante material metodol\u00f3gico y deid\u00e1ctico reunido [&hellip;]<\/p>\n","protected":false},"author":1,"featured_media":0,"comment_status":"open","ping_status":"open","sticky":false,"template":"","format":"standard","meta":{"site-sidebar-layout":"default","site-content-layout":"","ast-site-content-layout":"","site-content-style":"default","site-sidebar-style":"default","ast-global-header-display":"","ast-banner-title-visibility":"","ast-main-header-display":"","ast-hfb-above-header-display":"","ast-hfb-below-header-display":"","ast-hfb-mobile-header-display":"","site-post-title":"","ast-breadcrumbs-content":"","ast-featured-img":"","footer-sml-layout":"","theme-transparent-header-meta":"","adv-header-id-meta":"","stick-header-meta":"","header-above-stick-meta":"","header-main-stick-meta":"","header-below-stick-meta":"","astra-migrate-meta-layouts":"default","ast-page-background-enabled":"default","ast-page-background-meta":{"desktop":{"background-color":"var(--ast-global-color-4)","background-image":"","background-repeat":"repeat","background-position":"center center","background-size":"auto","background-attachment":"scroll","background-type":"","background-media":"","overlay-type":"","overlay-color":"","overlay-gradient":""},"tablet":{"background-color":"","background-image":"","background-repeat":"repeat","background-position":"center center","background-size":"auto","background-attachment":"scroll","background-type":"","background-media":"","overlay-type":"","overlay-color":"","overlay-gradient":""},"mobile":{"background-color":"","background-image":"","background-repeat":"repeat","background-position":"center center","background-size":"auto","background-attachment":"scroll","background-type":"","background-media":"","overlay-type":"","overlay-color":"","overlay-gradient":""}},"ast-content-background-meta":{"desktop":{"background-color":"var(--ast-global-color-5)","background-image":"","background-repeat":"repeat","background-position":"center center","background-size":"auto","background-attachment":"scroll","background-type":"","background-media":"","overlay-type":"","overlay-color":"","overlay-gradient":""},"tablet":{"background-color":"var(--ast-global-color-5)","background-image":"","background-repeat":"repeat","background-position":"center center","background-size":"auto","background-attachment":"scroll","background-type":"","background-media":"","overlay-type":"","overlay-color":"","overlay-gradient":""},"mobile":{"background-color":"var(--ast-global-color-5)","background-image":"","background-repeat":"repeat","background-position":"center center","background-size":"auto","background-attachment":"scroll","background-type":"","background-media":"","overlay-type":"","overlay-color":"","overlay-gradient":""}},"footnotes":""},"categories":[147,2623,9915,5173,1184,1141,324,5174,1111,1341,11958],"tags":[5816,38492,4103,38490,38491,16276],"class_list":["post-11731","post","type-post","status-publish","format-standard","hentry","category-ciencias-de-las-artes-y-las-letras","category-educacion-basica","category-la-laguna","category-metodos-educativos","category-organizacion-y-planificacion-de-la-educacion","category-pedagogia","category-psicologia","category-psicopedagogia","category-teoria-analisis-y-critica-de-las-bellas-artes","category-teoria-y-metodos-educativos","category-teorias-educativas","tag-carlos-perez-reyes","tag-ernesto-gil-lopez","tag-francisco-aznar-vallejo","tag-juan-a-isabel-guerra-cabrera","tag-pilar-blanco-altozano","tag-tomas-lorente-rebollo"],"_links":{"self":[{"href":"https:\/\/www.deberes.net\/tesis\/wp-json\/wp\/v2\/posts\/11731","targetHints":{"allow":["GET"]}}],"collection":[{"href":"https:\/\/www.deberes.net\/tesis\/wp-json\/wp\/v2\/posts"}],"about":[{"href":"https:\/\/www.deberes.net\/tesis\/wp-json\/wp\/v2\/types\/post"}],"author":[{"embeddable":true,"href":"https:\/\/www.deberes.net\/tesis\/wp-json\/wp\/v2\/users\/1"}],"replies":[{"embeddable":true,"href":"https:\/\/www.deberes.net\/tesis\/wp-json\/wp\/v2\/comments?post=11731"}],"version-history":[{"count":0,"href":"https:\/\/www.deberes.net\/tesis\/wp-json\/wp\/v2\/posts\/11731\/revisions"}],"wp:attachment":[{"href":"https:\/\/www.deberes.net\/tesis\/wp-json\/wp\/v2\/media?parent=11731"}],"wp:term":[{"taxonomy":"category","embeddable":true,"href":"https:\/\/www.deberes.net\/tesis\/wp-json\/wp\/v2\/categories?post=11731"},{"taxonomy":"post_tag","embeddable":true,"href":"https:\/\/www.deberes.net\/tesis\/wp-json\/wp\/v2\/tags?post=11731"}],"curies":[{"name":"wp","href":"https:\/\/api.w.org\/{rel}","templated":true}]}}