{"id":117330,"date":"2018-03-11T10:46:47","date_gmt":"2018-03-11T10:46:47","guid":{"rendered":"https:\/\/www.deberes.net\/tesis\/sin-categoria\/investigaciones-sobre-calidad-organizacion-y-satisfaccion-laboral-en-la-universidad-publica-espanola\/"},"modified":"2018-03-11T10:46:47","modified_gmt":"2018-03-11T10:46:47","slug":"investigaciones-sobre-calidad-organizacion-y-satisfaccion-laboral-en-la-universidad-publica-espanola","status":"publish","type":"post","link":"https:\/\/www.deberes.net\/tesis\/organizacion-y-direccion-de-las-instituciones-educativas\/investigaciones-sobre-calidad-organizacion-y-satisfaccion-laboral-en-la-universidad-publica-espanola\/","title":{"rendered":"Investigaciones sobre calidad, organizaci\u00f3n y satisfacci\u00f3n laboral en la universidad p\u00fablica espa\u00f1ola"},"content":{"rendered":"<h2>Tesis doctoral de <strong> Xabier Gonzalez Lasquibar <\/strong><\/h2>\n<p>Las instituciones de educaci\u00f3n superior, y en concreto las universidades, est\u00e1n experimentando cambios organizativos importantes en el mundo desarrollado. Cambios que afectan la labor acad\u00e9mica de los docentes. Esta tesis eval\u00faa c\u00f3mo han percibido los docentes de las universidades p\u00fablicas espa\u00f1olas las reformas organizativas que se han dado en las organizaciones universitarias durante la \u00faltima d\u00e9cada y la influencia que estas transformaciones han tenido sobre su satisfacci\u00f3n laboral. Para ello se ha trabajado con las opiniones de los profesores expresadas a trav\u00e9s de un cuestionario. La investigaci\u00f3n concluye con que las tendencias organizativas tienden a soluciones m\u00e1s burocr\u00e1ticas donde se ponen en peligro los principios del modelo tradicional y generan insatisfacci\u00f3n entre los acad\u00e9micos.<\/p>\n<p>&nbsp;<\/p>\n<h3>Datos acad\u00e9micos de la tesis doctoral \u00ab<strong>Investigaciones sobre calidad, organizaci\u00f3n y satisfacci\u00f3n laboral en la universidad p\u00fablica espa\u00f1ola<\/strong>\u00ab<\/h3>\n<ul>\n<li><strong>T\u00edtulo de la tesis:<\/strong>\u00a0 Investigaciones sobre calidad, organizaci\u00f3n y satisfacci\u00f3n laboral en la universidad p\u00fablica espa\u00f1ola <\/li>\n<li><strong>Autor:<\/strong>\u00a0 Xabier Gonzalez Lasquibar <\/li>\n<li><strong>Universidad:<\/strong>\u00a0 Pa\u00eds vasco\/euskal herriko unibertsitatea<\/li>\n<li><strong>Fecha de lectura de la tesis:<\/strong>\u00a0 26\/03\/2015<\/li>\n<\/ul>\n<p>&nbsp;<\/p>\n<h3>Direcci\u00f3n y tribunal<\/h3>\n<ul>\n<li><strong>Director de la tesis<\/strong>\n<ul>\n<li>Jon Olascoaga Larrauri<\/li>\n<\/ul>\n<\/li>\n<li><strong>Tribunal<\/strong>\n<ul>\n<li>Presidente del tribunal: ana Fernandez sainz <\/li>\n<li>ricardo Alaez aller (vocal)<\/li>\n<li>miren Ullibarri arce (vocal)<\/li>\n<li>anselmo Del moral bueno (vocal)<\/li>\n<\/ul>\n<\/li>\n<\/ul>\n<p>&nbsp;<\/p>\n","protected":false},"excerpt":{"rendered":"<p>Tesis doctoral de Xabier Gonzalez Lasquibar Las instituciones de educaci\u00f3n superior, y en concreto las universidades, est\u00e1n experimentando cambios organizativos [&hellip;]<\/p>\n","protected":false},"author":1,"featured_media":0,"comment_status":"open","ping_status":"open","sticky":false,"template":"","format":"standard","meta":{"site-sidebar-layout":"default","site-content-layout":"","ast-site-content-layout":"","site-content-style":"default","site-sidebar-style":"default","ast-global-header-display":"","ast-banner-title-visibility":"","ast-main-header-display":"","ast-hfb-above-header-display":"","ast-hfb-below-header-display":"","ast-hfb-mobile-header-display":"","site-post-title":"","ast-breadcrumbs-content":"","ast-featured-img":"","footer-sml-layout":"","theme-transparent-header-meta":"","adv-header-id-meta":"","stick-header-meta":"","header-above-stick-meta":"","header-main-stick-meta":"","header-below-stick-meta":"","astra-migrate-meta-layouts":"default","ast-page-background-enabled":"default","ast-page-background-meta":{"desktop":{"background-color":"var(--ast-global-color-4)","background-image":"","background-repeat":"repeat","background-position":"center center","background-size":"auto","background-attachment":"scroll","background-type":"","background-media":"","overlay-type":"","overlay-color":"","overlay-gradient":""},"tablet":{"background-color":"","background-image":"","background-repeat":"repeat","background-position":"center center","background-size":"auto","background-attachment":"scroll","background-type":"","background-media":"","overlay-type":"","overlay-color":"","overlay-gradient":""},"mobile":{"background-color":"","background-image":"","background-repeat":"repeat","background-position":"center center","background-size":"auto","background-attachment":"scroll","background-type":"","background-media":"","overlay-type":"","overlay-color":"","overlay-gradient":""}},"ast-content-background-meta":{"desktop":{"background-color":"var(--ast-global-color-5)","background-image":"","background-repeat":"repeat","background-position":"center center","background-size":"auto","background-attachment":"scroll","background-type":"","background-media":"","overlay-type":"","overlay-color":"","overlay-gradient":""},"tablet":{"background-color":"var(--ast-global-color-5)","background-image":"","background-repeat":"repeat","background-position":"center center","background-size":"auto","background-attachment":"scroll","background-type":"","background-media":"","overlay-type":"","overlay-color":"","overlay-gradient":""},"mobile":{"background-color":"var(--ast-global-color-5)","background-image":"","background-repeat":"repeat","background-position":"center center","background-size":"auto","background-attachment":"scroll","background-type":"","background-media":"","overlay-type":"","overlay-color":"","overlay-gradient":""}},"footnotes":""},"categories":[7611,12909],"tags":[217281,13598,138852,89700,19085,231243],"class_list":["post-117330","post","type-post","status-publish","format-standard","hentry","category-organizacion-y-direccion-de-las-instituciones-educativas","category-pais-vasco-euskal-herriko-unibertsitatea","tag-ana-fernandez-sainz","tag-anselmo-del-moral-bueno","tag-jon-olascoaga-larrauri","tag-miren-ullibarri-arce","tag-ricardo-alaez-aller","tag-xabier-gonzalez-lasquibar"],"_links":{"self":[{"href":"https:\/\/www.deberes.net\/tesis\/wp-json\/wp\/v2\/posts\/117330","targetHints":{"allow":["GET"]}}],"collection":[{"href":"https:\/\/www.deberes.net\/tesis\/wp-json\/wp\/v2\/posts"}],"about":[{"href":"https:\/\/www.deberes.net\/tesis\/wp-json\/wp\/v2\/types\/post"}],"author":[{"embeddable":true,"href":"https:\/\/www.deberes.net\/tesis\/wp-json\/wp\/v2\/users\/1"}],"replies":[{"embeddable":true,"href":"https:\/\/www.deberes.net\/tesis\/wp-json\/wp\/v2\/comments?post=117330"}],"version-history":[{"count":0,"href":"https:\/\/www.deberes.net\/tesis\/wp-json\/wp\/v2\/posts\/117330\/revisions"}],"wp:attachment":[{"href":"https:\/\/www.deberes.net\/tesis\/wp-json\/wp\/v2\/media?parent=117330"}],"wp:term":[{"taxonomy":"category","embeddable":true,"href":"https:\/\/www.deberes.net\/tesis\/wp-json\/wp\/v2\/categories?post=117330"},{"taxonomy":"post_tag","embeddable":true,"href":"https:\/\/www.deberes.net\/tesis\/wp-json\/wp\/v2\/tags?post=117330"}],"curies":[{"name":"wp","href":"https:\/\/api.w.org\/{rel}","templated":true}]}}