{"id":117348,"date":"2015-08-04T00:00:00","date_gmt":"2015-08-04T00:00:00","guid":{"rendered":"https:\/\/www.deberes.net\/tesis\/sin-categoria\/la-senora-entre-el-drama-y-la-historia\/"},"modified":"2015-08-04T00:00:00","modified_gmt":"2015-08-04T00:00:00","slug":"la-senora-entre-el-drama-y-la-historia","status":"publish","type":"post","link":"https:\/\/www.deberes.net\/tesis\/historias-especializadas\/la-senora-entre-el-drama-y-la-historia\/","title":{"rendered":"\u00abla se\u00f1ora\u00bb entre el drama y la historia."},"content":{"rendered":"<h2>Tesis doctoral de <strong> Susana Rodriguez Marcos <\/strong><\/h2>\n<p>En la sociedad actual, gran parte de la informaci\u00f3n y del conocimiento se presenta en formato audiovisual. El cine y la televisi\u00f3n constituyen una alternativa para la difusi\u00f3n del saber, pero las peculiaridades de su lenguaje \u00c2\u00bfdiferentes a las reglas de la expresi\u00f3n escrita, hasta ahora principal veh\u00edculo de la investigaci\u00f3n cient\u00edfica- cuestionan la validez de estos medios para transmitir de forma fidedigna y rigurosa la historia.La presente investigaci\u00f3n tiene como objetivo valorar las exigencias dram\u00e1ticas de las ficciones hist\u00f3ricas televisivas y su repercusi\u00f3n en el contenido final mostrado y, de forma paralela, proponer la aplicaci\u00f3n de una metodolog\u00eda que, al incluir el an\u00e1lisis desde una triple perspectiva (g\u00e9nesis de la idea, plasmaci\u00f3n en la pantalla o construcci\u00f3n del relato y recepci\u00f3n del producto), posibilite la obtenci\u00f3n de resultados alejados de la especulaci\u00f3n a partir de los cuales valorar el peso espec\u00edfico de la historia en las producciones audiovisuales  y su grado de subordinaci\u00f3n a otros criterios dram\u00e1ticos o econ\u00f3micos.Del mismo modo, se presta especial atenci\u00f3n a las din\u00e1micas de construcci\u00f3n de significado a trav\u00e9s de las im\u00e1genes y a la integraci\u00f3n de los tipos creados en el imaginario colectivo. Para ello, se ha tomado como objeto de estudio la serie la se\u00f1ora, ambientada en asturias durante la dictadura de primo de rivera y emitida semanalmente por tve en horario de  prime-time entre 2008 y 2010.<\/p>\n<p>&nbsp;<\/p>\n<h3>Datos acad\u00e9micos de la tesis doctoral \u00ab<strong>\u00abla se\u00f1ora\u00bb entre el drama y la historia.<\/strong>\u00ab<\/h3>\n<ul>\n<li><strong>T\u00edtulo de la tesis:<\/strong>\u00a0 \u00abla se\u00f1ora\u00bb entre el drama y la historia. <\/li>\n<li><strong>Autor:<\/strong>\u00a0 Susana Rodriguez Marcos <\/li>\n<li><strong>Universidad:<\/strong>\u00a0 Complutense de Madrid<\/li>\n<li><strong>Fecha de lectura de la tesis:<\/strong>\u00a0 08\/04\/2015<\/li>\n<\/ul>\n<p>&nbsp;<\/p>\n<h3>Direcci\u00f3n y tribunal<\/h3>\n<ul>\n<li><strong>Director de la tesis<\/strong>\n<ul>\n<li>Mar\u00eda Antonia Paz Rebollo<\/li>\n<\/ul>\n<\/li>\n<li><strong>Tribunal<\/strong>\n<ul>\n<li>Presidente del tribunal: Francisco Garc\u00eda Garc\u00eda <\/li>\n<li>m. mar Chicharro merayo (vocal)<\/li>\n<li>Manuel Mart\u00ednez nicolas (vocal)<\/li>\n<li>Antonio S\u00e1nchez-escalonilla Garc\u00eda-rico (vocal)<\/li>\n<\/ul>\n<\/li>\n<\/ul>\n<p>&nbsp;<\/p>\n","protected":false},"excerpt":{"rendered":"<p>Tesis doctoral de Susana Rodriguez Marcos En la sociedad actual, gran parte de la informaci\u00f3n y del conocimiento se presenta [&hellip;]<\/p>\n","protected":false},"author":1,"featured_media":0,"comment_status":"open","ping_status":"open","sticky":false,"template":"","format":"standard","meta":{"site-sidebar-layout":"default","site-content-layout":"","ast-site-content-layout":"","site-content-style":"default","site-sidebar-style":"default","ast-global-header-display":"","ast-banner-title-visibility":"","ast-main-header-display":"","ast-hfb-above-header-display":"","ast-hfb-below-header-display":"","ast-hfb-mobile-header-display":"","site-post-title":"","ast-breadcrumbs-content":"","ast-featured-img":"","footer-sml-layout":"","theme-transparent-header-meta":"","adv-header-id-meta":"","stick-header-meta":"","header-above-stick-meta":"","header-main-stick-meta":"","header-below-stick-meta":"","astra-migrate-meta-layouts":"default","ast-page-background-enabled":"default","ast-page-background-meta":{"desktop":{"background-color":"var(--ast-global-color-4)","background-image":"","background-repeat":"repeat","background-position":"center center","background-size":"auto","background-attachment":"scroll","background-type":"","background-media":"","overlay-type":"","overlay-color":"","overlay-gradient":""},"tablet":{"background-color":"","background-image":"","background-repeat":"repeat","background-position":"center center","background-size":"auto","background-attachment":"scroll","background-type":"","background-media":"","overlay-type":"","overlay-color":"","overlay-gradient":""},"mobile":{"background-color":"","background-image":"","background-repeat":"repeat","background-position":"center center","background-size":"auto","background-attachment":"scroll","background-type":"","background-media":"","overlay-type":"","overlay-color":"","overlay-gradient":""}},"ast-content-background-meta":{"desktop":{"background-color":"var(--ast-global-color-5)","background-image":"","background-repeat":"repeat","background-position":"center center","background-size":"auto","background-attachment":"scroll","background-type":"","background-media":"","overlay-type":"","overlay-color":"","overlay-gradient":""},"tablet":{"background-color":"var(--ast-global-color-5)","background-image":"","background-repeat":"repeat","background-position":"center center","background-size":"auto","background-attachment":"scroll","background-type":"","background-media":"","overlay-type":"","overlay-color":"","overlay-gradient":""},"mobile":{"background-color":"var(--ast-global-color-5)","background-image":"","background-repeat":"repeat","background-position":"center center","background-size":"auto","background-attachment":"scroll","background-type":"","background-media":"","overlay-type":"","overlay-color":"","overlay-gradient":""}},"footnotes":""},"categories":[986,222],"tags":[7491,7470,182530,101776,144142,231271],"class_list":["post-117348","post","type-post","status-publish","format-standard","hentry","category-complutense-de-madrid","category-historias-especializadas","tag-antonio-sanchez-escalonilla-garcia-rico","tag-francisco-garcia-garcia","tag-m-mar-chicharro-merayo","tag-manuel-Martinez-nicolas","tag-maria-antonia-paz-rebollo","tag-susana-rodriguez-marcos"],"_links":{"self":[{"href":"https:\/\/www.deberes.net\/tesis\/wp-json\/wp\/v2\/posts\/117348","targetHints":{"allow":["GET"]}}],"collection":[{"href":"https:\/\/www.deberes.net\/tesis\/wp-json\/wp\/v2\/posts"}],"about":[{"href":"https:\/\/www.deberes.net\/tesis\/wp-json\/wp\/v2\/types\/post"}],"author":[{"embeddable":true,"href":"https:\/\/www.deberes.net\/tesis\/wp-json\/wp\/v2\/users\/1"}],"replies":[{"embeddable":true,"href":"https:\/\/www.deberes.net\/tesis\/wp-json\/wp\/v2\/comments?post=117348"}],"version-history":[{"count":0,"href":"https:\/\/www.deberes.net\/tesis\/wp-json\/wp\/v2\/posts\/117348\/revisions"}],"wp:attachment":[{"href":"https:\/\/www.deberes.net\/tesis\/wp-json\/wp\/v2\/media?parent=117348"}],"wp:term":[{"taxonomy":"category","embeddable":true,"href":"https:\/\/www.deberes.net\/tesis\/wp-json\/wp\/v2\/categories?post=117348"},{"taxonomy":"post_tag","embeddable":true,"href":"https:\/\/www.deberes.net\/tesis\/wp-json\/wp\/v2\/tags?post=117348"}],"curies":[{"name":"wp","href":"https:\/\/api.w.org\/{rel}","templated":true}]}}