{"id":117380,"date":"2018-03-11T10:46:52","date_gmt":"2018-03-11T10:46:52","guid":{"rendered":"https:\/\/www.deberes.net\/tesis\/sin-categoria\/sa%c2%adntesis-dimensional-optima-de-mecanismos-planos-con-restricciones-geometricas\/"},"modified":"2018-03-11T10:46:52","modified_gmt":"2018-03-11T10:46:52","slug":"sa%c2%adntesis-dimensional-optima-de-mecanismos-planos-con-restricciones-geometricas","status":"publish","type":"post","link":"https:\/\/www.deberes.net\/tesis\/ingenieria-y-tecnologia-mecanicas\/sa%c2%adntesis-dimensional-optima-de-mecanismos-planos-con-restricciones-geometricas\/","title":{"rendered":"S\u00edntesis dimensional \u00f3ptima de mecanismos planos con restricciones geom\u00e9tricas"},"content":{"rendered":"<h2>Tesis doctoral de <strong> Vanesa Garcia Marina <\/strong><\/h2>\n<p>En esta tesis doctoral se ha trabajado sobre algunas mejoras de un m\u00e9todo ya existente y v\u00e1lido para realizar tanto una s\u00edntesis dimensional \u00f3ptima como un an\u00e1lisis cinem\u00e1tico de un determinado mecanismo.Dado que no resulta atractivo tener que trabajar con un programa diferente para cada tipo de mecanismo o cada tipo de problema, la idea fundamental de este trabajo es conseguir un m\u00e9todo vers\u00e1til y que sea lo m\u00e1s gen\u00e9rico posible.La funci\u00f3n de evaluaci\u00f3n a emplear en este trabajo ser\u00e1 la energ\u00eda de deformaci\u00f3n almacenada en el mecanismo cuando a \u00e9ste se le fuerza a ocupar posiciones que no entran en el alcance natural de su recorrido sin deformaciones de sus elementos.Esta funci\u00f3n es un ejemplo de funci\u00f3n no lineal, incorporando adem\u00e1s, una serie de restricciones geom\u00e9tricas tambi\u00e9n no lineales, que fijar\u00e1n las dimensiones o algunas distancias entre nodos del mecanismo. La aplicaci\u00f3n de estas restricciones supondr\u00e1 la mayor aportaci\u00f3n de este trabajo.<\/p>\n<p>&nbsp;<\/p>\n<h3>Datos acad\u00e9micos de la tesis doctoral \u00ab<strong>S\u00edntesis dimensional \u00f3ptima de mecanismos planos con restricciones geom\u00e9tricas<\/strong>\u00ab<\/h3>\n<ul>\n<li><strong>T\u00edtulo de la tesis:<\/strong>\u00a0 S\u00edntesis dimensional \u00f3ptima de mecanismos planos con restricciones geom\u00e9tricas <\/li>\n<li><strong>Autor:<\/strong>\u00a0 Vanesa Garcia Marina <\/li>\n<li><strong>Universidad:<\/strong>\u00a0 Pa\u00eds vasco\/euskal herriko unibertsitatea<\/li>\n<li><strong>Fecha de lectura de la tesis:<\/strong>\u00a0 17\/04\/2015<\/li>\n<\/ul>\n<p>&nbsp;<\/p>\n<h3>Direcci\u00f3n y tribunal<\/h3>\n<ul>\n<li><strong>Director de la tesis<\/strong>\n<ul>\n<li>Igor Fern\u00e1ndez De Bustos<\/li>\n<\/ul>\n<\/li>\n<li><strong>Tribunal<\/strong>\n<ul>\n<li>Presidente del tribunal: rafael Avil\u00e9s gonz\u00e1lez <\/li>\n<li>Juan  Antonio Cabrera carrillo (vocal)<\/li>\n<li>Juan  Carlos Garcia prada (vocal)<\/li>\n<li>Fernando Viadero rueda (vocal)<\/li>\n<\/ul>\n<\/li>\n<\/ul>\n<p>&nbsp;<\/p>\n","protected":false},"excerpt":{"rendered":"<p>Tesis doctoral de Vanesa Garcia Marina En esta tesis doctoral se ha trabajado sobre algunas mejoras de un m\u00e9todo ya [&hellip;]<\/p>\n","protected":false},"author":1,"featured_media":0,"comment_status":"open","ping_status":"open","sticky":false,"template":"","format":"standard","meta":{"site-sidebar-layout":"default","site-content-layout":"","ast-site-content-layout":"","site-content-style":"default","site-sidebar-style":"default","ast-global-header-display":"","ast-banner-title-visibility":"","ast-main-header-display":"","ast-hfb-above-header-display":"","ast-hfb-below-header-display":"","ast-hfb-mobile-header-display":"","site-post-title":"","ast-breadcrumbs-content":"","ast-featured-img":"","footer-sml-layout":"","theme-transparent-header-meta":"","adv-header-id-meta":"","stick-header-meta":"","header-above-stick-meta":"","header-main-stick-meta":"","header-below-stick-meta":"","astra-migrate-meta-layouts":"default","ast-page-background-enabled":"default","ast-page-background-meta":{"desktop":{"background-color":"var(--ast-global-color-4)","background-image":"","background-repeat":"repeat","background-position":"center center","background-size":"auto","background-attachment":"scroll","background-type":"","background-media":"","overlay-type":"","overlay-color":"","overlay-gradient":""},"tablet":{"background-color":"","background-image":"","background-repeat":"repeat","background-position":"center center","background-size":"auto","background-attachment":"scroll","background-type":"","background-media":"","overlay-type":"","overlay-color":"","overlay-gradient":""},"mobile":{"background-color":"","background-image":"","background-repeat":"repeat","background-position":"center center","background-size":"auto","background-attachment":"scroll","background-type":"","background-media":"","overlay-type":"","overlay-color":"","overlay-gradient":""}},"ast-content-background-meta":{"desktop":{"background-color":"var(--ast-global-color-5)","background-image":"","background-repeat":"repeat","background-position":"center center","background-size":"auto","background-attachment":"scroll","background-type":"","background-media":"","overlay-type":"","overlay-color":"","overlay-gradient":""},"tablet":{"background-color":"var(--ast-global-color-5)","background-image":"","background-repeat":"repeat","background-position":"center center","background-size":"auto","background-attachment":"scroll","background-type":"","background-media":"","overlay-type":"","overlay-color":"","overlay-gradient":""},"mobile":{"background-color":"var(--ast-global-color-5)","background-image":"","background-repeat":"repeat","background-position":"center center","background-size":"auto","background-attachment":"scroll","background-type":"","background-media":"","overlay-type":"","overlay-color":"","overlay-gradient":""}},"footnotes":""},"categories":[1909,32163,12909],"tags":[13038,81008,156326,132467,13040,231320],"class_list":["post-117380","post","type-post","status-publish","format-standard","hentry","category-ingenieria-y-tecnologia-mecanicas","category-mecanica-de-solidos","category-pais-vasco-euskal-herriko-unibertsitatea","tag-fernando-viadero-rueda","tag-igor-fernandez-de-bustos","tag-juan-antonio-cabrera-carrillo","tag-juan-carlos-garcia-prada","tag-rafael-aviles-gonzalez","tag-vanesa-garcia-marina"],"_links":{"self":[{"href":"https:\/\/www.deberes.net\/tesis\/wp-json\/wp\/v2\/posts\/117380","targetHints":{"allow":["GET"]}}],"collection":[{"href":"https:\/\/www.deberes.net\/tesis\/wp-json\/wp\/v2\/posts"}],"about":[{"href":"https:\/\/www.deberes.net\/tesis\/wp-json\/wp\/v2\/types\/post"}],"author":[{"embeddable":true,"href":"https:\/\/www.deberes.net\/tesis\/wp-json\/wp\/v2\/users\/1"}],"replies":[{"embeddable":true,"href":"https:\/\/www.deberes.net\/tesis\/wp-json\/wp\/v2\/comments?post=117380"}],"version-history":[{"count":0,"href":"https:\/\/www.deberes.net\/tesis\/wp-json\/wp\/v2\/posts\/117380\/revisions"}],"wp:attachment":[{"href":"https:\/\/www.deberes.net\/tesis\/wp-json\/wp\/v2\/media?parent=117380"}],"wp:term":[{"taxonomy":"category","embeddable":true,"href":"https:\/\/www.deberes.net\/tesis\/wp-json\/wp\/v2\/categories?post=117380"},{"taxonomy":"post_tag","embeddable":true,"href":"https:\/\/www.deberes.net\/tesis\/wp-json\/wp\/v2\/tags?post=117380"}],"curies":[{"name":"wp","href":"https:\/\/api.w.org\/{rel}","templated":true}]}}