{"id":117401,"date":"2018-03-11T10:46:52","date_gmt":"2018-03-11T10:46:52","guid":{"rendered":"https:\/\/www.deberes.net\/tesis\/sin-categoria\/marca-personal-en-medios-sociales-digitales-propuesta-de-un-modelo-de-autogestion\/"},"modified":"2018-03-11T10:46:52","modified_gmt":"2018-03-11T10:46:52","slug":"marca-personal-en-medios-sociales-digitales-propuesta-de-un-modelo-de-autogestion","status":"publish","type":"post","link":"https:\/\/www.deberes.net\/tesis\/complutense-de-madrid\/marca-personal-en-medios-sociales-digitales-propuesta-de-un-modelo-de-autogestion\/","title":{"rendered":"Marca personal en medios sociales digitales: propuesta de un modelo de autogesti\u00f3n."},"content":{"rendered":"<h2>Tesis doctoral de <strong> Andr\u00e9s Del Toro Acosta <\/strong><\/h2>\n<p>El principal objetivo del presente proyecto de investigaci\u00f3n es profundizar en el \u00e1mbito del personal branding y, junto a ello, evaluar el impacto del auge de los medios sociales en organizaciones e individuos. Todo esto, con el fin \u00faltimo de proponer un modelo cient\u00edficamente respaldado de gesti\u00f3n de la marca personal a trav\u00e9s de las plataformas digitales. Para lograr cumplir este objetivo general, los objetivos concretos propuestos en el trabajo, as\u00ed como evaluar las hip\u00f3tesis planteadas, junto con una primera fase de investigaci\u00f3n dedicada a la valoraci\u00f3n te\u00f3rica, se ha ejecutado un trabajo de campo con utilizaci\u00f3n de tres metodolog\u00edas. As\u00ed, la segunda fase de investigaci\u00f3n de este proyecto se orienta a la aplicaci\u00f3n de la metodolog\u00eda delphi en un grupo de expertos. El objetivo ha sido recoger de manera cualitativa la experiencia personal de profesionales destacados y sus percepciones relativas al personal branding y los medios sociales. En la tercera fase de la investigaci\u00f3n, se han organizado grupos de discusi\u00f3n participados por usuarios orientados a obtener informaci\u00f3n sobre la visi\u00f3n particular de los individuos. Unos datos que complementan el enfoque de los expertos en relaci\u00f3n a nuestro objeto de estudio. La pertinencia de la selecci\u00f3n de esta metodolog\u00eda responde al papel crucial que los usuarios juegan en los procesos de gesti\u00f3n de medios sociales para marcas personales. Para completar esta labor, en la cuarta fase se ha ejecutado un estudio de casos aplicado a profesionales destacados en \u00e1mbitos diferentes que est\u00e9n claramente enfocados a realizar una labor de construcci\u00f3n de marca personal en medios sociales. De esta manera, se observar\u00e1 el cumplimiento, en estos casos, de los elementos que se postulan como claves en el personal branding aplicado al entorno digital. Gracias a estas cuatro fases revisi\u00f3n te\u00f3rica, investigaci\u00f3n con expertos, grupos de discusi\u00f3n de usuarios y estudio de casos, se han cubierto en su totalidad los objetivos propuestos al inicio del trabajo. Adem\u00e1s, esta labor nos ha permitido verificar o refutar las hip\u00f3tesis planteadas. A modo de conclusi\u00f3n, hemos realizado una propuesta de modelo de gesti\u00f3n de la marca personal aplicada a los medios sociales digitales, construida directamente a partir de los resultados en relaci\u00f3n a las hip\u00f3tesis confirmadas. En nuestra opini\u00f3n, el valor del modelo propuesto radica en aunar en una \u00fanica propuesta las contribuciones de los principales autores de personal branding y las aportaciones relativas a la gesti\u00f3n eficaz de los medios sociales por parte de las organizaciones. Adem\u00e1s, incluye los resultados de nuestra investigaci\u00f3n orientada a recoger la experiencia, conocimiento y percepciones de expertos, usuarios y casos de estudio relevantes. Al modelo propuesto le hemos dado el nombre de ciclo estrat\u00e9gico de marca personal digital, queriendo con ello poner de relieve el flujo continuo y la retroalimentaci\u00f3n, caracter\u00edsticas esenciales del mismo. En esta propuesta encontramos dos \u00e1reas de actuaci\u00f3n. Una central, que representa la actividad relativa a las fases correlativas del modelo, y otra externa, que agrupa los factores de \u00e9xito obtenidos de nuestra investigaci\u00f3n, separada en funci\u00f3n de su grado de importancia en elementos esenciales y complementarios. Estos elementos clave han de ser tenidos en cuenta a lo largo de todo el proceso, a pesar de que haya etapas que resulten m\u00e1s decisorias para su cumplimiento.En definitiva, estamos ante un trabajo que tiene como objetivo aproximarse a fen\u00f3menos actuales y en crecimiento, tales como los medios sociales digitales y el personal branding, desde una perspectiva acad\u00e9mica. Todo ello con el prop\u00f3sito final de aportar soluciones, en la medida de nuestras posibilidades, orientas a ayudar a los profesionales a enfrentarse a los retos que representan la gesti\u00f3n de su identidad y marca personal en el \u00e1mbito digital.<\/p>\n<p>&nbsp;<\/p>\n<h3>Datos acad\u00e9micos de la tesis doctoral \u00ab<strong>Marca personal en medios sociales digitales: propuesta de un modelo de autogesti\u00f3n.<\/strong>\u00ab<\/h3>\n<ul>\n<li><strong>T\u00edtulo de la tesis:<\/strong>\u00a0 Marca personal en medios sociales digitales: propuesta de un modelo de autogesti\u00f3n. <\/li>\n<li><strong>Autor:<\/strong>\u00a0 Andr\u00e9s Del Toro Acosta <\/li>\n<li><strong>Universidad:<\/strong>\u00a0 Complutense de Madrid<\/li>\n<li><strong>Fecha de lectura de la tesis:<\/strong>\u00a0 23\/04\/2015<\/li>\n<\/ul>\n<p>&nbsp;<\/p>\n<h3>Direcci\u00f3n y tribunal<\/h3>\n<ul>\n<li><strong>Director de la tesis<\/strong>\n<ul>\n<li>Ubaldo Cuesta Cambra<\/li>\n<\/ul>\n<\/li>\n<li><strong>Tribunal<\/strong>\n<ul>\n<li>Presidente del tribunal: patricia N\u00fa\u00f1ez g\u00f3mez <\/li>\n<li>celia Rangel perez (vocal)<\/li>\n<li>ricardo Gomez diez (vocal)<\/li>\n<li>marina Ramos serrano (vocal)<\/li>\n<\/ul>\n<\/li>\n<\/ul>\n<p>&nbsp;<\/p>\n","protected":false},"excerpt":{"rendered":"<p>Tesis doctoral de Andr\u00e9s Del Toro Acosta El principal objetivo del presente proyecto de investigaci\u00f3n es profundizar en el \u00e1mbito [&hellip;]<\/p>\n","protected":false},"author":1,"featured_media":0,"comment_status":"open","ping_status":"open","sticky":false,"template":"","format":"standard","meta":{"site-sidebar-layout":"default","site-content-layout":"","ast-site-content-layout":"","site-content-style":"default","site-sidebar-style":"default","ast-global-header-display":"","ast-banner-title-visibility":"","ast-main-header-display":"","ast-hfb-above-header-display":"","ast-hfb-below-header-display":"","ast-hfb-mobile-header-display":"","site-post-title":"","ast-breadcrumbs-content":"","ast-featured-img":"","footer-sml-layout":"","theme-transparent-header-meta":"","adv-header-id-meta":"","stick-header-meta":"","header-above-stick-meta":"","header-main-stick-meta":"","header-below-stick-meta":"","astra-migrate-meta-layouts":"default","ast-page-background-enabled":"default","ast-page-background-meta":{"desktop":{"background-color":"var(--ast-global-color-4)","background-image":"","background-repeat":"repeat","background-position":"center center","background-size":"auto","background-attachment":"scroll","background-type":"","background-media":"","overlay-type":"","overlay-color":"","overlay-gradient":""},"tablet":{"background-color":"","background-image":"","background-repeat":"repeat","background-position":"center center","background-size":"auto","background-attachment":"scroll","background-type":"","background-media":"","overlay-type":"","overlay-color":"","overlay-gradient":""},"mobile":{"background-color":"","background-image":"","background-repeat":"repeat","background-position":"center center","background-size":"auto","background-attachment":"scroll","background-type":"","background-media":"","overlay-type":"","overlay-color":"","overlay-gradient":""}},"ast-content-background-meta":{"desktop":{"background-color":"var(--ast-global-color-5)","background-image":"","background-repeat":"repeat","background-position":"center center","background-size":"auto","background-attachment":"scroll","background-type":"","background-media":"","overlay-type":"","overlay-color":"","overlay-gradient":""},"tablet":{"background-color":"var(--ast-global-color-5)","background-image":"","background-repeat":"repeat","background-position":"center center","background-size":"auto","background-attachment":"scroll","background-type":"","background-media":"","overlay-type":"","overlay-color":"","overlay-gradient":""},"mobile":{"background-color":"var(--ast-global-color-5)","background-image":"","background-repeat":"repeat","background-position":"center center","background-size":"auto","background-attachment":"scroll","background-type":"","background-media":"","overlay-type":"","overlay-color":"","overlay-gradient":""}},"footnotes":""},"categories":[986,4735],"tags":[231352,226893,69322,104871,226784,49494],"class_list":["post-117401","post","type-post","status-publish","format-standard","hentry","category-complutense-de-madrid","category-comunicaciones-sociales","tag-andres-del-toro-acosta","tag-celia-rangel-perez","tag-marina-ramos-serrano","tag-patricia-nunez-gomez","tag-ricardo-gomez-diez","tag-ubaldo-cuesta-cambra"],"_links":{"self":[{"href":"https:\/\/www.deberes.net\/tesis\/wp-json\/wp\/v2\/posts\/117401","targetHints":{"allow":["GET"]}}],"collection":[{"href":"https:\/\/www.deberes.net\/tesis\/wp-json\/wp\/v2\/posts"}],"about":[{"href":"https:\/\/www.deberes.net\/tesis\/wp-json\/wp\/v2\/types\/post"}],"author":[{"embeddable":true,"href":"https:\/\/www.deberes.net\/tesis\/wp-json\/wp\/v2\/users\/1"}],"replies":[{"embeddable":true,"href":"https:\/\/www.deberes.net\/tesis\/wp-json\/wp\/v2\/comments?post=117401"}],"version-history":[{"count":0,"href":"https:\/\/www.deberes.net\/tesis\/wp-json\/wp\/v2\/posts\/117401\/revisions"}],"wp:attachment":[{"href":"https:\/\/www.deberes.net\/tesis\/wp-json\/wp\/v2\/media?parent=117401"}],"wp:term":[{"taxonomy":"category","embeddable":true,"href":"https:\/\/www.deberes.net\/tesis\/wp-json\/wp\/v2\/categories?post=117401"},{"taxonomy":"post_tag","embeddable":true,"href":"https:\/\/www.deberes.net\/tesis\/wp-json\/wp\/v2\/tags?post=117401"}],"curies":[{"name":"wp","href":"https:\/\/api.w.org\/{rel}","templated":true}]}}