{"id":11751,"date":"2018-03-09T08:57:16","date_gmt":"2018-03-09T08:57:16","guid":{"rendered":"https:\/\/www.deberes.net\/tesis\/sin-categoria\/el-intento-de-suicidio-en-los-adolescentes\/"},"modified":"2018-03-09T08:57:16","modified_gmt":"2018-03-09T08:57:16","slug":"el-intento-de-suicidio-en-los-adolescentes","status":"publish","type":"post","link":"https:\/\/www.deberes.net\/tesis\/psicologia\/el-intento-de-suicidio-en-los-adolescentes\/","title":{"rendered":"El intento de suicidio en los adolescentes"},"content":{"rendered":"<h2>Tesis doctoral de <strong>  Du\u00f1a Llamosa M. Elsa <\/strong><\/h2>\n<p>El motivo que me llev\u00f3 a realizar esta investigaci\u00f3n sobre el intento de suicidio en los adolescentes, fue el inter\u00e9s cl\u00ednico y social acerca de qu\u00e9 diferencias pudieran darse entre aquellos j\u00f3venes que sint\u00edendose triste e incluso con ideaci\u00f3n suicida sin embargo no actuaban su fantas\u00eda, frente a aquellos otros que realizaban el paso al tacto. Este estudio se ha llevado a cabo sobre una muestra de 76 sujetos, de los cuales 40 forman parte del grupo de estudio y los 36 restantes pertenecen al grupo control. el m\u00e9todo de selecci\u00f3n ha sido del tipo caso-control emparejado en base a dos variables fundamentalmente: sexo y edad. La muestra de adolescente recogida comprende el per\u00eddodo de edad entre los 15 y 25 a\u00f1os. Las cuatro hip\u00f3tesis centrales planteadas han sido:  1,- los sujetos de estudio presentar\u00e1n diversas manifestaciones cl\u00ednicas dif\u00edciles de agrupar en entidades psicopatol\u00f3gicas precisas.  2,- se observar\u00e1n ciertas constantes en el funcionamiento mental y comportamental del adolescente suicida.  3,- podr\u00eda darse una especial dificultad para elaborar el duelo por la separaci\u00f3n.  4,- el entorno familiar ser\u00e1 insuficientemente continente de la angustia.  para saber si dichas hip\u00f3tesis se confirmaban o no, he realizado un estudio de comprensi\u00f3n din\u00e1mica de todas las variables aparecidas tanto en la entrevista semidirigida como en el rorschach.<\/p>\n<p>&nbsp;<\/p>\n<h3>Datos acad\u00e9micos de la tesis doctoral \u00ab<strong>El intento de suicidio en los adolescentes<\/strong>\u00ab<\/h3>\n<ul>\n<li><strong>T\u00edtulo de la tesis:<\/strong>\u00a0 El intento de suicidio en los adolescentes <\/li>\n<li><strong>Autor:<\/strong>\u00a0  Du\u00f1a Llamosa M. Elsa <\/li>\n<li><strong>Universidad:<\/strong>\u00a0 Deusto<\/li>\n<li><strong>Fecha de lectura de la tesis:<\/strong>\u00a0 28\/06\/2001<\/li>\n<\/ul>\n<p>&nbsp;<\/p>\n<h3>Direcci\u00f3n y tribunal<\/h3>\n<ul>\n<li><strong>Director de la tesis<\/strong>\n<ul>\n<li>Alberto Lasa Zulueta<\/li>\n<\/ul>\n<\/li>\n<li><strong>Tribunal<\/strong>\n<ul>\n<li>Presidente del tribunal: Luis Yll\u00e1 segura <\/li>\n<li>i\u00f1aki Eguiluz urruchurtu (vocal)<\/li>\n<li>Rafael Redondo barba (vocal)<\/li>\n<li>delf\u00edn Montero centeno (vocal)<\/li>\n<\/ul>\n<\/li>\n<\/ul>\n<p>&nbsp;<\/p>\n","protected":false},"excerpt":{"rendered":"<p>Tesis doctoral de Du\u00f1a Llamosa M. Elsa El motivo que me llev\u00f3 a realizar esta investigaci\u00f3n sobre el intento de [&hellip;]<\/p>\n","protected":false},"author":1,"featured_media":0,"comment_status":"open","ping_status":"open","sticky":false,"template":"","format":"standard","meta":{"site-sidebar-layout":"default","site-content-layout":"","ast-site-content-layout":"","site-content-style":"default","site-sidebar-style":"default","ast-global-header-display":"","ast-banner-title-visibility":"","ast-main-header-display":"","ast-hfb-above-header-display":"","ast-hfb-below-header-display":"","ast-hfb-mobile-header-display":"","site-post-title":"","ast-breadcrumbs-content":"","ast-featured-img":"","footer-sml-layout":"","theme-transparent-header-meta":"","adv-header-id-meta":"","stick-header-meta":"","header-above-stick-meta":"","header-main-stick-meta":"","header-below-stick-meta":"","astra-migrate-meta-layouts":"default","ast-page-background-enabled":"default","ast-page-background-meta":{"desktop":{"background-color":"var(--ast-global-color-4)","background-image":"","background-repeat":"repeat","background-position":"center center","background-size":"auto","background-attachment":"scroll","background-type":"","background-media":"","overlay-type":"","overlay-color":"","overlay-gradient":""},"tablet":{"background-color":"","background-image":"","background-repeat":"repeat","background-position":"center center","background-size":"auto","background-attachment":"scroll","background-type":"","background-media":"","overlay-type":"","overlay-color":"","overlay-gradient":""},"mobile":{"background-color":"","background-image":"","background-repeat":"repeat","background-position":"center center","background-size":"auto","background-attachment":"scroll","background-type":"","background-media":"","overlay-type":"","overlay-color":"","overlay-gradient":""}},"ast-content-background-meta":{"desktop":{"background-color":"var(--ast-global-color-5)","background-image":"","background-repeat":"repeat","background-position":"center center","background-size":"auto","background-attachment":"scroll","background-type":"","background-media":"","overlay-type":"","overlay-color":"","overlay-gradient":""},"tablet":{"background-color":"var(--ast-global-color-5)","background-image":"","background-repeat":"repeat","background-position":"center center","background-size":"auto","background-attachment":"scroll","background-type":"","background-media":"","overlay-type":"","overlay-color":"","overlay-gradient":""},"mobile":{"background-color":"var(--ast-global-color-5)","background-image":"","background-repeat":"repeat","background-position":"center center","background-size":"auto","background-attachment":"scroll","background-type":"","background-media":"","overlay-type":"","overlay-color":"","overlay-gradient":""}},"footnotes":""},"categories":[31910,324,961,970,325],"tags":[38560,15572,38559,38561,7856,31912],"class_list":["post-11751","post","type-post","status-publish","format-standard","hentry","category-deusto","category-psicologia","category-psicologia-de-la-anormalidad","category-psicologia-del-nino-y-del-adolescente","category-psicopatologia","tag-alberto-lasa-zulueta","tag-delfin-montero-centeno","tag-duna-llamosa-m-elsa","tag-inaki-eguiluz-urruchurtu","tag-luis-ylla-segura","tag-rafael-redondo-barba"],"_links":{"self":[{"href":"https:\/\/www.deberes.net\/tesis\/wp-json\/wp\/v2\/posts\/11751","targetHints":{"allow":["GET"]}}],"collection":[{"href":"https:\/\/www.deberes.net\/tesis\/wp-json\/wp\/v2\/posts"}],"about":[{"href":"https:\/\/www.deberes.net\/tesis\/wp-json\/wp\/v2\/types\/post"}],"author":[{"embeddable":true,"href":"https:\/\/www.deberes.net\/tesis\/wp-json\/wp\/v2\/users\/1"}],"replies":[{"embeddable":true,"href":"https:\/\/www.deberes.net\/tesis\/wp-json\/wp\/v2\/comments?post=11751"}],"version-history":[{"count":0,"href":"https:\/\/www.deberes.net\/tesis\/wp-json\/wp\/v2\/posts\/11751\/revisions"}],"wp:attachment":[{"href":"https:\/\/www.deberes.net\/tesis\/wp-json\/wp\/v2\/media?parent=11751"}],"wp:term":[{"taxonomy":"category","embeddable":true,"href":"https:\/\/www.deberes.net\/tesis\/wp-json\/wp\/v2\/categories?post=11751"},{"taxonomy":"post_tag","embeddable":true,"href":"https:\/\/www.deberes.net\/tesis\/wp-json\/wp\/v2\/tags?post=11751"}],"curies":[{"name":"wp","href":"https:\/\/api.w.org\/{rel}","templated":true}]}}