{"id":117551,"date":"2015-02-06T00:00:00","date_gmt":"2015-02-06T00:00:00","guid":{"rendered":"https:\/\/www.deberes.net\/tesis\/sin-categoria\/la-relacion-entre-la-conciliacion-de-la-vida-familiar-y-laboral-y-las-motivaciones-al-trabajo-un-estudio-sobre-los-directivos-en-argentina\/"},"modified":"2015-02-06T00:00:00","modified_gmt":"2015-02-06T00:00:00","slug":"la-relacion-entre-la-conciliacion-de-la-vida-familiar-y-laboral-y-las-motivaciones-al-trabajo-un-estudio-sobre-los-directivos-en-argentina","status":"publish","type":"post","link":"https:\/\/www.deberes.net\/tesis\/antropologia-social\/la-relacion-entre-la-conciliacion-de-la-vida-familiar-y-laboral-y-las-motivaciones-al-trabajo-un-estudio-sobre-los-directivos-en-argentina\/","title":{"rendered":"La relaci\u00f3n entre la conciliacion de la vida familiar y laboral y las motivaciones al trabajo. un estudio sobre los directivos en argentina"},"content":{"rendered":"<h2>Tesis doctoral de <strong> Guillermo Mar\u00eda Fraile <\/strong><\/h2>\n<p>La familia y el trabajo son los dos \u00e1mbitos donde m\u00e1s se desarrolla la interacci\u00f3n humana. Una investigaci\u00f3n realizada en argentina en el a\u00f1o 2013, nos permite analizar cu\u00e1les son las prioridades en las agendas laborales y familiares de los directivos de empresa. La dificultad que manifiestan los hombres de empresa tener para lograr una vida personal m\u00e1s arm\u00f3nica, especialmente las mujeres, es a\u00fan un tema no resuelto. Por otro lado, la capacidad de desarrollar motivaciones al trabajo, priorizando el servicio a los dem\u00e1s, no es lo m\u00e1s caracter\u00edstico del contenido de su tarea. Intentaremos profundizar el porqu\u00e9 de estas realidades y demostrar que ambas no son independientes, sino que existe una relaci\u00f3n entre la principal motivaci\u00f3n al trabajo y la capacidad de conciliar trabajo y familia. A trav\u00e9s del desarrollo de indicadores de conciliaci\u00f3n y trascendencia al trabajo y de diferentes an\u00e1lisis de correlaci\u00f3n entre ellos, analizaremos si ambos comportamientos est\u00e1n relacionados.<\/p>\n<p>&nbsp;<\/p>\n<h3>Datos acad\u00e9micos de la tesis doctoral \u00ab<strong>La relaci\u00f3n entre la conciliacion de la vida familiar y laboral y las motivaciones al trabajo. un estudio sobre los directivos en argentina<\/strong>\u00ab<\/h3>\n<ul>\n<li><strong>T\u00edtulo de la tesis:<\/strong>\u00a0 La relaci\u00f3n entre la conciliacion de la vida familiar y laboral y las motivaciones al trabajo. un estudio sobre los directivos en argentina <\/li>\n<li><strong>Autor:<\/strong>\u00a0 Guillermo Mar\u00eda Fraile <\/li>\n<li><strong>Universidad:<\/strong>\u00a0 Navarra<\/li>\n<li><strong>Fecha de lectura de la tesis:<\/strong>\u00a0 02\/06\/2015<\/li>\n<\/ul>\n<p>&nbsp;<\/p>\n<h3>Direcci\u00f3n y tribunal<\/h3>\n<ul>\n<li><strong>Director de la tesis<\/strong>\n<ul>\n<li>Mar\u00eda Dolores L\u00f3pez De Heredia Hern\u00e1ndez<\/li>\n<\/ul>\n<\/li>\n<li><strong>Tribunal<\/strong>\n<ul>\n<li>Presidente del tribunal: rafael Alvira dominguez <\/li>\n<li>Mar\u00eda paola Scarinci de delbosco (vocal)<\/li>\n<li>carolina amaya Montoro gurich (vocal)<\/li>\n<li>Jos\u00e9 Antonio Garc\u00eda dur\u00e1n de lara (vocal)<\/li>\n<\/ul>\n<\/li>\n<\/ul>\n<p>&nbsp;<\/p>\n","protected":false},"excerpt":{"rendered":"<p>Tesis doctoral de Guillermo Mar\u00eda Fraile La familia y el trabajo son los dos \u00e1mbitos donde m\u00e1s se desarrolla la [&hellip;]<\/p>\n","protected":false},"author":1,"featured_media":0,"comment_status":"open","ping_status":"open","sticky":false,"template":"","format":"standard","meta":{"site-sidebar-layout":"default","site-content-layout":"","ast-site-content-layout":"","site-content-style":"default","site-sidebar-style":"default","ast-global-header-display":"","ast-banner-title-visibility":"","ast-main-header-display":"","ast-hfb-above-header-display":"","ast-hfb-below-header-display":"","ast-hfb-mobile-header-display":"","site-post-title":"","ast-breadcrumbs-content":"","ast-featured-img":"","footer-sml-layout":"","theme-transparent-header-meta":"","adv-header-id-meta":"","stick-header-meta":"","header-above-stick-meta":"","header-main-stick-meta":"","header-below-stick-meta":"","astra-migrate-meta-layouts":"default","ast-page-background-enabled":"default","ast-page-background-meta":{"desktop":{"background-color":"var(--ast-global-color-4)","background-image":"","background-repeat":"repeat","background-position":"center center","background-size":"auto","background-attachment":"scroll","background-type":"","background-media":"","overlay-type":"","overlay-color":"","overlay-gradient":""},"tablet":{"background-color":"","background-image":"","background-repeat":"repeat","background-position":"center center","background-size":"auto","background-attachment":"scroll","background-type":"","background-media":"","overlay-type":"","overlay-color":"","overlay-gradient":""},"mobile":{"background-color":"","background-image":"","background-repeat":"repeat","background-position":"center center","background-size":"auto","background-attachment":"scroll","background-type":"","background-media":"","overlay-type":"","overlay-color":"","overlay-gradient":""}},"ast-content-background-meta":{"desktop":{"background-color":"var(--ast-global-color-5)","background-image":"","background-repeat":"repeat","background-position":"center center","background-size":"auto","background-attachment":"scroll","background-type":"","background-media":"","overlay-type":"","overlay-color":"","overlay-gradient":""},"tablet":{"background-color":"var(--ast-global-color-5)","background-image":"","background-repeat":"repeat","background-position":"center center","background-size":"auto","background-attachment":"scroll","background-type":"","background-media":"","overlay-type":"","overlay-color":"","overlay-gradient":""},"mobile":{"background-color":"var(--ast-global-color-5)","background-image":"","background-repeat":"repeat","background-position":"center center","background-size":"auto","background-attachment":"scroll","background-type":"","background-media":"","overlay-type":"","overlay-color":"","overlay-gradient":""}},"footnotes":""},"categories":[2720,7570,17749,2825],"tags":[216281,231570,12680,229748,231571,17980],"class_list":["post-117551","post","type-post","status-publish","format-standard","hentry","category-antropologia-social","category-gestion-de-recursos-humanos","category-navarra","category-organizacion-industrial-y-sector-publico","tag-carolina-amaya-montoro-gurich","tag-guillermo-maria-fraile","tag-jose-antonio-garcia-duran-de-lara","tag-maria-dolores-lopez-de-heredia-hernandez","tag-maria-paola-scarinci-de-delbosco","tag-rafael-alvira-dominguez"],"_links":{"self":[{"href":"https:\/\/www.deberes.net\/tesis\/wp-json\/wp\/v2\/posts\/117551","targetHints":{"allow":["GET"]}}],"collection":[{"href":"https:\/\/www.deberes.net\/tesis\/wp-json\/wp\/v2\/posts"}],"about":[{"href":"https:\/\/www.deberes.net\/tesis\/wp-json\/wp\/v2\/types\/post"}],"author":[{"embeddable":true,"href":"https:\/\/www.deberes.net\/tesis\/wp-json\/wp\/v2\/users\/1"}],"replies":[{"embeddable":true,"href":"https:\/\/www.deberes.net\/tesis\/wp-json\/wp\/v2\/comments?post=117551"}],"version-history":[{"count":0,"href":"https:\/\/www.deberes.net\/tesis\/wp-json\/wp\/v2\/posts\/117551\/revisions"}],"wp:attachment":[{"href":"https:\/\/www.deberes.net\/tesis\/wp-json\/wp\/v2\/media?parent=117551"}],"wp:term":[{"taxonomy":"category","embeddable":true,"href":"https:\/\/www.deberes.net\/tesis\/wp-json\/wp\/v2\/categories?post=117551"},{"taxonomy":"post_tag","embeddable":true,"href":"https:\/\/www.deberes.net\/tesis\/wp-json\/wp\/v2\/tags?post=117551"}],"curies":[{"name":"wp","href":"https:\/\/api.w.org\/{rel}","templated":true}]}}