{"id":117557,"date":"2015-02-06T00:00:00","date_gmt":"2015-02-06T00:00:00","guid":{"rendered":"https:\/\/www.deberes.net\/tesis\/sin-categoria\/la-evolucion-economica-de-puerto-rico-dilemas-desafa%c2%ados-y-oportunidades-para-desarrollar-una-pola%c2%adtica-comprensiva-de-innovacion-nacional\/"},"modified":"2015-02-06T00:00:00","modified_gmt":"2015-02-06T00:00:00","slug":"la-evolucion-economica-de-puerto-rico-dilemas-desafa%c2%ados-y-oportunidades-para-desarrollar-una-pola%c2%adtica-comprensiva-de-innovacion-nacional","status":"publish","type":"post","link":"https:\/\/www.deberes.net\/tesis\/organizacion-industrial-y-sector-publico\/la-evolucion-economica-de-puerto-rico-dilemas-desafa%c2%ados-y-oportunidades-para-desarrollar-una-pola%c2%adtica-comprensiva-de-innovacion-nacional\/","title":{"rendered":"La evoluci\u00f3n econ\u00f3mica de puerto rico: dilemas, desaf\u00edos y oportunidades para desarrollar una pol\u00edtica comprensiva de innovaci\u00f3n nacional"},"content":{"rendered":"<h2>Tesis doctoral de <strong> Ramon Ayala Diaz <\/strong><\/h2>\n<p>La econom\u00c2\u00bfa de puerto rico se ha caracterizado por una actividad econ\u00c2\u00bfmica centrada en una industria manufacturera impulsada por la localizaci\u00c2\u00bfn de empresas extranjeras, fundamentalmente de los estados unidos. Un desarrollo econ\u00c2\u00bfmico dependiente que ha impedido la generaci\u00c2\u00bfn de una capacidad productiva end\u00c2\u00bfgena. La tesis investiga sobre la situaci\u00c2\u00bfn de las capacidades tecnol\u00c2\u00bfgicas de puesto rico, estudiando las caracter\u00c2\u00bfsticas de sus sistema de innovaci\u00c2\u00bfn, con la finalidad de realizar un diagn\u00c2\u00bfstico de situaci\u00c2\u00bfn y proponer aquellas medidas que puedan contribuir a mejorar la potencialidad tecnol\u00c2\u00bfgica y econ\u00c2\u00bfmica del pa\u00c2\u00bfs.<\/p>\n<p>&nbsp;<\/p>\n<h3>Datos acad\u00e9micos de la tesis doctoral \u00ab<strong>La evoluci\u00f3n econ\u00f3mica de puerto rico: dilemas, desaf\u00edos y oportunidades para desarrollar una pol\u00edtica comprensiva de innovaci\u00f3n nacional<\/strong>\u00ab<\/h3>\n<ul>\n<li><strong>T\u00edtulo de la tesis:<\/strong>\u00a0 La evoluci\u00f3n econ\u00f3mica de puerto rico: dilemas, desaf\u00edos y oportunidades para desarrollar una pol\u00edtica comprensiva de innovaci\u00f3n nacional <\/li>\n<li><strong>Autor:<\/strong>\u00a0 Ramon Ayala Diaz <\/li>\n<li><strong>Universidad:<\/strong>\u00a0 Pa\u00eds vasco\/euskal herriko unibertsitatea<\/li>\n<li><strong>Fecha de lectura de la tesis:<\/strong>\u00a0 02\/06\/2015<\/li>\n<\/ul>\n<p>&nbsp;<\/p>\n<h3>Direcci\u00f3n y tribunal<\/h3>\n<ul>\n<li><strong>Director de la tesis<\/strong>\n<ul>\n<li>Vicente Camino Beldarrain<\/li>\n<\/ul>\n<\/li>\n<li><strong>Tribunal<\/strong>\n<ul>\n<li>Presidente del tribunal: javier Bilbao ubillos <\/li>\n<li>Juan  Jos\u00e9 Ibarretxe marcuartu (vocal)<\/li>\n<li>Miguel angel Hinojosa ramos (vocal)<\/li>\n<li>Juan  Carlos Longas garcia (vocal)<\/li>\n<\/ul>\n<\/li>\n<\/ul>\n<p>&nbsp;<\/p>\n","protected":false},"excerpt":{"rendered":"<p>Tesis doctoral de Ramon Ayala Diaz La econom\u00c2\u00bfa de puerto rico se ha caracterizado por una actividad econ\u00c2\u00bfmica centrada en [&hellip;]<\/p>\n","protected":false},"author":1,"featured_media":0,"comment_status":"open","ping_status":"open","sticky":false,"template":"","format":"standard","meta":{"site-sidebar-layout":"default","site-content-layout":"","ast-site-content-layout":"","site-content-style":"default","site-sidebar-style":"default","ast-global-header-display":"","ast-banner-title-visibility":"","ast-main-header-display":"","ast-hfb-above-header-display":"","ast-hfb-below-header-display":"","ast-hfb-mobile-header-display":"","site-post-title":"","ast-breadcrumbs-content":"","ast-featured-img":"","footer-sml-layout":"","theme-transparent-header-meta":"","adv-header-id-meta":"","stick-header-meta":"","header-above-stick-meta":"","header-main-stick-meta":"","header-below-stick-meta":"","astra-migrate-meta-layouts":"default","ast-page-background-enabled":"default","ast-page-background-meta":{"desktop":{"background-color":"var(--ast-global-color-4)","background-image":"","background-repeat":"repeat","background-position":"center center","background-size":"auto","background-attachment":"scroll","background-type":"","background-media":"","overlay-type":"","overlay-color":"","overlay-gradient":""},"tablet":{"background-color":"","background-image":"","background-repeat":"repeat","background-position":"center center","background-size":"auto","background-attachment":"scroll","background-type":"","background-media":"","overlay-type":"","overlay-color":"","overlay-gradient":""},"mobile":{"background-color":"","background-image":"","background-repeat":"repeat","background-position":"center center","background-size":"auto","background-attachment":"scroll","background-type":"","background-media":"","overlay-type":"","overlay-color":"","overlay-gradient":""}},"ast-content-background-meta":{"desktop":{"background-color":"var(--ast-global-color-5)","background-image":"","background-repeat":"repeat","background-position":"center center","background-size":"auto","background-attachment":"scroll","background-type":"","background-media":"","overlay-type":"","overlay-color":"","overlay-gradient":""},"tablet":{"background-color":"var(--ast-global-color-5)","background-image":"","background-repeat":"repeat","background-position":"center center","background-size":"auto","background-attachment":"scroll","background-type":"","background-media":"","overlay-type":"","overlay-color":"","overlay-gradient":""},"mobile":{"background-color":"var(--ast-global-color-5)","background-image":"","background-repeat":"repeat","background-position":"center center","background-size":"auto","background-attachment":"scroll","background-type":"","background-media":"","overlay-type":"","overlay-color":"","overlay-gradient":""}},"footnotes":""},"categories":[25738,2825,12909,16831],"tags":[75514,207404,211119,164011,231581,121248],"class_list":["post-117557","post","type-post","status-publish","format-standard","hentry","category-economia-de-la-investigacion-y-del-desarrollo","category-organizacion-industrial-y-sector-publico","category-pais-vasco-euskal-herriko-unibertsitatea","category-teoria-macroeconomica","tag-javier-bilbao-ubillos","tag-juan-carlos-longas-garcia","tag-juan-jose-ibarretxe-marcuartu","tag-miguel-angel-hinojosa-ramos","tag-ramon-ayala-diaz","tag-vicente-camino-beldarrain"],"_links":{"self":[{"href":"https:\/\/www.deberes.net\/tesis\/wp-json\/wp\/v2\/posts\/117557","targetHints":{"allow":["GET"]}}],"collection":[{"href":"https:\/\/www.deberes.net\/tesis\/wp-json\/wp\/v2\/posts"}],"about":[{"href":"https:\/\/www.deberes.net\/tesis\/wp-json\/wp\/v2\/types\/post"}],"author":[{"embeddable":true,"href":"https:\/\/www.deberes.net\/tesis\/wp-json\/wp\/v2\/users\/1"}],"replies":[{"embeddable":true,"href":"https:\/\/www.deberes.net\/tesis\/wp-json\/wp\/v2\/comments?post=117557"}],"version-history":[{"count":0,"href":"https:\/\/www.deberes.net\/tesis\/wp-json\/wp\/v2\/posts\/117557\/revisions"}],"wp:attachment":[{"href":"https:\/\/www.deberes.net\/tesis\/wp-json\/wp\/v2\/media?parent=117557"}],"wp:term":[{"taxonomy":"category","embeddable":true,"href":"https:\/\/www.deberes.net\/tesis\/wp-json\/wp\/v2\/categories?post=117557"},{"taxonomy":"post_tag","embeddable":true,"href":"https:\/\/www.deberes.net\/tesis\/wp-json\/wp\/v2\/tags?post=117557"}],"curies":[{"name":"wp","href":"https:\/\/api.w.org\/{rel}","templated":true}]}}