{"id":117562,"date":"2015-03-06T00:00:00","date_gmt":"2015-03-06T00:00:00","guid":{"rendered":"https:\/\/www.deberes.net\/tesis\/sin-categoria\/elementos-de-pola%c2%adtica-de-gestion-en-henry-mintzberg\/"},"modified":"2015-03-06T00:00:00","modified_gmt":"2015-03-06T00:00:00","slug":"elementos-de-pola%c2%adtica-de-gestion-en-henry-mintzberg","status":"publish","type":"post","link":"https:\/\/www.deberes.net\/tesis\/organizacion-y-gestion-de-empresas\/elementos-de-pola%c2%adtica-de-gestion-en-henry-mintzberg\/","title":{"rendered":"Elementos de pol\u00edtica de gesti\u00f3n en henry mintzberg"},"content":{"rendered":"<h2>Tesis doctoral de <strong> Santiago Garc\u00eda \u00e1lvarez <\/strong><\/h2>\n<p>Este trabajo parte del pensamiento de henry mintzberg sobre los elementos de pol\u00edtica de gesti\u00f3n: trabajo directivo, dise\u00f1o organizacional y poder. Estos tres temas subyacen a la determinaci\u00f3n de pol\u00edticas de cualquier organizaci\u00f3n, y confluyen en dos aspectos que abordan la gesti\u00f3n desde una visi\u00f3n integradora: el comunitarismo y la direcci\u00f3n bien lograda. La tesis profundiza en las causas de los problemas directivos, propone razonamientos generales que ayudan a vislumbrar caminos de soluci\u00f3n y presenta alternativas pr\u00e1cticas para dirigir mejor las organizaciones. La sociedad actual se ha convertido en un mundo de organizaciones. Por ello, es preciso comprenderlas en s\u00ed mismas, entender su influencia mutua con la sociedad y ayudar a los directivos a desempe\u00f1ar bien su trabajo: es posible la compatibilidad de la eficacia t\u00e9cnica del trabajo directivo con el crecimiento de las personas y de la organizaci\u00f3n como una peque\u00f1a sociedad.<\/p>\n<p>&nbsp;<\/p>\n<h3>Datos acad\u00e9micos de la tesis doctoral \u00ab<strong>Elementos de pol\u00edtica de gesti\u00f3n en henry mintzberg<\/strong>\u00ab<\/h3>\n<ul>\n<li><strong>T\u00edtulo de la tesis:<\/strong>\u00a0 Elementos de pol\u00edtica de gesti\u00f3n en henry mintzberg <\/li>\n<li><strong>Autor:<\/strong>\u00a0 Santiago Garc\u00eda \u00e1lvarez <\/li>\n<li><strong>Universidad:<\/strong>\u00a0 Navarra<\/li>\n<li><strong>Fecha de lectura de la tesis:<\/strong>\u00a0 03\/06\/2015<\/li>\n<\/ul>\n<p>&nbsp;<\/p>\n<h3>Direcci\u00f3n y tribunal<\/h3>\n<ul>\n<li><strong>Director de la tesis<\/strong>\n<ul>\n<li>Luis Fernando M\u00fagica Martinena<\/li>\n<\/ul>\n<\/li>\n<li><strong>Tribunal<\/strong>\n<ul>\n<li>Presidente del tribunal: rafael Alvira dominguez <\/li>\n<li>Miguel Bastons prat (vocal)<\/li>\n<li>Carlos Jorge  guillermo Ruiz gonz\u00e1lez (vocal)<\/li>\n<li>Miguel alfonso Mart\u00ednez-echevarr\u00eda ortega (vocal)<\/li>\n<\/ul>\n<\/li>\n<\/ul>\n<p>&nbsp;<\/p>\n","protected":false},"excerpt":{"rendered":"<p>Tesis doctoral de Santiago Garc\u00eda \u00e1lvarez Este trabajo parte del pensamiento de henry mintzberg sobre los elementos de pol\u00edtica de [&hellip;]<\/p>\n","protected":false},"author":1,"featured_media":0,"comment_status":"open","ping_status":"open","sticky":false,"template":"","format":"standard","meta":{"site-sidebar-layout":"default","site-content-layout":"","ast-site-content-layout":"","site-content-style":"default","site-sidebar-style":"default","ast-global-header-display":"","ast-banner-title-visibility":"","ast-main-header-display":"","ast-hfb-above-header-display":"","ast-hfb-below-header-display":"","ast-hfb-mobile-header-display":"","site-post-title":"","ast-breadcrumbs-content":"","ast-featured-img":"","footer-sml-layout":"","theme-transparent-header-meta":"","adv-header-id-meta":"","stick-header-meta":"","header-above-stick-meta":"","header-main-stick-meta":"","header-below-stick-meta":"","astra-migrate-meta-layouts":"default","ast-page-background-enabled":"default","ast-page-background-meta":{"desktop":{"background-color":"var(--ast-global-color-4)","background-image":"","background-repeat":"repeat","background-position":"center center","background-size":"auto","background-attachment":"scroll","background-type":"","background-media":"","overlay-type":"","overlay-color":"","overlay-gradient":""},"tablet":{"background-color":"","background-image":"","background-repeat":"repeat","background-position":"center center","background-size":"auto","background-attachment":"scroll","background-type":"","background-media":"","overlay-type":"","overlay-color":"","overlay-gradient":""},"mobile":{"background-color":"","background-image":"","background-repeat":"repeat","background-position":"center center","background-size":"auto","background-attachment":"scroll","background-type":"","background-media":"","overlay-type":"","overlay-color":"","overlay-gradient":""}},"ast-content-background-meta":{"desktop":{"background-color":"var(--ast-global-color-5)","background-image":"","background-repeat":"repeat","background-position":"center center","background-size":"auto","background-attachment":"scroll","background-type":"","background-media":"","overlay-type":"","overlay-color":"","overlay-gradient":""},"tablet":{"background-color":"var(--ast-global-color-5)","background-image":"","background-repeat":"repeat","background-position":"center center","background-size":"auto","background-attachment":"scroll","background-type":"","background-media":"","overlay-type":"","overlay-color":"","overlay-gradient":""},"mobile":{"background-color":"var(--ast-global-color-5)","background-image":"","background-repeat":"repeat","background-position":"center center","background-size":"auto","background-attachment":"scroll","background-type":"","background-media":"","overlay-type":"","overlay-color":"","overlay-gradient":""}},"footnotes":""},"categories":[7570,17749,2825,1302],"tags":[224038,32071,17987,84986,17980,231590],"class_list":["post-117562","post","type-post","status-publish","format-standard","hentry","category-gestion-de-recursos-humanos","category-navarra","category-organizacion-industrial-y-sector-publico","category-organizacion-y-gestion-de-empresas","tag-carlos-jorge-guillermo-ruiz-gonzalez","tag-luis-fernando-mugica-martinena","tag-miguel-alfonso-Martinez-echevarria-ortega","tag-miguel-bastons-prat","tag-rafael-alvira-dominguez","tag-santiago-garcia-alvarez"],"_links":{"self":[{"href":"https:\/\/www.deberes.net\/tesis\/wp-json\/wp\/v2\/posts\/117562","targetHints":{"allow":["GET"]}}],"collection":[{"href":"https:\/\/www.deberes.net\/tesis\/wp-json\/wp\/v2\/posts"}],"about":[{"href":"https:\/\/www.deberes.net\/tesis\/wp-json\/wp\/v2\/types\/post"}],"author":[{"embeddable":true,"href":"https:\/\/www.deberes.net\/tesis\/wp-json\/wp\/v2\/users\/1"}],"replies":[{"embeddable":true,"href":"https:\/\/www.deberes.net\/tesis\/wp-json\/wp\/v2\/comments?post=117562"}],"version-history":[{"count":0,"href":"https:\/\/www.deberes.net\/tesis\/wp-json\/wp\/v2\/posts\/117562\/revisions"}],"wp:attachment":[{"href":"https:\/\/www.deberes.net\/tesis\/wp-json\/wp\/v2\/media?parent=117562"}],"wp:term":[{"taxonomy":"category","embeddable":true,"href":"https:\/\/www.deberes.net\/tesis\/wp-json\/wp\/v2\/categories?post=117562"},{"taxonomy":"post_tag","embeddable":true,"href":"https:\/\/www.deberes.net\/tesis\/wp-json\/wp\/v2\/tags?post=117562"}],"curies":[{"name":"wp","href":"https:\/\/api.w.org\/{rel}","templated":true}]}}