{"id":117564,"date":"2015-04-06T00:00:00","date_gmt":"2015-04-06T00:00:00","guid":{"rendered":"https:\/\/www.deberes.net\/tesis\/sin-categoria\/las-palabras-de-la-democracia-analisis-lexicometrico-del-lenguaje-parlamentario-espanol-la-sesion-de-investidura-1979-2011-y-el-debate-sobre-el-estado-de-la-nacion-1983-2014\/"},"modified":"2015-04-06T00:00:00","modified_gmt":"2015-04-06T00:00:00","slug":"las-palabras-de-la-democracia-analisis-lexicometrico-del-lenguaje-parlamentario-espanol-la-sesion-de-investidura-1979-2011-y-el-debate-sobre-el-estado-de-la-nacion-1983-2014","status":"publish","type":"post","link":"https:\/\/www.deberes.net\/tesis\/complutense-de-madrid\/las-palabras-de-la-democracia-analisis-lexicometrico-del-lenguaje-parlamentario-espanol-la-sesion-de-investidura-1979-2011-y-el-debate-sobre-el-estado-de-la-nacion-1983-2014\/","title":{"rendered":"Las palabras de la democracia: an\u00e1lisis lexicom\u00e9trico del lenguaje parlamentario espa\u00f1ol: la sesi\u00f3n de investidura (1979-2011) y el debate sobre el estado de la naci\u00f3n (1983-2014)."},"content":{"rendered":"<h2>Tesis doctoral de <strong> Ana Collado Jimenez <\/strong><\/h2>\n<p>El presente trabajo de investigaci\u00f3n pretende realizar un an\u00e1lisis lexicom\u00e9trico del lenguaje pol\u00edtico interno, enmarcado en el contexto temporal de la democracia espa\u00f1ola (1979-2014), y en el marco conceptual de voces del campo sem\u00e1ntico de la soberan\u00eda, con el foco puesto sobre los elementos territorio y poblaci\u00f3n del concepto cl\u00e1sico de soberan\u00eda desde una perspectiva del derecho internacional p\u00fablico. el lenguaje, adem\u00e1s de un registro m\u00e1s o menos fiel del mundo, es un factor y un instrumento esencial del cambio social y pol\u00edtico, y muchas veces los cambios ling\u00ed\u00bc\u00edsticos preceden y en cierta manera estructuran las transformaciones en el terreno f\u00e1ctico e institucional. con este an\u00e1lisis y su traducci\u00f3n estad\u00edstica se pretende contribuir a un mejor conocimiento de la visi\u00f3n de la realidad de los parlamentarios de la \u00e9poca estudiada, la capacidad de adaptaci\u00f3n del lenguaje a la pr\u00e1ctica pol\u00edtica, y la influencia que ejerce su discurso sobre los acontecimientos pol\u00edticos y sociales, puesto que el discurso pol\u00edtico no es simple ni fundamentalmente informativo, sino que por su intenci\u00f3n agitativa o incitativa, busca conseguir una reacci\u00f3n de trascendencia social o p\u00fablica en el destinatario, bien a trav\u00e9s de la seducci\u00f3n o bien a trav\u00e9s de la persuasi\u00f3n. as\u00ed, partiendo de la distinci\u00f3n entre discurso pol\u00edtico externo \u00c2\u00bfcuando el pol\u00edtico se dirige en \u00faltima instancia a los ciudadanos, en m\u00edtines, declaraciones a periodistas, etc.-, Y discurso pol\u00edtico interno \u00c2\u00bfcuando se dirige a otros pol\u00edticos; no est\u00e1n desligados del otro de un modo tajante-, para el presente trabajo de investigaci\u00f3n se ha considerado la segunda categor\u00eda, el lenguaje pol\u00edtico interno. esta dimensi\u00f3n verbal de la actividad pol\u00edtica presenta una doble vertiente: por un lado, el lenguaje es su instrumento material y desempe\u00f1a un papel informador y configurador de realidades; por otro, el acto enunciativo y el mensaje pol\u00edtico resultado de \u00e9l son hechos pol\u00edticos en s\u00ed mismos. la fuente para el an\u00e1lisis es el diario de sesiones del congreso de los diputados, y m\u00e1s concretamente, se han seleccionado todos los debates de la sesi\u00f3n de investidura, y los debates sobre el estado de la naci\u00f3n del periodo hist\u00f3rico mencionado. como se indica en la investigaci\u00f3n, en relaci\u00f3n con el concepto de soberan\u00eda, \u00e9sta se puede predicar tanto de sujetos individuales como de sujetos colectivos distintos al estado, que ser\u00edan los conceptos en los que se materializar\u00eda la voluntad pol\u00edtica racional necesaria para la manifestaci\u00f3n de la voluntad general. Por tanto, se ha dividido el campo sem\u00e1ntico de `soberan\u00eda\u00c2\u00bf en dos bloques, que aluden a la componente territorial y a la subjetiva respectivamente. Se han estudiado en relaci\u00f3n con el territorio: espa\u00f1a, estado (con los matices relativos a estado espa\u00f1ol, estado de derecho, estado social y democr\u00e1tico de derecho, y estado de las autonom\u00edas), naci\u00f3n, pa\u00eds, y patria. Y en relaci\u00f3n con la poblaci\u00f3n: espa\u00f1oles, pueblo (con las peculiaridades de pueblo espa\u00f1ol y de pueblos), ciudadanos y ciudadan\u00eda, opini\u00f3n p\u00fablica, y contribuyentes. adem\u00e1s,<\/p>\n<p>&nbsp;<\/p>\n<h3>Datos acad\u00e9micos de la tesis doctoral \u00ab<strong>Las palabras de la democracia: an\u00e1lisis lexicom\u00e9trico del lenguaje parlamentario espa\u00f1ol: la sesi\u00f3n de investidura (1979-2011) y el debate sobre el estado de la naci\u00f3n (1983-2014).<\/strong>\u00ab<\/h3>\n<ul>\n<li><strong>T\u00edtulo de la tesis:<\/strong>\u00a0 Las palabras de la democracia: an\u00e1lisis lexicom\u00e9trico del lenguaje parlamentario espa\u00f1ol: la sesi\u00f3n de investidura (1979-2011) y el debate sobre el estado de la naci\u00f3n (1983-2014). <\/li>\n<li><strong>Autor:<\/strong>\u00a0 Ana Collado Jimenez <\/li>\n<li><strong>Universidad:<\/strong>\u00a0 Complutense de Madrid<\/li>\n<li><strong>Fecha de lectura de la tesis:<\/strong>\u00a0 04\/06\/2015<\/li>\n<\/ul>\n<p>&nbsp;<\/p>\n<h3>Direcci\u00f3n y tribunal<\/h3>\n<ul>\n<li><strong>Director de la tesis<\/strong>\n<ul>\n<li>Juan  Francisco Fuentes Aragones<\/li>\n<\/ul>\n<\/li>\n<li><strong>Tribunal<\/strong>\n<ul>\n<li>Presidente del tribunal: rafael Rubio nu\u00f1ez <\/li>\n<li>Juan  de dios Ruano g\u00f3mez (vocal)<\/li>\n<li>pablo O\u00f1ate  rubalcaba (vocal)<\/li>\n<li>Javier Fern\u00e1ndez sebasti\u00e1n (vocal)<\/li>\n<\/ul>\n<\/li>\n<\/ul>\n<p>&nbsp;<\/p>\n","protected":false},"excerpt":{"rendered":"<p>Tesis doctoral de Ana Collado Jimenez El presente trabajo de investigaci\u00f3n pretende realizar un an\u00e1lisis lexicom\u00e9trico del lenguaje pol\u00edtico interno, [&hellip;]<\/p>\n","protected":false},"author":1,"featured_media":0,"comment_status":"open","ping_status":"open","sticky":false,"template":"","format":"standard","meta":{"site-sidebar-layout":"default","site-content-layout":"","ast-site-content-layout":"","site-content-style":"default","site-sidebar-style":"default","ast-global-header-display":"","ast-banner-title-visibility":"","ast-main-header-display":"","ast-hfb-above-header-display":"","ast-hfb-below-header-display":"","ast-hfb-mobile-header-display":"","site-post-title":"","ast-breadcrumbs-content":"","ast-featured-img":"","footer-sml-layout":"","theme-transparent-header-meta":"","adv-header-id-meta":"","stick-header-meta":"","header-above-stick-meta":"","header-main-stick-meta":"","header-below-stick-meta":"","astra-migrate-meta-layouts":"default","ast-page-background-enabled":"default","ast-page-background-meta":{"desktop":{"background-color":"var(--ast-global-color-4)","background-image":"","background-repeat":"repeat","background-position":"center center","background-size":"auto","background-attachment":"scroll","background-type":"","background-media":"","overlay-type":"","overlay-color":"","overlay-gradient":""},"tablet":{"background-color":"","background-image":"","background-repeat":"repeat","background-position":"center center","background-size":"auto","background-attachment":"scroll","background-type":"","background-media":"","overlay-type":"","overlay-color":"","overlay-gradient":""},"mobile":{"background-color":"","background-image":"","background-repeat":"repeat","background-position":"center center","background-size":"auto","background-attachment":"scroll","background-type":"","background-media":"","overlay-type":"","overlay-color":"","overlay-gradient":""}},"ast-content-background-meta":{"desktop":{"background-color":"var(--ast-global-color-5)","background-image":"","background-repeat":"repeat","background-position":"center center","background-size":"auto","background-attachment":"scroll","background-type":"","background-media":"","overlay-type":"","overlay-color":"","overlay-gradient":""},"tablet":{"background-color":"var(--ast-global-color-5)","background-image":"","background-repeat":"repeat","background-position":"center center","background-size":"auto","background-attachment":"scroll","background-type":"","background-media":"","overlay-type":"","overlay-color":"","overlay-gradient":""},"mobile":{"background-color":"var(--ast-global-color-5)","background-image":"","background-repeat":"repeat","background-position":"center center","background-size":"auto","background-attachment":"scroll","background-type":"","background-media":"","overlay-type":"","overlay-color":"","overlay-gradient":""}},"footnotes":""},"categories":[986,7374],"tags":[231592,59674,150208,49188,57924,39718],"class_list":["post-117564","post","type-post","status-publish","format-standard","hentry","category-complutense-de-madrid","category-sistemas-politicos","tag-ana-collado-jimenez","tag-javier-fernandez-sebastian","tag-juan-de-dios-ruano-gomez","tag-juan-francisco-fuentes-aragones","tag-pablo-onate-rubalcaba","tag-rafael-rubio-nunez"],"_links":{"self":[{"href":"https:\/\/www.deberes.net\/tesis\/wp-json\/wp\/v2\/posts\/117564","targetHints":{"allow":["GET"]}}],"collection":[{"href":"https:\/\/www.deberes.net\/tesis\/wp-json\/wp\/v2\/posts"}],"about":[{"href":"https:\/\/www.deberes.net\/tesis\/wp-json\/wp\/v2\/types\/post"}],"author":[{"embeddable":true,"href":"https:\/\/www.deberes.net\/tesis\/wp-json\/wp\/v2\/users\/1"}],"replies":[{"embeddable":true,"href":"https:\/\/www.deberes.net\/tesis\/wp-json\/wp\/v2\/comments?post=117564"}],"version-history":[{"count":0,"href":"https:\/\/www.deberes.net\/tesis\/wp-json\/wp\/v2\/posts\/117564\/revisions"}],"wp:attachment":[{"href":"https:\/\/www.deberes.net\/tesis\/wp-json\/wp\/v2\/media?parent=117564"}],"wp:term":[{"taxonomy":"category","embeddable":true,"href":"https:\/\/www.deberes.net\/tesis\/wp-json\/wp\/v2\/categories?post=117564"},{"taxonomy":"post_tag","embeddable":true,"href":"https:\/\/www.deberes.net\/tesis\/wp-json\/wp\/v2\/tags?post=117564"}],"curies":[{"name":"wp","href":"https:\/\/api.w.org\/{rel}","templated":true}]}}