{"id":117591,"date":"2015-10-06T00:00:00","date_gmt":"2015-10-06T00:00:00","guid":{"rendered":"https:\/\/www.deberes.net\/tesis\/sin-categoria\/eficacia-y-posibles-efectos-adversos-del-cloruro-de-cetilpiridinio-en-pacientes-jovenes-portadores-de-aparatologa%c2%ada-fija-ortodoncica\/"},"modified":"2015-10-06T00:00:00","modified_gmt":"2015-10-06T00:00:00","slug":"eficacia-y-posibles-efectos-adversos-del-cloruro-de-cetilpiridinio-en-pacientes-jovenes-portadores-de-aparatologa%c2%ada-fija-ortodoncica","status":"publish","type":"post","link":"https:\/\/www.deberes.net\/tesis\/estomatologia-y-ortodoncia\/eficacia-y-posibles-efectos-adversos-del-cloruro-de-cetilpiridinio-en-pacientes-jovenes-portadores-de-aparatologa%c2%ada-fija-ortodoncica\/","title":{"rendered":"Eficacia y posibles efectos adversos del cloruro de cetilpiridinio en pacientes j\u00f3venes portadores de aparatolog\u00eda fija ortod\u00f3ncica."},"content":{"rendered":"<h2>Tesis doctoral de <strong> Tania Perez Martin <\/strong><\/h2>\n<p>El tratamiento de ortodoncia es frecuente en pacientes j\u00f3venes por su elevada preValencia de maloclusi\u00f3n. La aparatolog\u00eda fija en la cavidad oral favorece el ac\u00famulo de placa bacteriana, con el riesgo de desarrollo de caries y gingivitis. Una estrategia complementaria al cepillado en estos pacientes es el uso de agentes antimicrobianos. El cloruro de cetilpiridinio (cpc) ha demostrado ser reductor de la formaci\u00f3n de placa y gingivitis. El objetivo de este estudio fue evaluar la eficacia cl\u00ednica y microbiol\u00f3gica del cpc al 0,05 por ciento en pasta y colutorio en pacientes portadores de ortodoncia fija, sus posibles efectos adversos y percepci\u00f3n subjetiva del producto. En este estudio cl\u00ednico a 3 meses, aleatorio y doble ciego, se asignaron 32 pacientes al grupo test (b) y 31 al grupo placebo (a). El  grupo b utiliz\u00f3 2 veces al d\u00eda  un enjuague y pasta con cpc, y el grupo a utiliz\u00f3 los mismos productos sin el agente activo. Cada mes se registraron \u00edndices de placa (ip) y gingivitis (ig), se tomaron muestras microbiol\u00f3gicas subgingivales en las visita basal y final, cada mes se registraron intensidad y \u00e1rea de tinci\u00f3n, y respuestas a un cuestionario. Se observaron valores de ig significativamente mayores en el grupo a en los meses 1 y 3. El ip disminuy\u00f3 en el grupo b a 1 mes, existiendo diferencias estad\u00edsticamente significativas con el grupo a. No hubo diferencias en los par\u00e1metros microbiol\u00f3gicos, ni se detect\u00f3 sobrecrecimiento de especies oportunistas. Fue mejor el sabor del producto test a 2 y 3 meses. No hubo diferencias entre grupos en los posibles efectos adversos. El uso de pasta y colutorio con cpc al 0,05 por ciento en pacientes j\u00f3venes portadores de aparatolog\u00eda fija ortod\u00f3ncica fue eficiente en la reducci\u00f3n de placa y gingivitis, no present\u00f3 efectos adversos asociados, y a los pacientes les gusto su sabor.<\/p>\n<p>&nbsp;<\/p>\n<h3>Datos acad\u00e9micos de la tesis doctoral \u00ab<strong>Eficacia y posibles efectos adversos del cloruro de cetilpiridinio en pacientes j\u00f3venes portadores de aparatolog\u00eda fija ortod\u00f3ncica.<\/strong>\u00ab<\/h3>\n<ul>\n<li><strong>T\u00edtulo de la tesis:<\/strong>\u00a0 Eficacia y posibles efectos adversos del cloruro de cetilpiridinio en pacientes j\u00f3venes portadores de aparatolog\u00eda fija ortod\u00f3ncica. <\/li>\n<li><strong>Autor:<\/strong>\u00a0 Tania Perez Martin <\/li>\n<li><strong>Universidad:<\/strong>\u00a0 Complutense de Madrid<\/li>\n<li><strong>Fecha de lectura de la tesis:<\/strong>\u00a0 10\/06\/2015<\/li>\n<\/ul>\n<p>&nbsp;<\/p>\n<h3>Direcci\u00f3n y tribunal<\/h3>\n<ul>\n<li><strong>Director de la tesis<\/strong>\n<ul>\n<li>M. Concepcion Martin Alvaro<\/li>\n<\/ul>\n<\/li>\n<li><strong>Tribunal<\/strong>\n<ul>\n<li>Presidente del tribunal: Juan  Carlos Palma fernandez <\/li>\n<li>Javier De la cruz p\u00e9rez (vocal)<\/li>\n<li>Jos\u00e9 Antonio Alarcon perez (vocal)<\/li>\n<li>c\u00e9sar Bentureira pedrosa (vocal)<\/li>\n<\/ul>\n<\/li>\n<\/ul>\n<p>&nbsp;<\/p>\n","protected":false},"excerpt":{"rendered":"<p>Tesis doctoral de Tania Perez Martin El tratamiento de ortodoncia es frecuente en pacientes j\u00f3venes por su elevada preValencia de [&hellip;]<\/p>\n","protected":false},"author":1,"featured_media":0,"comment_status":"open","ping_status":"open","sticky":false,"template":"","format":"standard","meta":{"site-sidebar-layout":"default","site-content-layout":"","ast-site-content-layout":"","site-content-style":"default","site-sidebar-style":"default","ast-global-header-display":"","ast-banner-title-visibility":"","ast-main-header-display":"","ast-hfb-above-header-display":"","ast-hfb-below-header-display":"","ast-hfb-mobile-header-display":"","site-post-title":"","ast-breadcrumbs-content":"","ast-featured-img":"","footer-sml-layout":"","theme-transparent-header-meta":"","adv-header-id-meta":"","stick-header-meta":"","header-above-stick-meta":"","header-main-stick-meta":"","header-below-stick-meta":"","astra-migrate-meta-layouts":"default","ast-page-background-enabled":"default","ast-page-background-meta":{"desktop":{"background-color":"var(--ast-global-color-4)","background-image":"","background-repeat":"repeat","background-position":"center center","background-size":"auto","background-attachment":"scroll","background-type":"","background-media":"","overlay-type":"","overlay-color":"","overlay-gradient":""},"tablet":{"background-color":"","background-image":"","background-repeat":"repeat","background-position":"center center","background-size":"auto","background-attachment":"scroll","background-type":"","background-media":"","overlay-type":"","overlay-color":"","overlay-gradient":""},"mobile":{"background-color":"","background-image":"","background-repeat":"repeat","background-position":"center center","background-size":"auto","background-attachment":"scroll","background-type":"","background-media":"","overlay-type":"","overlay-color":"","overlay-gradient":""}},"ast-content-background-meta":{"desktop":{"background-color":"var(--ast-global-color-5)","background-image":"","background-repeat":"repeat","background-position":"center center","background-size":"auto","background-attachment":"scroll","background-type":"","background-media":"","overlay-type":"","overlay-color":"","overlay-gradient":""},"tablet":{"background-color":"var(--ast-global-color-5)","background-image":"","background-repeat":"repeat","background-position":"center center","background-size":"auto","background-attachment":"scroll","background-type":"","background-media":"","overlay-type":"","overlay-color":"","overlay-gradient":""},"mobile":{"background-color":"var(--ast-global-color-5)","background-image":"","background-repeat":"repeat","background-position":"center center","background-size":"auto","background-attachment":"scroll","background-type":"","background-media":"","overlay-type":"","overlay-color":"","overlay-gradient":""}},"footnotes":""},"categories":[986,140],"tags":[189090,102360,75522,21769,172040,231634],"class_list":["post-117591","post","type-post","status-publish","format-standard","hentry","category-complutense-de-madrid","category-estomatologia-y-ortodoncia","tag-cesar-bentureira-pedrosa","tag-javier-de-la-cruz-perez","tag-jose-antonio-alarcon-perez","tag-juan-carlos-palma-fernandez","tag-m-concepcion-martin-alvaro","tag-tania-perez-martin"],"_links":{"self":[{"href":"https:\/\/www.deberes.net\/tesis\/wp-json\/wp\/v2\/posts\/117591","targetHints":{"allow":["GET"]}}],"collection":[{"href":"https:\/\/www.deberes.net\/tesis\/wp-json\/wp\/v2\/posts"}],"about":[{"href":"https:\/\/www.deberes.net\/tesis\/wp-json\/wp\/v2\/types\/post"}],"author":[{"embeddable":true,"href":"https:\/\/www.deberes.net\/tesis\/wp-json\/wp\/v2\/users\/1"}],"replies":[{"embeddable":true,"href":"https:\/\/www.deberes.net\/tesis\/wp-json\/wp\/v2\/comments?post=117591"}],"version-history":[{"count":0,"href":"https:\/\/www.deberes.net\/tesis\/wp-json\/wp\/v2\/posts\/117591\/revisions"}],"wp:attachment":[{"href":"https:\/\/www.deberes.net\/tesis\/wp-json\/wp\/v2\/media?parent=117591"}],"wp:term":[{"taxonomy":"category","embeddable":true,"href":"https:\/\/www.deberes.net\/tesis\/wp-json\/wp\/v2\/categories?post=117591"},{"taxonomy":"post_tag","embeddable":true,"href":"https:\/\/www.deberes.net\/tesis\/wp-json\/wp\/v2\/tags?post=117591"}],"curies":[{"name":"wp","href":"https:\/\/api.w.org\/{rel}","templated":true}]}}