{"id":117598,"date":"2015-11-06T00:00:00","date_gmt":"2015-11-06T00:00:00","guid":{"rendered":""},"modified":"2015-11-06T00:00:00","modified_gmt":"2015-11-06T00:00:00","slug":"analisis-sobre-la-injerencia-pola%c2%adtica-y-la-libre-competencia-en-la-empresa-informativa-a-partir-de-dos-casos-de-estudio-el-proceso-de-concentracion-de-a-3-radio-y-la-ser-en-union-radio-1992-20","status":"publish","type":"post","link":"https:\/\/www.deberes.net\/tesis\/complutense-de-madrid\/analisis-sobre-la-injerencia-pola%c2%adtica-y-la-libre-competencia-en-la-empresa-informativa-a-partir-de-dos-casos-de-estudio-el-proceso-de-concentracion-de-a-3-radio-y-la-ser-en-union-radio-1992-20\/","title":{"rendered":"An\u00e1lisis sobre la injerencia pol\u00edtica y la libre competencia en la empresa informativa a partir de dos casos de estudio: el proceso de concentraci\u00f3n de a-3 radio y la ser en uni\u00f3n radio (1992-2007) y el relevo en la direcci\u00f3n de el mundo (2014)"},"content":{"rendered":"<h2>Tesis doctoral de <strong> Saul Ramos Magdaleno <\/strong><\/h2>\n<p>El objeto material de la investigaci\u00f3n se centra en el estudio pormenorizado de dos procesos que han acontecido durante los \u00faltimos a\u00f1os en el sector empresarial de la radio y la prensa privada en espa\u00f1a con incidencia en el pluralismo informativo: la concentraci\u00f3n de antena 3 de radio y la cadena ser -efectuado entre 1992 y 2007- y el relevo en la direcci\u00f3n del diario el mundo, acaecido en 2014.  el estudio de los casos est\u00e1 precedido de un somero repaso sobre la injerencia pol\u00edtica en la empresa informativa, la concentraci\u00f3n de medios y la defensa de la competencia en espa\u00f1a, desde su planteamiento te\u00f3rico hasta el an\u00e1lisis de la legislaci\u00f3n al respecto y los \u00f3rganos competentes encargados de velar por el buen funcionamiento del mercado.  todo ello se presenta de forma sistematizada, l\u00f3gica y objetiva para la b\u00fasqueda de soluciones al problema planteado a partir de la utilizaci\u00f3n del m\u00e9todo cient\u00edfico como objetivo primordial de esta investigaci\u00f3n sintetizada a partir de una doble hip\u00f3tesis: h1: \u00c2\u00bfes la injerencia de los poderes p\u00fablicos decisiva para la consumaci\u00f3n de procesos restringidos en principio al \u00e1mbito decisorio de la libertad de empresa informativa, produci\u00e9ndose a causa del intervencionismo pol\u00edtico situaciones donde puede verse restringida la competencia en el sector de los medios de comunicaci\u00f3n?  h2: por otro lado se plantea si cada una de las decisiones empresariales que concluyeron en los dos procesos estudiados rebasaron o no el \u00e1mbito de la meras estrategias de eficiencia econ\u00f3mica dentro de las compa\u00f1\u00edas en los que acontecieron, para situarse en la \u00f3rbita de la influencia pol\u00edtica, incidiendo en los destinatarios de la informaci\u00f3n y por ende en el pluralismo informativo de la sociedad espa\u00f1ola. La tesis de partida confirma las hip\u00f3tesis planteadas. el trabajo establece diez conclusiones con una triple vertiente: te\u00f3rica, que tiene que ver con el concepto propio de la investigaci\u00f3n; cient\u00edfica, la cual afecta a la imagen de ese concepto en la realidad y por \u00faltimo la concerniente a los dos casos concretos abordados como objeto de estudio del trabajo. respecto al primero de los casos estudiado, se considera demostrado que la concentraci\u00f3n de la cadena ser y antena 3 en uni\u00f3n radio supone una situaci\u00f3n de dominio en el que la actuaci\u00f3n de los poderes p\u00fablicos alteraron las normas que regulaban la libre competencia, configurando por su influencia directa un mapa medi\u00e1tico que ser\u00eda diferente si se hubiese cumplido lo estipulado por los tribunales en uso de sus propias atribuciones. de la misma forma se advierte que es m\u00e1s dudoso se\u00f1alar una injerencia pol\u00edtica directa en el segundo de los casos estudiados pues el relevo acontecido en la direcci\u00f3n del diario el mundo durante el mes de enero de 2014  no supuso un cambio real del mercado de la prensa diaria en espa\u00f1a que llevase al dominio de un grupo sobre los dem\u00e1s, sino que respondi\u00f3 m\u00e1s bien a una reacci\u00f3n empresarial ofrecida en el seno del propio mercado determinada por una coyuntura debida a m\u00faltiples factores entre los que las presiones de los poderes p\u00fablicos juegaron un papel accesorio, puede que importante, pero dif\u00edcilmente sustancial como sucede en la concentraci\u00f3n entre antena 3 radio y la cadena ser. en respuesta a la doble hip\u00f3tesis inicial se concluye afirmativamente a que la injerencia pol\u00edtica en espa\u00f1a adquiere carta de naturaleza y en algunos casos resulta decisiva en materias que debieran ser exclusivas del marco de libertad otorgado a la empresa informativa. por \u00faltimo se subraya que en ambos acontecimientos las decisiones empresariales supusieron una superaci\u00f3n del \u00e1mbito en el que se mueven las estrategias comerciales de los medios de comunicaci\u00f3n para situarse en un \u00e1rea de influencia pol\u00edtica con incidencia directa en los destinatarios de la informaci\u00f3n y, por ende, afectando al pluralismo del mapa medi\u00e1tico, de manera m\u00e1s acusada, como se adelanta, en el primero de los dos casos.<\/p>\n<p>&nbsp;<\/p>\n<h3>Datos acad\u00e9micos de la tesis doctoral \u00ab<strong>An\u00e1lisis sobre la injerencia pol\u00edtica y la libre competencia en la empresa informativa a partir de dos casos de estudio: el proceso de concentraci\u00f3n de a-3 radio y la ser en uni\u00f3n radio (1992-2007) y el relevo en la direcci\u00f3n de el mundo (2014)<\/strong>\u00ab<\/h3>\n<ul>\n<li><strong>T\u00edtulo de la tesis:<\/strong>\u00a0 An\u00e1lisis sobre la injerencia pol\u00edtica y la libre competencia en la empresa informativa a partir de dos casos de estudio: el proceso de concentraci\u00f3n de a-3 radio y la ser en uni\u00f3n radio (1992-2007) y el relevo en la direcci\u00f3n de el mundo (2014) <\/li>\n<li><strong>Autor:<\/strong>\u00a0 Saul Ramos Magdaleno <\/li>\n<li><strong>Universidad:<\/strong>\u00a0 Complutense de Madrid<\/li>\n<li><strong>Fecha de lectura de la tesis:<\/strong>\u00a0 11\/06\/2015<\/li>\n<\/ul>\n<p>&nbsp;<\/p>\n<h3>Direcci\u00f3n y tribunal<\/h3>\n<ul>\n<li><strong>Director de la tesis<\/strong>\n<ul>\n<li>Fernando Peinado Miguel<\/li>\n<\/ul>\n<\/li>\n<li><strong>Tribunal<\/strong>\n<ul>\n<li>Presidente del tribunal: Jos\u00e9 ignacio Poblaci\u00f3n bernardo <\/li>\n<li>Carlos Nieto sanchez (vocal)<\/li>\n<li>david Jos\u00e9 Lavilla mu\u00f1oz (vocal)<\/li>\n<li>rodrigo Mesonero izquierdo (vocal)<\/li>\n<\/ul>\n<\/li>\n<\/ul>\n<p>&nbsp;<\/p>\n","protected":false},"excerpt":{"rendered":"<p>Tesis doctoral de Saul Ramos Magdaleno El objeto material de la investigaci\u00f3n se centra en el estudio pormenorizado de dos [&hellip;]<\/p>\n","protected":false},"author":1,"featured_media":0,"comment_status":"open","ping_status":"open","sticky":false,"template":"","format":"standard","meta":{"site-sidebar-layout":"default","site-content-layout":"","ast-site-content-layout":"","site-content-style":"default","site-sidebar-style":"default","ast-global-header-display":"","ast-banner-title-visibility":"","ast-main-header-display":"","ast-hfb-above-header-display":"","ast-hfb-below-header-display":"","ast-hfb-mobile-header-display":"","site-post-title":"","ast-breadcrumbs-content":"","ast-featured-img":"","footer-sml-layout":"","theme-transparent-header-meta":"","adv-header-id-meta":"","stick-header-meta":"","header-above-stick-meta":"","header-main-stick-meta":"","header-below-stick-meta":"","astra-migrate-meta-layouts":"default","ast-page-background-enabled":"default","ast-page-background-meta":{"desktop":{"background-color":"var(--ast-global-color-4)","background-image":"","background-repeat":"repeat","background-position":"center center","background-size":"auto","background-attachment":"scroll","background-type":"","background-media":"","overlay-type":"","overlay-color":"","overlay-gradient":""},"tablet":{"background-color":"","background-image":"","background-repeat":"repeat","background-position":"center center","background-size":"auto","background-attachment":"scroll","background-type":"","background-media":"","overlay-type":"","overlay-color":"","overlay-gradient":""},"mobile":{"background-color":"","background-image":"","background-repeat":"repeat","background-position":"center center","background-size":"auto","background-attachment":"scroll","background-type":"","background-media":"","overlay-type":"","overlay-color":"","overlay-gradient":""}},"ast-content-background-meta":{"desktop":{"background-color":"var(--ast-global-color-5)","background-image":"","background-repeat":"repeat","background-position":"center center","background-size":"auto","background-attachment":"scroll","background-type":"","background-media":"","overlay-type":"","overlay-color":"","overlay-gradient":""},"tablet":{"background-color":"var(--ast-global-color-5)","background-image":"","background-repeat":"repeat","background-position":"center center","background-size":"auto","background-attachment":"scroll","background-type":"","background-media":"","overlay-type":"","overlay-color":"","overlay-gradient":""},"mobile":{"background-color":"var(--ast-global-color-5)","background-image":"","background-repeat":"repeat","background-position":"center center","background-size":"auto","background-attachment":"scroll","background-type":"","background-media":"","overlay-type":"","overlay-color":"","overlay-gradient":""}},"footnotes":""},"categories":[986,1302],"tags":[231645,80368,7086,23281,230233,231644],"class_list":["post-117598","post","type-post","status-publish","format-standard","hentry","category-complutense-de-madrid","category-organizacion-y-gestion-de-empresas","tag-carlos-nieto-sanchez","tag-david-jose-lavilla-munoz","tag-fernando-peinado-miguel","tag-jose-ignacio-poblacion-bernardo","tag-rodrigo-mesonero-izquierdo","tag-saul-ramos-magdaleno"],"_links":{"self":[{"href":"https:\/\/www.deberes.net\/tesis\/wp-json\/wp\/v2\/posts\/117598","targetHints":{"allow":["GET"]}}],"collection":[{"href":"https:\/\/www.deberes.net\/tesis\/wp-json\/wp\/v2\/posts"}],"about":[{"href":"https:\/\/www.deberes.net\/tesis\/wp-json\/wp\/v2\/types\/post"}],"author":[{"embeddable":true,"href":"https:\/\/www.deberes.net\/tesis\/wp-json\/wp\/v2\/users\/1"}],"replies":[{"embeddable":true,"href":"https:\/\/www.deberes.net\/tesis\/wp-json\/wp\/v2\/comments?post=117598"}],"version-history":[{"count":0,"href":"https:\/\/www.deberes.net\/tesis\/wp-json\/wp\/v2\/posts\/117598\/revisions"}],"wp:attachment":[{"href":"https:\/\/www.deberes.net\/tesis\/wp-json\/wp\/v2\/media?parent=117598"}],"wp:term":[{"taxonomy":"category","embeddable":true,"href":"https:\/\/www.deberes.net\/tesis\/wp-json\/wp\/v2\/categories?post=117598"},{"taxonomy":"post_tag","embeddable":true,"href":"https:\/\/www.deberes.net\/tesis\/wp-json\/wp\/v2\/tags?post=117598"}],"curies":[{"name":"wp","href":"https:\/\/api.w.org\/{rel}","templated":true}]}}