{"id":117605,"date":"2015-11-06T00:00:00","date_gmt":"2015-11-06T00:00:00","guid":{"rendered":"https:\/\/www.deberes.net\/tesis\/sin-categoria\/los-caninos-incluidos-y-su-relaccion-con-el-patron-facial\/"},"modified":"2015-11-06T00:00:00","modified_gmt":"2015-11-06T00:00:00","slug":"los-caninos-incluidos-y-su-relaccion-con-el-patron-facial","status":"publish","type":"post","link":"https:\/\/www.deberes.net\/tesis\/estomatologia-y-ortodoncia\/los-caninos-incluidos-y-su-relaccion-con-el-patron-facial\/","title":{"rendered":"Los caninos incluidos y su relaccion con el patron facial"},"content":{"rendered":"<h2>Tesis doctoral de <strong> Alicia Martinez Gonzalez <\/strong><\/h2>\n<p>Los caninos son dientes con una importancia vital en las arcadas desde el punto de vista est\u00e9tico y funcional. De todos es el canino maxilar, sin duda, el que es m\u00e1s importante. Se ha descrito como la piedra angular de la arcada maxilar, e indudablemente su longitud radicular y su excelente soporte \u00f3seo lo cualifican para este papel.  la inclusi\u00f3n del canino maxilar, despu\u00e9s de los terceros molares, supone un 2% de los pacientes de ortodoncia y tanto para su diagn\u00f3stico como para su tratamiento adecuado, es conveniente determinar el patr\u00f3n facial de ellos. el prop\u00f3sito de este estudio, ha sido diagnosticar la inclusi\u00f3n de caninos maxilares en una muestra de poblaci\u00f3n ortod\u00f3ncica de 68 pacientes, comprobando adem\u00e1s del dismorfismo sexual, la relaci\u00f3n gen\u00e9tica de este tipo de patolog\u00eda, la asociaci\u00f3n con otras anomal\u00edas dentarias, como agenesias, reducci\u00f3n del tama\u00f1o de incisivos laterales o la asociaci\u00f3n con otras anomal\u00edas en la oclusi\u00f3n. adem\u00e1s se ha determinado el patr\u00f3n facial de los pacientes analizados seg\u00fan las mediciones cefalom\u00e9tricas predeterminadas de las cefalometr\u00edas de steiner (plano mandibular), ricketts (plano mandibular) y jarabak (coeficiente de las alturas faciales), para observar la incidencia de la inclusi\u00f3n del canino maxilar con un determinado patr\u00f3n facial, clasific\u00e1ndolos como mesofaciales o patr\u00f3n promedio, braquifaciales o de cara corta y dolicofaciales o de cara larga.  los resultados concluyen que los caninos incluidos por palatino suponen un 2% de la poblaci\u00f3n ortod\u00f3ncica, siendo m\u00e1s frecuentes en mujeres que en hombres, con una etiolog\u00eda m\u00faltiple pero relacionada gen\u00e9ticamente,  est\u00e1n asociados a otras anomal\u00edas dentarias y los pacientes con esta patolog\u00eda no suelen tener problemas de espacio en la arcada superior. los valores promedio correspondientes al plano mandibular de steiner, plano mandibular de ricketts y coeficiente de las alturas faciales de jarabak, son los m\u00e1s frecuentes y corresponden a patrones mesofaciales, por lo que los pacientes con caninos incluidos, est\u00e1n relacionados en su mayor\u00eda con patrones mesofaciales y braquifaciales que suelen tener amplias arcadas dentarias.<\/p>\n<p>&nbsp;<\/p>\n<h3>Datos acad\u00e9micos de la tesis doctoral \u00ab<strong>Los caninos incluidos y su relaccion con el patron facial<\/strong>\u00ab<\/h3>\n<ul>\n<li><strong>T\u00edtulo de la tesis:<\/strong>\u00a0 Los caninos incluidos y su relaccion con el patron facial <\/li>\n<li><strong>Autor:<\/strong>\u00a0 Alicia Martinez Gonzalez <\/li>\n<li><strong>Universidad:<\/strong>\u00a0 Complutense de Madrid<\/li>\n<li><strong>Fecha de lectura de la tesis:<\/strong>\u00a0 11\/06\/2015<\/li>\n<\/ul>\n<p>&nbsp;<\/p>\n<h3>Direcci\u00f3n y tribunal<\/h3>\n<ul>\n<li><strong>Director de la tesis<\/strong>\n<ul>\n<li>Rafael Rioboo Garcia<\/li>\n<\/ul>\n<\/li>\n<li><strong>Tribunal<\/strong>\n<ul>\n<li>Presidente del tribunal: Jos\u00e9 ram\u00f3n M\u00e9rida velasco <\/li>\n<li>Manuel D\u00edaz angel (vocal)<\/li>\n<li>Javier De la cruz p\u00e9rez (vocal)<\/li>\n<li>Rafael Gomez font (vocal)<\/li>\n<\/ul>\n<\/li>\n<\/ul>\n<p>&nbsp;<\/p>\n","protected":false},"excerpt":{"rendered":"<p>Tesis doctoral de Alicia Martinez Gonzalez Los caninos son dientes con una importancia vital en las arcadas desde el punto [&hellip;]<\/p>\n","protected":false},"author":1,"featured_media":0,"comment_status":"open","ping_status":"open","sticky":false,"template":"","format":"standard","meta":{"site-sidebar-layout":"default","site-content-layout":"","ast-site-content-layout":"","site-content-style":"default","site-sidebar-style":"default","ast-global-header-display":"","ast-banner-title-visibility":"","ast-main-header-display":"","ast-hfb-above-header-display":"","ast-hfb-below-header-display":"","ast-hfb-mobile-header-display":"","site-post-title":"","ast-breadcrumbs-content":"","ast-featured-img":"","footer-sml-layout":"","theme-transparent-header-meta":"","adv-header-id-meta":"","stick-header-meta":"","header-above-stick-meta":"","header-main-stick-meta":"","header-below-stick-meta":"","astra-migrate-meta-layouts":"default","ast-page-background-enabled":"default","ast-page-background-meta":{"desktop":{"background-color":"var(--ast-global-color-4)","background-image":"","background-repeat":"repeat","background-position":"center center","background-size":"auto","background-attachment":"scroll","background-type":"","background-media":"","overlay-type":"","overlay-color":"","overlay-gradient":""},"tablet":{"background-color":"","background-image":"","background-repeat":"repeat","background-position":"center center","background-size":"auto","background-attachment":"scroll","background-type":"","background-media":"","overlay-type":"","overlay-color":"","overlay-gradient":""},"mobile":{"background-color":"","background-image":"","background-repeat":"repeat","background-position":"center center","background-size":"auto","background-attachment":"scroll","background-type":"","background-media":"","overlay-type":"","overlay-color":"","overlay-gradient":""}},"ast-content-background-meta":{"desktop":{"background-color":"var(--ast-global-color-5)","background-image":"","background-repeat":"repeat","background-position":"center center","background-size":"auto","background-attachment":"scroll","background-type":"","background-media":"","overlay-type":"","overlay-color":"","overlay-gradient":""},"tablet":{"background-color":"var(--ast-global-color-5)","background-image":"","background-repeat":"repeat","background-position":"center center","background-size":"auto","background-attachment":"scroll","background-type":"","background-media":"","overlay-type":"","overlay-color":"","overlay-gradient":""},"mobile":{"background-color":"var(--ast-global-color-5)","background-image":"","background-repeat":"repeat","background-position":"center center","background-size":"auto","background-attachment":"scroll","background-type":"","background-media":"","overlay-type":"","overlay-color":"","overlay-gradient":""}},"footnotes":""},"categories":[986,140],"tags":[231655,102360,4996,231656,37892,23399],"class_list":["post-117605","post","type-post","status-publish","format-standard","hentry","category-complutense-de-madrid","category-estomatologia-y-ortodoncia","tag-alicia-Martinez-gonzalez","tag-javier-de-la-cruz-perez","tag-jose-ramon-merida-velasco","tag-manuel-diaz-angel","tag-rafael-gomez-font","tag-rafael-rioboo-garcia"],"_links":{"self":[{"href":"https:\/\/www.deberes.net\/tesis\/wp-json\/wp\/v2\/posts\/117605","targetHints":{"allow":["GET"]}}],"collection":[{"href":"https:\/\/www.deberes.net\/tesis\/wp-json\/wp\/v2\/posts"}],"about":[{"href":"https:\/\/www.deberes.net\/tesis\/wp-json\/wp\/v2\/types\/post"}],"author":[{"embeddable":true,"href":"https:\/\/www.deberes.net\/tesis\/wp-json\/wp\/v2\/users\/1"}],"replies":[{"embeddable":true,"href":"https:\/\/www.deberes.net\/tesis\/wp-json\/wp\/v2\/comments?post=117605"}],"version-history":[{"count":0,"href":"https:\/\/www.deberes.net\/tesis\/wp-json\/wp\/v2\/posts\/117605\/revisions"}],"wp:attachment":[{"href":"https:\/\/www.deberes.net\/tesis\/wp-json\/wp\/v2\/media?parent=117605"}],"wp:term":[{"taxonomy":"category","embeddable":true,"href":"https:\/\/www.deberes.net\/tesis\/wp-json\/wp\/v2\/categories?post=117605"},{"taxonomy":"post_tag","embeddable":true,"href":"https:\/\/www.deberes.net\/tesis\/wp-json\/wp\/v2\/tags?post=117605"}],"curies":[{"name":"wp","href":"https:\/\/api.w.org\/{rel}","templated":true}]}}