{"id":117625,"date":"2018-03-11T10:47:13","date_gmt":"2018-03-11T10:47:13","guid":{"rendered":"https:\/\/www.deberes.net\/tesis\/sin-categoria\/la-perspectiva-transfronteriza-del-empleo-en-la-eurorregion-aquitania-euskadi\/"},"modified":"2018-03-11T10:47:13","modified_gmt":"2018-03-11T10:47:13","slug":"la-perspectiva-transfronteriza-del-empleo-en-la-eurorregion-aquitania-euskadi","status":"publish","type":"post","link":"https:\/\/www.deberes.net\/tesis\/derecho-del-trabajo-y-de-la-seguridad-social\/la-perspectiva-transfronteriza-del-empleo-en-la-eurorregion-aquitania-euskadi\/","title":{"rendered":"La perspectiva transfronteriza del empleo en la eurorregi\u00f3n aquitania-euskadi"},"content":{"rendered":"<h2>Tesis doctoral de <strong> Virginie Brillant Etchema\u00c1\u00afte <\/strong><\/h2>\n<p>El estudio del empleo desde una perspectiva transfronteriza supone comprender los efectos generados por  la circulaci\u00c2\u00bfn de los trabajadores, en un territorio geogr\u00c2\u00bfficamente fraccionado en dos partes debido a la presencia de una frontera, virtualmente transfronterizo por convenio, caracterizado por el pluralismo jur\u00c2\u00bfdico y por un choque interordinamental. En efecto, las zonas fronterizas constituyen espacios muy emblem\u00c2\u00bfticos de la construcci\u00c2\u00bfn europea. \u00c2\u00bfeuropa se descubre cuando se practica en terrenos privilegiados como lo son las fronteras\u00c2\u00bf. Por consiguiente, el presente estudio del empleo, desde el prisma transfronterizo, propone otro patr\u00c2\u00bfn  de an\u00c2\u00bflisis, partiendo de la premisa que el empleo no se debe concebir de manera un\u00c2\u00bfvoca como generador de competencia entre los mercados laborales nacionales sino como  uno de los componentes de la complementariedad inherente a la interpenetraci\u00c2\u00bfn territorial, econ\u00c2\u00bfmica y social que caracteriza los territorios transfronterizos, abogando as\u00c2\u00bf por el desarrollo de un mercado laboral integrado, a trav\u00c2\u00bfs entre otros elementos , el \u00c2\u00bfclose job\u00c2\u00bf es decir el empleo de proximidad. El objeto de este trabajo de investigaci\u00c2\u00bfn relativo a la perspectiva del empleo en la eurorregi\u00c2\u00bfn aquitania-euskadi, es propiciar una reflexi\u00c2\u00bfn, a partir de una comparaci\u00c2\u00bfn entre los ordenamientos jur\u00c2\u00bfdicos espa\u00c2\u00bfol y franc\u00c2\u00bfs, sobre las v\u00c2\u00bfas y los medios jur\u00c2\u00bfdicos susceptibles de permitir alguna forma de integraci\u00c2\u00bfn de las pol\u00c2\u00bfticas de empleo a nivel eurorregional, superando dos series de obst\u00c2\u00bfculos: los inherentes a la coexistencia de dos sistemas jur\u00c2\u00bfdicos nacionales en un \u00c2\u00bfnico espacio de tipo eurorregional, as\u00c2\u00bf como tambi\u00c2\u00bfn los obst\u00c2\u00bfculos inherentes a la libre circulaci\u00c2\u00bfn de los trabajadores, en tanto que individuos y ciudadanos.<\/p>\n<p>&nbsp;<\/p>\n<h3>Datos acad\u00e9micos de la tesis doctoral \u00ab<strong>La perspectiva transfronteriza del empleo en la eurorregi\u00f3n aquitania-euskadi<\/strong>\u00ab<\/h3>\n<ul>\n<li><strong>T\u00edtulo de la tesis:<\/strong>\u00a0 La perspectiva transfronteriza del empleo en la eurorregi\u00f3n aquitania-euskadi <\/li>\n<li><strong>Autor:<\/strong>\u00a0 Virginie Brillant Etchema\u00c1\u00afte <\/li>\n<li><strong>Universidad:<\/strong>\u00a0 Pa\u00eds vasco\/euskal herriko unibertsitatea<\/li>\n<li><strong>Fecha de lectura de la tesis:<\/strong>\u00a0 15\/06\/2015<\/li>\n<\/ul>\n<p>&nbsp;<\/p>\n<h3>Direcci\u00f3n y tribunal<\/h3>\n<ul>\n<li><strong>Director de la tesis<\/strong>\n<ul>\n<li> Martin<\/li>\n<\/ul>\n<\/li>\n<li><strong>Tribunal<\/strong>\n<ul>\n<li>Presidente del tribunal: Carlos Fern\u00e1ndez de casadevante  roman\u00ed <\/li>\n<li>Jos\u00e9 Luis Go\u00f1i se\u00edn (vocal)<\/li>\n<li>philippe Auvergnon &#8212; (vocal)<\/li>\n<li>margarita Apilluelo martin (vocal)<\/li>\n<\/ul>\n<\/li>\n<\/ul>\n<p>&nbsp;<\/p>\n","protected":false},"excerpt":{"rendered":"<p>Tesis doctoral de Virginie Brillant Etchema\u00c1\u00afte El estudio del empleo desde una perspectiva transfronteriza supone comprender los efectos generados por [&hellip;]<\/p>\n","protected":false},"author":1,"featured_media":0,"comment_status":"open","ping_status":"open","sticky":false,"template":"","format":"standard","meta":{"site-sidebar-layout":"default","site-content-layout":"","ast-site-content-layout":"","site-content-style":"default","site-sidebar-style":"default","ast-global-header-display":"","ast-banner-title-visibility":"","ast-main-header-display":"","ast-hfb-above-header-display":"","ast-hfb-below-header-display":"","ast-hfb-mobile-header-display":"","site-post-title":"","ast-breadcrumbs-content":"","ast-featured-img":"","footer-sml-layout":"","theme-transparent-header-meta":"","adv-header-id-meta":"","stick-header-meta":"","header-above-stick-meta":"","header-main-stick-meta":"","header-below-stick-meta":"","astra-migrate-meta-layouts":"default","ast-page-background-enabled":"default","ast-page-background-meta":{"desktop":{"background-color":"var(--ast-global-color-4)","background-image":"","background-repeat":"repeat","background-position":"center center","background-size":"auto","background-attachment":"scroll","background-type":"","background-media":"","overlay-type":"","overlay-color":"","overlay-gradient":""},"tablet":{"background-color":"","background-image":"","background-repeat":"repeat","background-position":"center center","background-size":"auto","background-attachment":"scroll","background-type":"","background-media":"","overlay-type":"","overlay-color":"","overlay-gradient":""},"mobile":{"background-color":"","background-image":"","background-repeat":"repeat","background-position":"center center","background-size":"auto","background-attachment":"scroll","background-type":"","background-media":"","overlay-type":"","overlay-color":"","overlay-gradient":""}},"ast-content-background-meta":{"desktop":{"background-color":"var(--ast-global-color-5)","background-image":"","background-repeat":"repeat","background-position":"center center","background-size":"auto","background-attachment":"scroll","background-type":"","background-media":"","overlay-type":"","overlay-color":"","overlay-gradient":""},"tablet":{"background-color":"var(--ast-global-color-5)","background-image":"","background-repeat":"repeat","background-position":"center center","background-size":"auto","background-attachment":"scroll","background-type":"","background-media":"","overlay-type":"","overlay-color":"","overlay-gradient":""},"mobile":{"background-color":"var(--ast-global-color-5)","background-image":"","background-repeat":"repeat","background-position":"center center","background-size":"auto","background-attachment":"scroll","background-type":"","background-media":"","overlay-type":"","overlay-color":"","overlay-gradient":""}},"footnotes":""},"categories":[2170,12909],"tags":[39925,32492,32505,231687,117890,231686],"class_list":["post-117625","post","type-post","status-publish","format-standard","hentry","category-derecho-del-trabajo-y-de-la-seguridad-social","category-pais-vasco-euskal-herriko-unibertsitatea","tag-carlos-fernandez-de-casadevante-romani","tag-jose-luis-goni-sein","tag-margarita-apilluelo-martin","tag-martin","tag-philippe-auvergnon","tag-virginie-brillant-etchemaate"],"_links":{"self":[{"href":"https:\/\/www.deberes.net\/tesis\/wp-json\/wp\/v2\/posts\/117625","targetHints":{"allow":["GET"]}}],"collection":[{"href":"https:\/\/www.deberes.net\/tesis\/wp-json\/wp\/v2\/posts"}],"about":[{"href":"https:\/\/www.deberes.net\/tesis\/wp-json\/wp\/v2\/types\/post"}],"author":[{"embeddable":true,"href":"https:\/\/www.deberes.net\/tesis\/wp-json\/wp\/v2\/users\/1"}],"replies":[{"embeddable":true,"href":"https:\/\/www.deberes.net\/tesis\/wp-json\/wp\/v2\/comments?post=117625"}],"version-history":[{"count":0,"href":"https:\/\/www.deberes.net\/tesis\/wp-json\/wp\/v2\/posts\/117625\/revisions"}],"wp:attachment":[{"href":"https:\/\/www.deberes.net\/tesis\/wp-json\/wp\/v2\/media?parent=117625"}],"wp:term":[{"taxonomy":"category","embeddable":true,"href":"https:\/\/www.deberes.net\/tesis\/wp-json\/wp\/v2\/categories?post=117625"},{"taxonomy":"post_tag","embeddable":true,"href":"https:\/\/www.deberes.net\/tesis\/wp-json\/wp\/v2\/tags?post=117625"}],"curies":[{"name":"wp","href":"https:\/\/api.w.org\/{rel}","templated":true}]}}