{"id":117642,"date":"2018-03-11T10:47:18","date_gmt":"2018-03-11T10:47:18","guid":{"rendered":"https:\/\/www.deberes.net\/tesis\/sin-categoria\/tratamiento-juridico-de-la-violencia-de-generoaspectos-constitucionales-penales-y-procesales\/"},"modified":"2018-03-11T10:47:18","modified_gmt":"2018-03-11T10:47:18","slug":"tratamiento-juridico-de-la-violencia-de-generoaspectos-constitucionales-penales-y-procesales","status":"publish","type":"post","link":"https:\/\/www.deberes.net\/tesis\/derecho-penal\/tratamiento-juridico-de-la-violencia-de-generoaspectos-constitucionales-penales-y-procesales\/","title":{"rendered":"Tratamiento juridico de la violencia de genero:aspectos constitucionales, penales y procesales."},"content":{"rendered":"<h2>Tesis doctoral de <strong> Ana Isabel Serrano Esteban <\/strong><\/h2>\n<p>La promulgacion de la lo 1\/2004, de 28 de diciembre, de medidad de proteccion integral contra la violencia de genero, ha supuesto un punto de inflexion en la lucha contra la vio,llencia sufrida por la mujer, pues ha dotado a los poderes publico de los instrumentos necesarios para que, desde un punto de vista multidisciplinar, puedan hacer frente a esta lacra social. A pesar de su importancia y de que incluso fuera de nuestro pais se la considere un ejemplo a seguir, el nacimiento de la ley de gener\u00f3 un n profundo debate y provoco una gran division en tre los diversos operadores juridicos  que cuestionaron su constitucionalidad. el tribunal constitucional tuvo que hacer frente a una multitud de cuestiones de  inconstitucionalidad planteadas sobre los diversos articulos que integran la tutela penal y procesal  introducidos por la misma, y nuevamentre con gran divisi\u00f3n y controversisa rsolvio a favor de su constitucionalidad con unos argumentos que no convencieros a sus principakles detractores. la reforma penal, procesal e institucional que contempla introduce un conjunto muy diverso de reformas legales que teienen por objeto una especial proteccion de la mujer entre las que destaca la modificacion de diversos tipos delictivos, la creacion de los juzgados de violencia sobre la mujer de un fiscal contra la violencia sobre la mujer y de secciones especialiozadas en todas las fiscal\u00edas, la creaci\u00f3n de la delegacion especial del gobierno contra la violencia sobre la mujer y del observatorio estatal de violencia sobre la mujer&#8230;Etc. de todas las medidas anteriores merece especial atencion la orden de proteccion que impide al agresor comunicarse o aproximarse a la victima y que le otorga un estatuto integral de proteccion. como contrapartida, la decision de la victima de acogerse  a su derecho a no declarar contra su conyuge, ex conyuge, pareja o expareja ha ocasionado el dictado de  numerosaa sentencias absolutorias al no contar con otros medios de prueba  contra a \u00e1quel en atenciona que muchos actos de violencia de genero se cometen en la intimidad del domicilio familiar, lo que ha llevado a muchos juristas a preguntarse sobre la convivenia de una necesaria reforma de dicho precepto o incluso por la posibilidad de optar por otras vias legales, como la mediacion o conciliacion.<\/p>\n<p>&nbsp;<\/p>\n<h3>Datos acad\u00e9micos de la tesis doctoral \u00ab<strong>Tratamiento juridico de la violencia de genero:aspectos constitucionales, penales y procesales.<\/strong>\u00ab<\/h3>\n<ul>\n<li><strong>T\u00edtulo de la tesis:<\/strong>\u00a0 Tratamiento juridico de la violencia de genero:aspectos constitucionales, penales y procesales. <\/li>\n<li><strong>Autor:<\/strong>\u00a0 Ana Isabel Serrano Esteban <\/li>\n<li><strong>Universidad:<\/strong>\u00a0 Complutense de Madrid<\/li>\n<li><strong>Fecha de lectura de la tesis:<\/strong>\u00a0 17\/06\/2015<\/li>\n<\/ul>\n<p>&nbsp;<\/p>\n<h3>Direcci\u00f3n y tribunal<\/h3>\n<ul>\n<li><strong>Director de la tesis<\/strong>\n<ul>\n<li>Mar\u00eda Del Carmen Armend\u00e1riz Le\u00f3n<\/li>\n<\/ul>\n<\/li>\n<li><strong>Tribunal<\/strong>\n<ul>\n<li>Presidente del tribunal: pilar G\u00f3mez pav\u00f3n <\/li>\n<li>M\u00aa concepci\u00f3n Molina bl\u00e1zquez (vocal)<\/li>\n<li>josefina Garcia garcia-cervigon (vocal)<\/li>\n<li>Antonio Del moral Garc\u00eda (vocal)<\/li>\n<\/ul>\n<\/li>\n<\/ul>\n<p>&nbsp;<\/p>\n","protected":false},"excerpt":{"rendered":"<p>Tesis doctoral de Ana Isabel Serrano Esteban La promulgacion de la lo 1\/2004, de 28 de diciembre, de medidad de [&hellip;]<\/p>\n","protected":false},"author":1,"featured_media":0,"comment_status":"open","ping_status":"open","sticky":false,"template":"","format":"standard","meta":{"site-sidebar-layout":"default","site-content-layout":"","ast-site-content-layout":"","site-content-style":"default","site-sidebar-style":"default","ast-global-header-display":"","ast-banner-title-visibility":"","ast-main-header-display":"","ast-hfb-above-header-display":"","ast-hfb-below-header-display":"","ast-hfb-mobile-header-display":"","site-post-title":"","ast-breadcrumbs-content":"","ast-featured-img":"","footer-sml-layout":"","theme-transparent-header-meta":"","adv-header-id-meta":"","stick-header-meta":"","header-above-stick-meta":"","header-main-stick-meta":"","header-below-stick-meta":"","astra-migrate-meta-layouts":"default","ast-page-background-enabled":"default","ast-page-background-meta":{"desktop":{"background-color":"var(--ast-global-color-4)","background-image":"","background-repeat":"repeat","background-position":"center center","background-size":"auto","background-attachment":"scroll","background-type":"","background-media":"","overlay-type":"","overlay-color":"","overlay-gradient":""},"tablet":{"background-color":"","background-image":"","background-repeat":"repeat","background-position":"center center","background-size":"auto","background-attachment":"scroll","background-type":"","background-media":"","overlay-type":"","overlay-color":"","overlay-gradient":""},"mobile":{"background-color":"","background-image":"","background-repeat":"repeat","background-position":"center center","background-size":"auto","background-attachment":"scroll","background-type":"","background-media":"","overlay-type":"","overlay-color":"","overlay-gradient":""}},"ast-content-background-meta":{"desktop":{"background-color":"var(--ast-global-color-5)","background-image":"","background-repeat":"repeat","background-position":"center center","background-size":"auto","background-attachment":"scroll","background-type":"","background-media":"","overlay-type":"","overlay-color":"","overlay-gradient":""},"tablet":{"background-color":"var(--ast-global-color-5)","background-image":"","background-repeat":"repeat","background-position":"center center","background-size":"auto","background-attachment":"scroll","background-type":"","background-media":"","overlay-type":"","overlay-color":"","overlay-gradient":""},"mobile":{"background-color":"var(--ast-global-color-5)","background-image":"","background-repeat":"repeat","background-position":"center center","background-size":"auto","background-attachment":"scroll","background-type":"","background-media":"","overlay-type":"","overlay-color":"","overlay-gradient":""}},"footnotes":""},"categories":[986,613],"tags":[231713,231715,180588,211659,231714,83074],"class_list":["post-117642","post","type-post","status-publish","format-standard","hentry","category-complutense-de-madrid","category-derecho-penal","tag-ana-isabel-serrano-esteban","tag-antonio-del-moral-garcia","tag-josefina-garcia-garcia-cervigon","tag-maria-del-carmen-armendariz-leon","tag-ma-concepcion-molina-blazquez","tag-pilar-gomez-pavon"],"_links":{"self":[{"href":"https:\/\/www.deberes.net\/tesis\/wp-json\/wp\/v2\/posts\/117642","targetHints":{"allow":["GET"]}}],"collection":[{"href":"https:\/\/www.deberes.net\/tesis\/wp-json\/wp\/v2\/posts"}],"about":[{"href":"https:\/\/www.deberes.net\/tesis\/wp-json\/wp\/v2\/types\/post"}],"author":[{"embeddable":true,"href":"https:\/\/www.deberes.net\/tesis\/wp-json\/wp\/v2\/users\/1"}],"replies":[{"embeddable":true,"href":"https:\/\/www.deberes.net\/tesis\/wp-json\/wp\/v2\/comments?post=117642"}],"version-history":[{"count":0,"href":"https:\/\/www.deberes.net\/tesis\/wp-json\/wp\/v2\/posts\/117642\/revisions"}],"wp:attachment":[{"href":"https:\/\/www.deberes.net\/tesis\/wp-json\/wp\/v2\/media?parent=117642"}],"wp:term":[{"taxonomy":"category","embeddable":true,"href":"https:\/\/www.deberes.net\/tesis\/wp-json\/wp\/v2\/categories?post=117642"},{"taxonomy":"post_tag","embeddable":true,"href":"https:\/\/www.deberes.net\/tesis\/wp-json\/wp\/v2\/tags?post=117642"}],"curies":[{"name":"wp","href":"https:\/\/api.w.org\/{rel}","templated":true}]}}