{"id":11766,"date":"2018-03-09T08:57:17","date_gmt":"2018-03-09T08:57:17","guid":{"rendered":"https:\/\/www.deberes.net\/tesis\/sin-categoria\/la-autobiografa%c2%ada-moderna-en-espana-nacimiento-y-evolucion-siglo-xviii-y-principios-del-xix\/"},"modified":"2018-03-09T08:57:17","modified_gmt":"2018-03-09T08:57:17","slug":"la-autobiografa%c2%ada-moderna-en-espana-nacimiento-y-evolucion-siglo-xviii-y-principios-del-xix","status":"publish","type":"post","link":"https:\/\/www.deberes.net\/tesis\/historia\/la-autobiografa%c2%ada-moderna-en-espana-nacimiento-y-evolucion-siglo-xviii-y-principios-del-xix\/","title":{"rendered":"La autobiograf\u00edamoderna en espa\u00f1a: nacimiento y evoluci\u00f3n (siglo xviii y principios del xix)"},"content":{"rendered":"<h2>Tesis doctoral de <strong> Fernando Dur\u00e1n L\u00f3pez <\/strong><\/h2>\n<p>En el xviii se produce la incorporaci\u00f3n del g\u00e9nero autibogr\u00e1fico a la cultura occidental, como uno de los discursos m\u00e1s caracter\u00edsticos de la modernidad, asociado al individualismo que caracteriza al hombre moderno. esta tesis indaga sobre c\u00f3mo se produjo ese proceso en el caso espa\u00f1ol. el punto de partida supone romper la asociaci\u00f3n entre \u00abautobiograf\u00eda\u00bb y \u00abmoderna\u00bb, para afirmar que la autobiograf\u00eda ha existido antes, durante y despu\u00e9s de la modernidad, y que no hay que entender de maner r\u00edgida su definici\u00f3n para hacerla coincidir con la que practic\u00f3 rousseau. Se trata de investigar lo que realmente hay y no lo que se supone que tendr\u00eda que haber. Para ello se prescinde de planteamientos cronol\u00f3gicos y te\u00f3ricos como los de philippe lejeune, aun tomando su c\u00e9lebre definici\u00f3n de autobiofraf\u00eda como base flexible para trabajar. As\u00ed en la tesis se aislan tres tipos principales de discursos autobiogr\u00e1ficos, que no son los \u00fanicos, pero s\u00ed los m\u00e1s importantes del periodo elegido (aproximadamente 1700-1840). La primera modalidad es la m\u00e1s ajena a la modernidad; la autobiograf\u00eda religiosa cat\u00f3lica por obediencia, g\u00e9nero inaugurado por santa teresa que se practica abundante y persistentemente durante siglos, sobre todo por parte de monjas de clausura, dentro de un marco institucional de autoridad sumamente jeraquizado (la relaci\u00f3n entre pupila y confesor): se discute la configuraci\u00f3n interna de ese g\u00e9nero y sus implicaciones ideol\u00f3gicas, se ofrece un repertorio bibliogr\u00e1fico tres casos del siglo xviii; los de sor gertudis p\u00e9rez mu\u00f1oz, fray diego jos\u00e9 de c\u00e1diz y jos\u00e9 higueras (de \u00e9ste se ofrece una edici\u00f3n de su manuscrito hasta ahora in\u00e9dito). La segunda modalidad coincide con la l\u00ednea que define el acceso a la modernidad, las autobiograf\u00edas de hombres de letras, matriz del individuo moderno: en primer lugar se estudia la evoluci\u00f3n entre la mera \u00abvida literaria\u00bb, sint\u00e9tico curr\u00edculo intelectual hecho po<\/p>\n<p>&nbsp;<\/p>\n<h3>Datos acad\u00e9micos de la tesis doctoral \u00ab<strong>La autobiograf\u00edamoderna en espa\u00f1a: nacimiento y evoluci\u00f3n (siglo xviii y principios del xix)<\/strong>\u00ab<\/h3>\n<ul>\n<li><strong>T\u00edtulo de la tesis:<\/strong>\u00a0 La autobiograf\u00edamoderna en espa\u00f1a: nacimiento y evoluci\u00f3n (siglo xviii y principios del xix) <\/li>\n<li><strong>Autor:<\/strong>\u00a0 Fernando Dur\u00e1n L\u00f3pez <\/li>\n<li><strong>Universidad:<\/strong>\u00a0 C\u00e1diz<\/li>\n<li><strong>Fecha de lectura de la tesis:<\/strong>\u00a0 29\/06\/2001<\/li>\n<\/ul>\n<p>&nbsp;<\/p>\n<h3>Direcci\u00f3n y tribunal<\/h3>\n<ul>\n<li><strong>Director de la tesis<\/strong>\n<ul>\n<li>Alberto Gonz\u00e1lez Troyano<\/li>\n<\/ul>\n<\/li>\n<li><strong>Tribunal<\/strong>\n<ul>\n<li>Presidente del tribunal: Jos\u00e9 Antonio Hernandez guerrero <\/li>\n<li>joaquin Alvarez barrientos (vocal)<\/li>\n<li> Ramos ortega Manuel Jos\u00e9 (vocal)<\/li>\n<li>Ana Mar\u00eda Caball\u00e9 masforoll (vocal)<\/li>\n<\/ul>\n<\/li>\n<\/ul>\n<p>&nbsp;<\/p>\n","protected":false},"excerpt":{"rendered":"<p>Tesis doctoral de Fernando Dur\u00e1n L\u00f3pez En el xviii se produce la incorporaci\u00f3n del g\u00e9nero autibogr\u00e1fico a la cultura occidental, [&hellip;]<\/p>\n","protected":false},"author":1,"featured_media":0,"comment_status":"open","ping_status":"open","sticky":false,"template":"","format":"standard","meta":{"site-sidebar-layout":"default","site-content-layout":"","ast-site-content-layout":"","site-content-style":"default","site-sidebar-style":"default","ast-global-header-display":"","ast-banner-title-visibility":"","ast-main-header-display":"","ast-hfb-above-header-display":"","ast-hfb-below-header-display":"","ast-hfb-mobile-header-display":"","site-post-title":"","ast-breadcrumbs-content":"","ast-featured-img":"","footer-sml-layout":"","theme-transparent-header-meta":"","adv-header-id-meta":"","stick-header-meta":"","header-above-stick-meta":"","header-main-stick-meta":"","header-below-stick-meta":"","astra-migrate-meta-layouts":"default","ast-page-background-enabled":"default","ast-page-background-meta":{"desktop":{"background-color":"var(--ast-global-color-4)","background-image":"","background-repeat":"repeat","background-position":"center center","background-size":"auto","background-attachment":"scroll","background-type":"","background-media":"","overlay-type":"","overlay-color":"","overlay-gradient":""},"tablet":{"background-color":"","background-image":"","background-repeat":"repeat","background-position":"center center","background-size":"auto","background-attachment":"scroll","background-type":"","background-media":"","overlay-type":"","overlay-color":"","overlay-gradient":""},"mobile":{"background-color":"","background-image":"","background-repeat":"repeat","background-position":"center center","background-size":"auto","background-attachment":"scroll","background-type":"","background-media":"","overlay-type":"","overlay-color":"","overlay-gradient":""}},"ast-content-background-meta":{"desktop":{"background-color":"var(--ast-global-color-5)","background-image":"","background-repeat":"repeat","background-position":"center center","background-size":"auto","background-attachment":"scroll","background-type":"","background-media":"","overlay-type":"","overlay-color":"","overlay-gradient":""},"tablet":{"background-color":"var(--ast-global-color-5)","background-image":"","background-repeat":"repeat","background-position":"center center","background-size":"auto","background-attachment":"scroll","background-type":"","background-media":"","overlay-type":"","overlay-color":"","overlay-gradient":""},"mobile":{"background-color":"var(--ast-global-color-5)","background-image":"","background-repeat":"repeat","background-position":"center center","background-size":"auto","background-attachment":"scroll","background-type":"","background-media":"","overlay-type":"","overlay-color":"","overlay-gradient":""}},"footnotes":""},"categories":[954,1506,1624,147,149,2142,104,713,222,628],"tags":[1869,34367,38599,7811,1872,9391],"class_list":["post-11766","post","type-post","status-publish","format-standard","hentry","category-biografias","category-cadiz","category-ciencias-auxiliares-de-la-historia","category-ciencias-de-las-artes-y-las-letras","category-critica-de-textos","category-filologia","category-historia","category-historia-de-la-literatura","category-historias-especializadas","category-teoria-analisis-y-critica-literarios","tag-alberto-gonzalez-troyano","tag-ana-maria-caballe-masforoll","tag-fernando-duran-lopez","tag-joaquin-alvarez-barrientos","tag-jose-antonio-hernandez-guerrero","tag-ramos-ortega-manuel-jose"],"_links":{"self":[{"href":"https:\/\/www.deberes.net\/tesis\/wp-json\/wp\/v2\/posts\/11766","targetHints":{"allow":["GET"]}}],"collection":[{"href":"https:\/\/www.deberes.net\/tesis\/wp-json\/wp\/v2\/posts"}],"about":[{"href":"https:\/\/www.deberes.net\/tesis\/wp-json\/wp\/v2\/types\/post"}],"author":[{"embeddable":true,"href":"https:\/\/www.deberes.net\/tesis\/wp-json\/wp\/v2\/users\/1"}],"replies":[{"embeddable":true,"href":"https:\/\/www.deberes.net\/tesis\/wp-json\/wp\/v2\/comments?post=11766"}],"version-history":[{"count":0,"href":"https:\/\/www.deberes.net\/tesis\/wp-json\/wp\/v2\/posts\/11766\/revisions"}],"wp:attachment":[{"href":"https:\/\/www.deberes.net\/tesis\/wp-json\/wp\/v2\/media?parent=11766"}],"wp:term":[{"taxonomy":"category","embeddable":true,"href":"https:\/\/www.deberes.net\/tesis\/wp-json\/wp\/v2\/categories?post=11766"},{"taxonomy":"post_tag","embeddable":true,"href":"https:\/\/www.deberes.net\/tesis\/wp-json\/wp\/v2\/tags?post=11766"}],"curies":[{"name":"wp","href":"https:\/\/api.w.org\/{rel}","templated":true}]}}