{"id":117697,"date":"2018-03-11T10:47:18","date_gmt":"2018-03-11T10:47:18","guid":{"rendered":"https:\/\/www.deberes.net\/tesis\/sin-categoria\/estudio-jura%c2%addico-del-derecho-a-la-intimidad-y-su-especial-incidencia-en-el-caso-de-los-menores-de-edad\/"},"modified":"2018-03-11T10:47:18","modified_gmt":"2018-03-11T10:47:18","slug":"estudio-jura%c2%addico-del-derecho-a-la-intimidad-y-su-especial-incidencia-en-el-caso-de-los-menores-de-edad","status":"publish","type":"post","link":"https:\/\/www.deberes.net\/tesis\/complutense-de-madrid\/estudio-jura%c2%addico-del-derecho-a-la-intimidad-y-su-especial-incidencia-en-el-caso-de-los-menores-de-edad\/","title":{"rendered":"Estudio jur\u00eddico del derecho a la intimidad y su especial incidencia en el caso de los menores de edad"},"content":{"rendered":"<h2>Tesis doctoral de <strong> Angela Moreno Bobadilla <\/strong><\/h2>\n<p>El objeto de esta investigaci\u00f3n es el estudio del derecho a la intimidad en el caso concreto de los menores de edad. Para ello en primer lugar se ha llevado a cabo un an\u00e1lisis minucioso y exhaustivo del derecho en cuesti\u00f3n, mediante el que se ha llegado a la conclusi\u00f3n de que en la actualidad predomina una noci\u00f3n formal de este derecho fundamental, en la que existe una total libertad para que cada uno pueda decidir qu\u00e9 parte de su vida quiere mantener alejada de las miradas indiscretas, teniendo en cuenta que esta visi\u00f3n ir\u00e1 cambiando conforme var\u00eden sus circunstancias tanto personales como profesionales, sociales o econ\u00f3micas, ya que el statu quo de una persona va evolucionando a lo largo de su vida.  el derecho a la intimidad encuentra una serie de peculiaridades en el \u00e1mbito de los menores de edad, ya que a pesar de que su titularidad corresponde a cualquier persona f\u00edsica desde el nacimiento, por el mero hecho de ser persona, los menores tienen limitado su ejercicio debido a que hasta que no cumplan los 18 a\u00f1os no ostentan una capacidad de obrar plena.  es importante tener presente que los menores, debido a su especial vulnerabilidad, son un colectivo que merece una especial protecci\u00f3n, porque es durante los primeros a\u00f1os de vida cuando se desarrolla la personalidad. por ello la segunda parte de la investigaci\u00f3n se ha centrado en la aplicaci\u00f3n pr\u00e1ctica del estudio jur\u00eddico- te\u00f3rico del derecho a la intimidad dentro del colectivo de los menores tanto en el \u00e1mbito de los medios de comunicaci\u00f3n como en el de internet. Especialmente problem\u00e1tico es el caso de las tics debido al vac\u00edo legal que existe en la actualidad, y que adem\u00e1s est\u00e1 provocando el nacimiento de una nueva concepci\u00f3n del derecho a la intimidad. durante la investigaci\u00f3n se han empleado t\u00e9cnicas tales como la revisi\u00f3n documental, hemerogr\u00e1fica, bibliogr\u00e1fica y, obviamente, legislativa y jurisprudencial con el fin de determinar la idoneidad de las normas existentes, mediante lo cual se ha podido comprobar la ausencia dentro del ordenamiento jur\u00eddico espa\u00f1ol de un cuerpo legislativo s\u00f3lido y claro respecto a la protecci\u00f3n del derecho a la intimidad de los menores en la actualidad que sea acorde con la nueva realidad que vivimos, para lo cual se han desarrollado una serie de propuestas de lege ferenda.<\/p>\n<p>&nbsp;<\/p>\n<h3>Datos acad\u00e9micos de la tesis doctoral \u00ab<strong>Estudio jur\u00eddico del derecho a la intimidad y su especial incidencia en el caso de los menores de edad<\/strong>\u00ab<\/h3>\n<ul>\n<li><strong>T\u00edtulo de la tesis:<\/strong>\u00a0 Estudio jur\u00eddico del derecho a la intimidad y su especial incidencia en el caso de los menores de edad <\/li>\n<li><strong>Autor:<\/strong>\u00a0 Angela Moreno Bobadilla <\/li>\n<li><strong>Universidad:<\/strong>\u00a0 Complutense de Madrid<\/li>\n<li><strong>Fecha de lectura de la tesis:<\/strong>\u00a0 24\/06\/2015<\/li>\n<\/ul>\n<p>&nbsp;<\/p>\n<h3>Direcci\u00f3n y tribunal<\/h3>\n<ul>\n<li><strong>Director de la tesis<\/strong>\n<ul>\n<li>M. Isabel Serrano Maillo<\/li>\n<\/ul>\n<\/li>\n<li><strong>Tribunal<\/strong>\n<ul>\n<li>Presidente del tribunal: teodoro Gonzalez ballesteros <\/li>\n<li>m. isabel Mart\u00edn de llano (vocal)<\/li>\n<li>esther Martinez pastor (vocal)<\/li>\n<li>Juan  Manuel Goig Martinez (vocal)<\/li>\n<\/ul>\n<\/li>\n<\/ul>\n<p>&nbsp;<\/p>\n","protected":false},"excerpt":{"rendered":"<p>Tesis doctoral de Angela Moreno Bobadilla El objeto de esta investigaci\u00f3n es el estudio del derecho a la intimidad en [&hellip;]<\/p>\n","protected":false},"author":1,"featured_media":0,"comment_status":"open","ping_status":"open","sticky":false,"template":"","format":"standard","meta":{"site-sidebar-layout":"default","site-content-layout":"","ast-site-content-layout":"","site-content-style":"default","site-sidebar-style":"default","ast-global-header-display":"","ast-banner-title-visibility":"","ast-main-header-display":"","ast-hfb-above-header-display":"","ast-hfb-below-header-display":"","ast-hfb-mobile-header-display":"","site-post-title":"","ast-breadcrumbs-content":"","ast-featured-img":"","footer-sml-layout":"","theme-transparent-header-meta":"","adv-header-id-meta":"","stick-header-meta":"","header-above-stick-meta":"","header-main-stick-meta":"","header-below-stick-meta":"","astra-migrate-meta-layouts":"default","ast-page-background-enabled":"default","ast-page-background-meta":{"desktop":{"background-color":"var(--ast-global-color-4)","background-image":"","background-repeat":"repeat","background-position":"center center","background-size":"auto","background-attachment":"scroll","background-type":"","background-media":"","overlay-type":"","overlay-color":"","overlay-gradient":""},"tablet":{"background-color":"","background-image":"","background-repeat":"repeat","background-position":"center center","background-size":"auto","background-attachment":"scroll","background-type":"","background-media":"","overlay-type":"","overlay-color":"","overlay-gradient":""},"mobile":{"background-color":"","background-image":"","background-repeat":"repeat","background-position":"center center","background-size":"auto","background-attachment":"scroll","background-type":"","background-media":"","overlay-type":"","overlay-color":"","overlay-gradient":""}},"ast-content-background-meta":{"desktop":{"background-color":"var(--ast-global-color-5)","background-image":"","background-repeat":"repeat","background-position":"center center","background-size":"auto","background-attachment":"scroll","background-type":"","background-media":"","overlay-type":"","overlay-color":"","overlay-gradient":""},"tablet":{"background-color":"var(--ast-global-color-5)","background-image":"","background-repeat":"repeat","background-position":"center center","background-size":"auto","background-attachment":"scroll","background-type":"","background-media":"","overlay-type":"","overlay-color":"","overlay-gradient":""},"mobile":{"background-color":"var(--ast-global-color-5)","background-image":"","background-repeat":"repeat","background-position":"center center","background-size":"auto","background-attachment":"scroll","background-type":"","background-media":"","overlay-type":"","overlay-color":"","overlay-gradient":""}},"footnotes":""},"categories":[986,3621],"tags":[231792,86361,80027,159382,47654,24544],"class_list":["post-117697","post","type-post","status-publish","format-standard","hentry","category-complutense-de-madrid","category-organizacion-juridica","tag-angela-moreno-bobadilla","tag-esther-Martinez-pastor","tag-juan-manuel-goig-Martinez","tag-m-isabel-martin-de-llano","tag-m-isabel-serrano-maillo","tag-teodoro-gonzalez-ballesteros"],"_links":{"self":[{"href":"https:\/\/www.deberes.net\/tesis\/wp-json\/wp\/v2\/posts\/117697","targetHints":{"allow":["GET"]}}],"collection":[{"href":"https:\/\/www.deberes.net\/tesis\/wp-json\/wp\/v2\/posts"}],"about":[{"href":"https:\/\/www.deberes.net\/tesis\/wp-json\/wp\/v2\/types\/post"}],"author":[{"embeddable":true,"href":"https:\/\/www.deberes.net\/tesis\/wp-json\/wp\/v2\/users\/1"}],"replies":[{"embeddable":true,"href":"https:\/\/www.deberes.net\/tesis\/wp-json\/wp\/v2\/comments?post=117697"}],"version-history":[{"count":0,"href":"https:\/\/www.deberes.net\/tesis\/wp-json\/wp\/v2\/posts\/117697\/revisions"}],"wp:attachment":[{"href":"https:\/\/www.deberes.net\/tesis\/wp-json\/wp\/v2\/media?parent=117697"}],"wp:term":[{"taxonomy":"category","embeddable":true,"href":"https:\/\/www.deberes.net\/tesis\/wp-json\/wp\/v2\/categories?post=117697"},{"taxonomy":"post_tag","embeddable":true,"href":"https:\/\/www.deberes.net\/tesis\/wp-json\/wp\/v2\/tags?post=117697"}],"curies":[{"name":"wp","href":"https:\/\/api.w.org\/{rel}","templated":true}]}}