{"id":117716,"date":"2018-03-11T10:47:23","date_gmt":"2018-03-11T10:47:23","guid":{"rendered":"https:\/\/www.deberes.net\/tesis\/sin-categoria\/nuevas-formas-de-envejecer-migracion-internacional-de-retirados-y-redes-sociales-transnacionales-los-alemanes-mayores-en-denia\/"},"modified":"2018-03-11T10:47:23","modified_gmt":"2018-03-11T10:47:23","slug":"nuevas-formas-de-envejecer-migracion-internacional-de-retirados-y-redes-sociales-transnacionales-los-alemanes-mayores-en-denia","status":"publish","type":"post","link":"https:\/\/www.deberes.net\/tesis\/sociologia\/nuevas-formas-de-envejecer-migracion-internacional-de-retirados-y-redes-sociales-transnacionales-los-alemanes-mayores-en-denia\/","title":{"rendered":"Nuevas formas de envejecer: migraci\u00f3n internacional de retirados y redes sociales transnacionales- los alemanes mayores en denia"},"content":{"rendered":"<h2>Tesis doctoral de <strong> Rolf &#8211; Heiko Haas <\/strong><\/h2>\n<p>Resumen la experincia del envejecer se ha pluralizado y diversificado en los \u00faltimos a\u00f1os y la migraci\u00f3n de retirados es una expresi\u00f3n importante de tales estilos de vida orientados hacia el consumo y la autorrealizaci\u00f3n. Dentro de europa, espa\u00f1a es el destino m\u00e1s importante para la migraci\u00f3n de retirados. Este estudio se centra en los migrantes de retiro alemanes que viven en la ciudad de denia, en la costa mediterr\u00e1nea espa\u00f1ola. Emp\u00edricamente basado, por un lado, en una encuesta cuantitativa a gran escala de la migraci\u00f3n internacional de retirados a espa\u00f1a y, por otro lado, en un estudio de campo etnogr\u00e1fico local, esta investigaci\u00f3n proporciona una visi\u00f3n detallada a las circunstancias de vida y las caracter\u00edsticas socioecon\u00f3micas generales de este grupo particular de migrantes. Adem\u00e1s de la descripci\u00f3n de las actividades cotidianas, actitudes, auto-conceptos y modos de vida de los retirados alemanes en denia, un enfoque espec\u00edfico del estudio se centra en las relaciones familiares transnacionales y la experiencia del envejecer  en este contexto. La transnacionalidad se produce en diferentes formas  dentro de la migraci\u00f3n de retirados. El uso extensivo de medios de communicaci\u00f3n, los viajes frecuentes entre alemania y espa\u00f1a y la recepci\u00f3n de visitas, la posesi\u00f3n de viviendas en los dos pa\u00edses y, como resultado, una bifocalidad cultural basada en la integraci\u00f3n social en m\u00faltiples localidades constituyen la base de las caracter\u00edsticas transnacionales de este fen\u00f3meno social. Las relaciones familiares y sociales a los lugares de origen se perpet\u00faan en gran medida y usualmente los retirados perciben sus relaciones familiares de una manera satisfactoria. Zonas de tensi\u00f3n pueden aparecer dentro de las familias sobre todo en situaciones en las que la prestaci\u00f3n de cuidado, especialmente para los nietos o padres de edad avanzada, puede llegar a ser necesario. Concerniente las relaciones familiares, los actores perciben el proyecto de migraci\u00f3n de un modo ambivalente: por un lado destacan la autorrealizaci\u00f3n y autonom\u00eda personal vinculado a la vida en espa\u00f1a y, por otro lado, experimentan las responsibilidades de la familia. Sin embargo, las im\u00e1genes y concepciones positivas del  envejecimiento en espa\u00f1a son cruciales para los retirados y en \u00faltima instancia sirven como explicaci\u00f3n y justificaci\u00f3n personal para su separaci\u00f3n f\u00edsica de las familias y amigos. La gente reporta ser m\u00e1s feliz, m\u00e1s activa y saludable en espa\u00f1a y finalmente son estas  las ventajas de vivir  all\u00ed que compensan las desventajas de estar  separados de sus familias. Espa\u00f1a se constituye como un lugar de calidez, salud y libertad, en un estilo  donde los actores sociales pueden realizar una vida activa, significante y preventiva de cara a las problemas de la vejez. Esto contrasta con las representaciones m\u00e1s negativas de alemania, donde los retirados localizan probabilidades mucho menores para un envejecimiento exitoso.           universidad de murcia  facultad de filosof\u00eda   neue formen des alter(n)s:  internationale ruhesitzmigration und transnationale netzwerke deutscher ruhest\u00ed\u00a4ndler in denia  nuevas formas de envejecer: migraci\u00f3n internacional de retirados y redes sociales transnacionales &#8211; los alemanes mayores en denia    abstract (english) the experience of ageing has become more and more pluralized and diversified in recent years, with retirement migration being one important expression of such lifestyles oriented towards consumption and self-realization. Within europe, spain is the most important destination for retirement migrants. This study focuses on german retirement migrants living in the city of denia on the spanish mediterranean coast. Empirically based on a large-scale quantitative survey of european retirement migration to spain and a locally embedded ethnographic field study, this investigation provides a detailed insight into the life circumstances, socio-economic features and general characteristics of this particular group of migrants. Besides the empirically based descriptions of quotidian activities, attitudes, self-concepts and modes of life of the german retirement migrants in denia, a specific focus of the study is centered on transnational family relations and the experience of ageing within retirement migration. Within retirement migration, transnationality is produced in a number of ways. Extended use of telecommunication and media, frequent travels and visits, the regular keeping-up of plurilocal living arrangements between germany and spain and a cultural bifocality based on social integration within multiple localities provide the basis for the transnational characteristics of this social phenomenon. Familial and social relations to the areas of origin are largely perpetuated and, while family relations are usually experienced as satisfactory despite spatial separation, areas of tension within families may occur in situations in which the provision of care, especially for grandchildren or ageing parents, may become necessary. Hence, in regard to family relations, the project of retirement migration is often perceived by the actors as being situated within conflicting areas of personal self-realization and autonomy linked to living in spain on the one hand and familial obligations and responsibilities on the other hand. However, the positive images and conceptions of ageing in spain are crucial for the retirement migrants and ultimately serve as an explanation and personal justification for their physical separation from families and friends. People reported to be happier, more active and healthier, evaluating the advantages of living in spain as outweighing the disadvantages of being separated from their families. Spain is constructed as a place of warmth, health and freedom, where an active, meaningful and preventive lifestyle can be performed. This is contrasted with more negative depictions of germany, where the retirement migrants localize much smaller chances of successful ageing.<\/p>\n<p>&nbsp;<\/p>\n<h3>Datos acad\u00e9micos de la tesis doctoral \u00ab<strong>Nuevas formas de envejecer: migraci\u00f3n internacional de retirados y redes sociales transnacionales- los alemanes mayores en denia<\/strong>\u00ab<\/h3>\n<ul>\n<li><strong>T\u00edtulo de la tesis:<\/strong>\u00a0 Nuevas formas de envejecer: migraci\u00f3n internacional de retirados y redes sociales transnacionales- los alemanes mayores en denia <\/li>\n<li><strong>Autor:<\/strong>\u00a0 Rolf &#8211; Heiko Haas <\/li>\n<li><strong>Universidad:<\/strong>\u00a0 Murcia<\/li>\n<li><strong>Fecha de lectura de la tesis:<\/strong>\u00a0 25\/06\/2015<\/li>\n<\/ul>\n<p>&nbsp;<\/p>\n<h3>Direcci\u00f3n y tribunal<\/h3>\n<ul>\n<li><strong>Director de la tesis<\/strong>\n<ul>\n<li>Klaus Johannes Schriewer<\/li>\n<\/ul>\n<\/li>\n<li><strong>Tribunal<\/strong>\n<ul>\n<li>Presidente del tribunal: johannes Moser <\/li>\n<li>stephan Lessenich (vocal)<\/li>\n<li>  (vocal)<\/li>\n<li>  (vocal)<\/li>\n<\/ul>\n<\/li>\n<\/ul>\n<p>&nbsp;<\/p>\n","protected":false},"excerpt":{"rendered":"<p>Tesis doctoral de Rolf &#8211; Heiko Haas Resumen la experincia del envejecer se ha pluralizado y diversificado en los \u00faltimos [&hellip;]<\/p>\n","protected":false},"author":1,"featured_media":0,"comment_status":"open","ping_status":"open","sticky":false,"template":"","format":"standard","meta":{"site-sidebar-layout":"default","site-content-layout":"","ast-site-content-layout":"","site-content-style":"default","site-sidebar-style":"default","ast-global-header-display":"","ast-banner-title-visibility":"","ast-main-header-display":"","ast-hfb-above-header-display":"","ast-hfb-below-header-display":"","ast-hfb-mobile-header-display":"","site-post-title":"","ast-breadcrumbs-content":"","ast-featured-img":"","footer-sml-layout":"","theme-transparent-header-meta":"","adv-header-id-meta":"","stick-header-meta":"","header-above-stick-meta":"","header-main-stick-meta":"","header-below-stick-meta":"","astra-migrate-meta-layouts":"default","ast-page-background-enabled":"default","ast-page-background-meta":{"desktop":{"background-color":"var(--ast-global-color-4)","background-image":"","background-repeat":"repeat","background-position":"center center","background-size":"auto","background-attachment":"scroll","background-type":"","background-media":"","overlay-type":"","overlay-color":"","overlay-gradient":""},"tablet":{"background-color":"","background-image":"","background-repeat":"repeat","background-position":"center center","background-size":"auto","background-attachment":"scroll","background-type":"","background-media":"","overlay-type":"","overlay-color":"","overlay-gradient":""},"mobile":{"background-color":"","background-image":"","background-repeat":"repeat","background-position":"center center","background-size":"auto","background-attachment":"scroll","background-type":"","background-media":"","overlay-type":"","overlay-color":"","overlay-gradient":""}},"ast-content-background-meta":{"desktop":{"background-color":"var(--ast-global-color-5)","background-image":"","background-repeat":"repeat","background-position":"center center","background-size":"auto","background-attachment":"scroll","background-type":"","background-media":"","overlay-type":"","overlay-color":"","overlay-gradient":""},"tablet":{"background-color":"var(--ast-global-color-5)","background-image":"","background-repeat":"repeat","background-position":"center center","background-size":"auto","background-attachment":"scroll","background-type":"","background-media":"","overlay-type":"","overlay-color":"","overlay-gradient":""},"mobile":{"background-color":"var(--ast-global-color-5)","background-image":"","background-repeat":"repeat","background-position":"center center","background-size":"auto","background-attachment":"scroll","background-type":"","background-media":"","overlay-type":"","overlay-color":"","overlay-gradient":""}},"footnotes":""},"categories":[983,8235,269],"tags":[231820,197079,231819,231821],"class_list":["post-117716","post","type-post","status-publish","format-standard","hentry","category-antropologia-cultural","category-murcia","category-sociologia","tag-johannes-moser","tag-klaus-johannes-schriewer","tag-rolf-heiko-haas","tag-stephan-lessenich"],"_links":{"self":[{"href":"https:\/\/www.deberes.net\/tesis\/wp-json\/wp\/v2\/posts\/117716","targetHints":{"allow":["GET"]}}],"collection":[{"href":"https:\/\/www.deberes.net\/tesis\/wp-json\/wp\/v2\/posts"}],"about":[{"href":"https:\/\/www.deberes.net\/tesis\/wp-json\/wp\/v2\/types\/post"}],"author":[{"embeddable":true,"href":"https:\/\/www.deberes.net\/tesis\/wp-json\/wp\/v2\/users\/1"}],"replies":[{"embeddable":true,"href":"https:\/\/www.deberes.net\/tesis\/wp-json\/wp\/v2\/comments?post=117716"}],"version-history":[{"count":0,"href":"https:\/\/www.deberes.net\/tesis\/wp-json\/wp\/v2\/posts\/117716\/revisions"}],"wp:attachment":[{"href":"https:\/\/www.deberes.net\/tesis\/wp-json\/wp\/v2\/media?parent=117716"}],"wp:term":[{"taxonomy":"category","embeddable":true,"href":"https:\/\/www.deberes.net\/tesis\/wp-json\/wp\/v2\/categories?post=117716"},{"taxonomy":"post_tag","embeddable":true,"href":"https:\/\/www.deberes.net\/tesis\/wp-json\/wp\/v2\/tags?post=117716"}],"curies":[{"name":"wp","href":"https:\/\/api.w.org\/{rel}","templated":true}]}}