{"id":117760,"date":"2015-01-07T00:00:00","date_gmt":"2015-01-07T00:00:00","guid":{"rendered":"https:\/\/www.deberes.net\/tesis\/sin-categoria\/las-enfermeras-y-las-familias-en-el-encuentro-cultural-un-estudio-etnografico\/"},"modified":"2015-01-07T00:00:00","modified_gmt":"2015-01-07T00:00:00","slug":"las-enfermeras-y-las-familias-en-el-encuentro-cultural-un-estudio-etnografico","status":"publish","type":"post","link":"https:\/\/www.deberes.net\/tesis\/pediatria\/las-enfermeras-y-las-familias-en-el-encuentro-cultural-un-estudio-etnografico\/","title":{"rendered":"Las enfermeras y las familias en el encuentro cultural: un estudio etnogr\u00e1fico"},"content":{"rendered":"<h2>Tesis doctoral de <strong> Maider Belintxon Mart\u00edn <\/strong><\/h2>\n<p>Introducci\u00f3n: la sociedad multicultural presente en la actualidad tiene unas implicaciones directas en el \u00e1mbito sanitario, concretamente en atenci\u00f3n primaria. Las enfermeras tienen que atender a personas de diversas culturas. La cultura influye en la salud, en el modo de hacer frente a una enfermedad, en la adopci\u00f3n de estilos de vida saludables e incluso en el modo de interactuar con los profesionales sanitarios. Por lo tanto, esta realidad multicultural supone grandes retos para las enfermeras y las personas de diversas culturas.  objetivo: el objetivo general de la tesis es aportar evidencia cient\u00edfica sobre el desarrollo del encuentro cultural, en atenci\u00f3n primaria, dentro del programa del ni\u00f1o sano. Entendiendo por encuentro cultural la interacci\u00f3n entre familias y profesionales sanitarios de culturas diferentes.   m\u00e9todos: para dar respuesta al objetivo se ha llevado a cabo un estudio con un enfoque etnogr\u00e1fico. Se realizaron observaciones participantes de los encuentros culturales y entrevistas etnogr\u00e1ficas a familias y enfermeras para comprender mejor el encuentro.  Los datos se analizaron mediante un an\u00e1lisis tem\u00e1tico y el m\u00e9todo comparativo constante.  resultados: los hallazgos de este estudio muestran aspectos interesantes a dos niveles uno centrado en los profesionales y su capacitaci\u00f3n y otro m\u00e1s organizacional relacionado con la falta de adaptaci\u00f3n de los recursos del sistema sanitario para ofrecer una atenci\u00f3n de calidad a la diversidad cultural. Con respecto a los profesionales, se ha observado una  falta de escucha activa, una generalizaci\u00f3n de los mensajes, el distanciamiento entre \u00e9stos y las familias  y la existencia de imposiciones culturales. Esta situaci\u00f3n se agudiza por la falta de adaptaci\u00f3n del sistema sanitario a la diversidad cultural. La falta de recursos estructurales, materiales y humanos para que enfermeras y familias puedan comunicarse, adem\u00e1s de instrumentos de valoraci\u00f3n que permitiesen dise\u00f1ar planes de acci\u00f3n individualizados son algunos de los aspectos a los que se tienen que enfrentar en su d\u00eda a d\u00eda familias y enfermeras.  conclusiones: las observaciones de los encuentros culturales y las entrevistas realizadas han permitido conocer en profundidad el encuentro cultural y la percepci\u00f3n de las familias de otras culturas y de las enfermeras. Es necesaria la capacitaci\u00f3n de las enfermeras y la adaptaci\u00f3n del sistema sanitario para poder atender a las personas que integran nuestra sociedad y sus necesidades de salud.<\/p>\n<p>&nbsp;<\/p>\n<h3>Datos acad\u00e9micos de la tesis doctoral \u00ab<strong>Las enfermeras y las familias en el encuentro cultural: un estudio etnogr\u00e1fico<\/strong>\u00ab<\/h3>\n<ul>\n<li><strong>T\u00edtulo de la tesis:<\/strong>\u00a0 Las enfermeras y las familias en el encuentro cultural: un estudio etnogr\u00e1fico <\/li>\n<li><strong>Autor:<\/strong>\u00a0 Maider Belintxon Mart\u00edn <\/li>\n<li><strong>Universidad:<\/strong>\u00a0 Navarra<\/li>\n<li><strong>Fecha de lectura de la tesis:<\/strong>\u00a0 01\/07\/2015<\/li>\n<\/ul>\n<p>&nbsp;<\/p>\n<h3>Direcci\u00f3n y tribunal<\/h3>\n<ul>\n<li><strong>Director de la tesis<\/strong>\n<ul>\n<li>Olga L\u00f3pez De Dicastillo S\u00e1inz De Murieta<\/li>\n<\/ul>\n<\/li>\n<li><strong>Tribunal<\/strong>\n<ul>\n<li>Presidente del tribunal: Juan  jose Alvarez rubio <\/li>\n<li>Mar\u00eda  Jos\u00e9 Alberdi erice (vocal)<\/li>\n<li>Mar\u00eda Jes\u00fas Pumar m\u00e9ndez (vocal)<\/li>\n<li>m. esperanza Ray\u00f3n valpuesta (vocal)<\/li>\n<\/ul>\n<\/li>\n<\/ul>\n<p>&nbsp;<\/p>\n","protected":false},"excerpt":{"rendered":"<p>Tesis doctoral de Maider Belintxon Mart\u00edn Introducci\u00f3n: la sociedad multicultural presente en la actualidad tiene unas implicaciones directas en el [&hellip;]<\/p>\n","protected":false},"author":1,"featured_media":0,"comment_status":"open","ping_status":"open","sticky":false,"template":"","format":"standard","meta":{"site-sidebar-layout":"default","site-content-layout":"","ast-site-content-layout":"","site-content-style":"default","site-sidebar-style":"default","ast-global-header-display":"","ast-banner-title-visibility":"","ast-main-header-display":"","ast-hfb-above-header-display":"","ast-hfb-below-header-display":"","ast-hfb-mobile-header-display":"","site-post-title":"","ast-breadcrumbs-content":"","ast-featured-img":"","footer-sml-layout":"","theme-transparent-header-meta":"","adv-header-id-meta":"","stick-header-meta":"","header-above-stick-meta":"","header-main-stick-meta":"","header-below-stick-meta":"","astra-migrate-meta-layouts":"default","ast-page-background-enabled":"default","ast-page-background-meta":{"desktop":{"background-color":"var(--ast-global-color-4)","background-image":"","background-repeat":"repeat","background-position":"center center","background-size":"auto","background-attachment":"scroll","background-type":"","background-media":"","overlay-type":"","overlay-color":"","overlay-gradient":""},"tablet":{"background-color":"","background-image":"","background-repeat":"repeat","background-position":"center center","background-size":"auto","background-attachment":"scroll","background-type":"","background-media":"","overlay-type":"","overlay-color":"","overlay-gradient":""},"mobile":{"background-color":"","background-image":"","background-repeat":"repeat","background-position":"center center","background-size":"auto","background-attachment":"scroll","background-type":"","background-media":"","overlay-type":"","overlay-color":"","overlay-gradient":""}},"ast-content-background-meta":{"desktop":{"background-color":"var(--ast-global-color-5)","background-image":"","background-repeat":"repeat","background-position":"center center","background-size":"auto","background-attachment":"scroll","background-type":"","background-media":"","overlay-type":"","overlay-color":"","overlay-gradient":""},"tablet":{"background-color":"var(--ast-global-color-5)","background-image":"","background-repeat":"repeat","background-position":"center center","background-size":"auto","background-attachment":"scroll","background-type":"","background-media":"","overlay-type":"","overlay-color":"","overlay-gradient":""},"mobile":{"background-color":"var(--ast-global-color-5)","background-image":"","background-repeat":"repeat","background-position":"center center","background-size":"auto","background-attachment":"scroll","background-type":"","background-media":"","overlay-type":"","overlay-color":"","overlay-gradient":""}},"footnotes":""},"categories":[983,726,1354,17749,161],"tags":[36503,120941,231877,231878,229304,219853],"class_list":["post-117760","post","type-post","status-publish","format-standard","hentry","category-antropologia-cultural","category-etnografia-y-etnologia","category-movilidad-y-migraciones-internacionales","category-navarra","category-pediatria","tag-juan-jose-alvarez-rubio","tag-m-esperanza-rayon-valpuesta","tag-maider-belintxon-martin","tag-maria-jesus-pumar-mendez","tag-maria-jose-alberdi-erice","tag-olga-lopez-de-dicastillo-sainz-de-murieta"],"_links":{"self":[{"href":"https:\/\/www.deberes.net\/tesis\/wp-json\/wp\/v2\/posts\/117760","targetHints":{"allow":["GET"]}}],"collection":[{"href":"https:\/\/www.deberes.net\/tesis\/wp-json\/wp\/v2\/posts"}],"about":[{"href":"https:\/\/www.deberes.net\/tesis\/wp-json\/wp\/v2\/types\/post"}],"author":[{"embeddable":true,"href":"https:\/\/www.deberes.net\/tesis\/wp-json\/wp\/v2\/users\/1"}],"replies":[{"embeddable":true,"href":"https:\/\/www.deberes.net\/tesis\/wp-json\/wp\/v2\/comments?post=117760"}],"version-history":[{"count":0,"href":"https:\/\/www.deberes.net\/tesis\/wp-json\/wp\/v2\/posts\/117760\/revisions"}],"wp:attachment":[{"href":"https:\/\/www.deberes.net\/tesis\/wp-json\/wp\/v2\/media?parent=117760"}],"wp:term":[{"taxonomy":"category","embeddable":true,"href":"https:\/\/www.deberes.net\/tesis\/wp-json\/wp\/v2\/categories?post=117760"},{"taxonomy":"post_tag","embeddable":true,"href":"https:\/\/www.deberes.net\/tesis\/wp-json\/wp\/v2\/tags?post=117760"}],"curies":[{"name":"wp","href":"https:\/\/api.w.org\/{rel}","templated":true}]}}