{"id":117773,"date":"2015-03-07T00:00:00","date_gmt":"2015-03-07T00:00:00","guid":{"rendered":"https:\/\/www.deberes.net\/tesis\/sin-categoria\/los-juda%c2%ados-en-navarra-en-el-siglo-xiv-fuentes-y-aspectos-historico-jura%c2%addicos\/"},"modified":"2015-03-07T00:00:00","modified_gmt":"2015-03-07T00:00:00","slug":"los-juda%c2%ados-en-navarra-en-el-siglo-xiv-fuentes-y-aspectos-historico-jura%c2%addicos","status":"publish","type":"post","link":"https:\/\/www.deberes.net\/tesis\/grupos-sociales\/los-juda%c2%ados-en-navarra-en-el-siglo-xiv-fuentes-y-aspectos-historico-jura%c2%addicos\/","title":{"rendered":"Los jud\u00edos en navarra en el siglo xiv. fuentes y aspectos hist\u00f3rico-jur\u00eddicos"},"content":{"rendered":"<h2>Tesis doctoral de <strong> Jos\u00e9 Enrique \u00e1vila Palet <\/strong><\/h2>\n<p>Este trabajo es una investigaci\u00f3n sobre los jud\u00edos en navarra en el siglo xiv, que busca recopilar, ordenar y exponer toda la informaci\u00f3n existente en las fuentes hist\u00f3rico narrativas e hist\u00f3rico documentales que se encuentren in\u00e9ditas o impresas en los archivos de navarra, archivos espa\u00f1oles y archivos extranjeros. Se examina,  analiza y presenta a modo de historiograf\u00eda todo el conjunto de escritos publicados que los historiadores dedicaron al estudio de los jud\u00edos en navarra en el siglo xiv. En este trabajo tambi\u00e9n se muestra un an\u00e1lisis del estatus jur\u00eddico de los jud\u00edos en navarra en las fuentes hist\u00f3rico-jur\u00eddicas (fueros y concesiones reales). Como ap\u00e9ndices se agregan, una relaci\u00f3n de todas las disposiciones jur\u00eddicas sobre los jud\u00edos navarros seg\u00fan los tipos de derecho, y una transcripci\u00f3n de 68 documentos (34 de ellos in\u00e9ditos) sobre los jud\u00edos en navarra en el siglo xiv. Por \u00faltimo, se muestra una serie de gr\u00e1ficos estad\u00edsticos, mapas de la \u00e9poca y una relaci\u00f3n de todas las fuentes y bibliograf\u00eda encontrada sobre el tema.<\/p>\n<p>&nbsp;<\/p>\n<h3>Datos acad\u00e9micos de la tesis doctoral \u00ab<strong>Los jud\u00edos en navarra en el siglo xiv. fuentes y aspectos hist\u00f3rico-jur\u00eddicos<\/strong>\u00ab<\/h3>\n<ul>\n<li><strong>T\u00edtulo de la tesis:<\/strong>\u00a0 Los jud\u00edos en navarra en el siglo xiv. fuentes y aspectos hist\u00f3rico-jur\u00eddicos <\/li>\n<li><strong>Autor:<\/strong>\u00a0 Jos\u00e9 Enrique \u00e1vila Palet <\/li>\n<li><strong>Universidad:<\/strong>\u00a0 Navarra<\/li>\n<li><strong>Fecha de lectura de la tesis:<\/strong>\u00a0 03\/07\/2015<\/li>\n<\/ul>\n<p>&nbsp;<\/p>\n<h3>Direcci\u00f3n y tribunal<\/h3>\n<ul>\n<li><strong>Director de la tesis<\/strong>\n<ul>\n<li>Julia Pav\u00f3n Benito<\/li>\n<\/ul>\n<\/li>\n<li><strong>Tribunal<\/strong>\n<ul>\n<li>Presidente del tribunal: Juan Carrasco p\u00e9rez <\/li>\n<li>asuncion Blasco Martinez (vocal)<\/li>\n<li>Mar\u00eda mercedes Gal\u00e1n lorda (vocal)<\/li>\n<li>b\u00e9atrice Leroy (vocal)<\/li>\n<\/ul>\n<\/li>\n<\/ul>\n<p>&nbsp;<\/p>\n","protected":false},"excerpt":{"rendered":"<p>Tesis doctoral de Jos\u00e9 Enrique \u00e1vila Palet Este trabajo es una investigaci\u00f3n sobre los jud\u00edos en navarra en el siglo [&hellip;]<\/p>\n","protected":false},"author":1,"featured_media":0,"comment_status":"open","ping_status":"open","sticky":false,"template":"","format":"standard","meta":{"site-sidebar-layout":"default","site-content-layout":"","ast-site-content-layout":"","site-content-style":"default","site-sidebar-style":"default","ast-global-header-display":"","ast-banner-title-visibility":"","ast-main-header-display":"","ast-hfb-above-header-display":"","ast-hfb-below-header-display":"","ast-hfb-mobile-header-display":"","site-post-title":"","ast-breadcrumbs-content":"","ast-featured-img":"","footer-sml-layout":"","theme-transparent-header-meta":"","adv-header-id-meta":"","stick-header-meta":"","header-above-stick-meta":"","header-main-stick-meta":"","header-below-stick-meta":"","astra-migrate-meta-layouts":"default","ast-page-background-enabled":"default","ast-page-background-meta":{"desktop":{"background-color":"var(--ast-global-color-4)","background-image":"","background-repeat":"repeat","background-position":"center center","background-size":"auto","background-attachment":"scroll","background-type":"","background-media":"","overlay-type":"","overlay-color":"","overlay-gradient":""},"tablet":{"background-color":"","background-image":"","background-repeat":"repeat","background-position":"center center","background-size":"auto","background-attachment":"scroll","background-type":"","background-media":"","overlay-type":"","overlay-color":"","overlay-gradient":""},"mobile":{"background-color":"","background-image":"","background-repeat":"repeat","background-position":"center center","background-size":"auto","background-attachment":"scroll","background-type":"","background-media":"","overlay-type":"","overlay-color":"","overlay-gradient":""}},"ast-content-background-meta":{"desktop":{"background-color":"var(--ast-global-color-5)","background-image":"","background-repeat":"repeat","background-position":"center center","background-size":"auto","background-attachment":"scroll","background-type":"","background-media":"","overlay-type":"","overlay-color":"","overlay-gradient":""},"tablet":{"background-color":"var(--ast-global-color-5)","background-image":"","background-repeat":"repeat","background-position":"center center","background-size":"auto","background-attachment":"scroll","background-type":"","background-media":"","overlay-type":"","overlay-color":"","overlay-gradient":""},"mobile":{"background-color":"var(--ast-global-color-5)","background-image":"","background-repeat":"repeat","background-position":"center center","background-size":"auto","background-attachment":"scroll","background-type":"","background-media":"","overlay-type":"","overlay-color":"","overlay-gradient":""}},"footnotes":""},"categories":[48676,291,17749],"tags":[49373,130677,231896,5299,166443,218821],"class_list":["post-117773","post","type-post","status-publish","format-standard","hentry","category-civilizaciones-y-caracteres-nacionales","category-grupos-sociales","category-navarra","tag-asuncion-blasco-Martinez","tag-beatrice-leroy","tag-jose-enrique-avila-palet","tag-juan-carrasco-perez","tag-julia-pavon-benito","tag-maria-mercedes-galan-lorda"],"_links":{"self":[{"href":"https:\/\/www.deberes.net\/tesis\/wp-json\/wp\/v2\/posts\/117773","targetHints":{"allow":["GET"]}}],"collection":[{"href":"https:\/\/www.deberes.net\/tesis\/wp-json\/wp\/v2\/posts"}],"about":[{"href":"https:\/\/www.deberes.net\/tesis\/wp-json\/wp\/v2\/types\/post"}],"author":[{"embeddable":true,"href":"https:\/\/www.deberes.net\/tesis\/wp-json\/wp\/v2\/users\/1"}],"replies":[{"embeddable":true,"href":"https:\/\/www.deberes.net\/tesis\/wp-json\/wp\/v2\/comments?post=117773"}],"version-history":[{"count":0,"href":"https:\/\/www.deberes.net\/tesis\/wp-json\/wp\/v2\/posts\/117773\/revisions"}],"wp:attachment":[{"href":"https:\/\/www.deberes.net\/tesis\/wp-json\/wp\/v2\/media?parent=117773"}],"wp:term":[{"taxonomy":"category","embeddable":true,"href":"https:\/\/www.deberes.net\/tesis\/wp-json\/wp\/v2\/categories?post=117773"},{"taxonomy":"post_tag","embeddable":true,"href":"https:\/\/www.deberes.net\/tesis\/wp-json\/wp\/v2\/tags?post=117773"}],"curies":[{"name":"wp","href":"https:\/\/api.w.org\/{rel}","templated":true}]}}