{"id":117798,"date":"2015-05-07T00:00:00","date_gmt":"2015-05-07T00:00:00","guid":{"rendered":"https:\/\/www.deberes.net\/tesis\/sin-categoria\/relacion-de-la-escala-de-apgar-con-hipoxia-del-lobulo-temporal\/"},"modified":"2015-05-07T00:00:00","modified_gmt":"2015-05-07T00:00:00","slug":"relacion-de-la-escala-de-apgar-con-hipoxia-del-lobulo-temporal","status":"publish","type":"post","link":"https:\/\/www.deberes.net\/tesis\/anatomia-humana\/relacion-de-la-escala-de-apgar-con-hipoxia-del-lobulo-temporal\/","title":{"rendered":"Relaci\u00f3n de la escala de apgar con hipoxia del l\u00f3bulo temporal"},"content":{"rendered":"<h2>Tesis doctoral de <strong> Roberto Alejandro Lugo Guillen <\/strong><\/h2>\n<p>Introducci\u00f3n. El hipocampo es particularmente vulnerable al trauma, la hipoxia y las crisis epil\u00e9pticas prolongadas. La encefalopat\u00eda hip\u00f3xico-isqu\u00e9mica se considera la causa m\u00e1s frecuente de da\u00f1o neurol\u00f3gico, y se define como el s\u00edndrome que presenta el reci\u00e9n nacido secundario a hipoxia o isquemia, debido a la disminuci\u00f3n del ox\u00edgeno y el flujo sangu\u00edneo en el snc. La hipoxia provoca alteraci\u00f3n en la fisiolog\u00eda celular y anomal\u00edas bioqu\u00edmicas que provocan la alteraci\u00f3n de la funci\u00f3n de la membrana celular (despolarizaci\u00f3n), dando lugar a una afecci\u00f3n en el intercambio i\u00f3nico y l\u00edquido entre los espacios intra y extracelulares. las im\u00e1genes por secuencia de difusi\u00f3n de los protocolo de rmn son esenciales para evaluar las lesiones hip\u00f3xico-isqu\u00e9micas tempranas, debido a que evidencian los trastornos de la difusi\u00f3n del agua a nivel celular, del espacio intracelular al extracelular. Cuando est\u00e1 alterado el paso entre ambos espacios se restringe dicha difusi\u00f3n, demostrando la alteraci\u00f3n de la funci\u00f3n de la membrana celular. Esta lesi\u00f3n no se aprecia en las secuencias ponderadas en t1 y t2 ni en la secuencia flair, ya que requieren un da\u00f1o estructural establecido. objetivo. Determinar la preValencia de hipoxia en el l\u00f3bulo temporal evaluado por irm en secuencia de difusi\u00f3n, en pacientes con puntaje igual o menor a 7 en la escala apgar a los cinco minutos, correlacionar el puntaje de la escala de apgar con la hipoxia encef\u00e1lica en el l\u00f3bulo temporal, y analizar la expresi\u00f3n inmunohistoqu\u00edmica de diferentes prote\u00ednas implicadas en procesos hip\u00f3xicos en el hipocampo de pacientes que presentaron asfixia perinatal. pacientes y m\u00e9todos. Se realiz\u00f3 un estudio de tipo cualitativo, descriptivo, correlacional, en 40 l\u00f3bulos temporales de neonatos con menos de 96 horas de nacido con puntaje apgar igual o menor a 7 a los 5 minutos de nacido, estables hemodin\u00e1mica y metab\u00f3licamente con secuencia de difusi\u00f3n por irm. Para el estudio inmunohistoqu\u00edmico se analizaron muestras de hipocampo humano, de cuatro pacientes pedi\u00e1tricos, obtenidas de los archivos de patolog\u00eda del hospital. resultados. En los l\u00f3bulos temporales de neonatos con asfixia perinatal moderada evaluada por puntaje apgar, no se observaron anomal\u00edas en la secuencia por difusi\u00f3n de la resonancia magn\u00e9tica que sugiera alteraciones en el intercambio intra-extracelular como el observado en los trastornos hip\u00f3xico-isqu\u00e9micos. El 15.4 por ciento de la poblaci\u00f3n estudiada mostr\u00f3 alteraciones en la secuencia de difusi\u00f3n por irm en regiones diferentes a los l\u00f3bulos temporales. conclusiones. La asfixia perinatal moderada valuada por apgar no se correlaciona con cambios en la secuencia de difusi\u00f3n que sugiera afecci\u00f3n hip\u00f3xico-isqu\u00e9mica en los l\u00f3bulos temporales, a diferencia de otras regiones que pueden verse afectadas, sugiriendo en estas la posibilidad de una mayor susceptibilidad que el l\u00f3bulo temporal. De otra parte, en el hipocampo de neonatos con asfixia perinatal, se ha observado un elevado n\u00famero de c\u00e9lulas apopt\u00f3ticas, principalmente en la capa ca4 y en el giro dentado, y una intensa expresi\u00f3n de vegf-a y del receptor 1 de la esfingosina 1-fosfato.<\/p>\n<p>&nbsp;<\/p>\n<h3>Datos acad\u00e9micos de la tesis doctoral \u00ab<strong>Relaci\u00f3n de la escala de apgar con hipoxia del l\u00f3bulo temporal<\/strong>\u00ab<\/h3>\n<ul>\n<li><strong>T\u00edtulo de la tesis:<\/strong>\u00a0 Relaci\u00f3n de la escala de apgar con hipoxia del l\u00f3bulo temporal <\/li>\n<li><strong>Autor:<\/strong>\u00a0 Roberto Alejandro Lugo Guillen <\/li>\n<li><strong>Universidad:<\/strong>\u00a0 Complutense de Madrid<\/li>\n<li><strong>Fecha de lectura de la tesis:<\/strong>\u00a0 05\/07\/2015<\/li>\n<\/ul>\n<p>&nbsp;<\/p>\n<h3>Direcci\u00f3n y tribunal<\/h3>\n<ul>\n<li><strong>Director de la tesis<\/strong>\n<ul>\n<li>Isabel Arenas Jimenez<\/li>\n<\/ul>\n<\/li>\n<li><strong>Tribunal<\/strong>\n<ul>\n<li>Presidente del tribunal: angel Pe\u00f1a melian <\/li>\n<li>Marta Gonzalez-santander Martinez (vocal)<\/li>\n<li>pilar Perez lloret (vocal)<\/li>\n<li>Mar\u00eda  del Val toledo-lobo (vocal)<\/li>\n<\/ul>\n<\/li>\n<\/ul>\n<p>&nbsp;<\/p>\n","protected":false},"excerpt":{"rendered":"<p>Tesis doctoral de Roberto Alejandro Lugo Guillen Introducci\u00f3n. El hipocampo es particularmente vulnerable al trauma, la hipoxia y las crisis [&hellip;]<\/p>\n","protected":false},"author":1,"featured_media":0,"comment_status":"open","ping_status":"open","sticky":false,"template":"","format":"standard","meta":{"site-sidebar-layout":"default","site-content-layout":"","ast-site-content-layout":"","site-content-style":"default","site-sidebar-style":"default","ast-global-header-display":"","ast-banner-title-visibility":"","ast-main-header-display":"","ast-hfb-above-header-display":"","ast-hfb-below-header-display":"","ast-hfb-mobile-header-display":"","site-post-title":"","ast-breadcrumbs-content":"","ast-featured-img":"","footer-sml-layout":"","theme-transparent-header-meta":"","adv-header-id-meta":"","stick-header-meta":"","header-above-stick-meta":"","header-main-stick-meta":"","header-below-stick-meta":"","astra-migrate-meta-layouts":"default","ast-page-background-enabled":"default","ast-page-background-meta":{"desktop":{"background-color":"var(--ast-global-color-4)","background-image":"","background-repeat":"repeat","background-position":"center center","background-size":"auto","background-attachment":"scroll","background-type":"","background-media":"","overlay-type":"","overlay-color":"","overlay-gradient":""},"tablet":{"background-color":"","background-image":"","background-repeat":"repeat","background-position":"center center","background-size":"auto","background-attachment":"scroll","background-type":"","background-media":"","overlay-type":"","overlay-color":"","overlay-gradient":""},"mobile":{"background-color":"","background-image":"","background-repeat":"repeat","background-position":"center center","background-size":"auto","background-attachment":"scroll","background-type":"","background-media":"","overlay-type":"","overlay-color":"","overlay-gradient":""}},"ast-content-background-meta":{"desktop":{"background-color":"var(--ast-global-color-5)","background-image":"","background-repeat":"repeat","background-position":"center center","background-size":"auto","background-attachment":"scroll","background-type":"","background-media":"","overlay-type":"","overlay-color":"","overlay-gradient":""},"tablet":{"background-color":"var(--ast-global-color-5)","background-image":"","background-repeat":"repeat","background-position":"center center","background-size":"auto","background-attachment":"scroll","background-type":"","background-media":"","overlay-type":"","overlay-color":"","overlay-gradient":""},"mobile":{"background-color":"var(--ast-global-color-5)","background-image":"","background-repeat":"repeat","background-position":"center center","background-size":"auto","background-attachment":"scroll","background-type":"","background-media":"","overlay-type":"","overlay-color":"","overlay-gradient":""}},"footnotes":""},"categories":[867,986],"tags":[133741,17472,23259,231929,152002,231928],"class_list":["post-117798","post","type-post","status-publish","format-standard","hentry","category-anatomia-humana","category-complutense-de-madrid","tag-angel-pena-melian","tag-isabel-arenas-jimenez","tag-maria-del-val-toledo-lobo","tag-marta-gonzalez-santander-Martinez","tag-pilar-perez-lloret","tag-roberto-alejandro-lugo-guillen"],"_links":{"self":[{"href":"https:\/\/www.deberes.net\/tesis\/wp-json\/wp\/v2\/posts\/117798","targetHints":{"allow":["GET"]}}],"collection":[{"href":"https:\/\/www.deberes.net\/tesis\/wp-json\/wp\/v2\/posts"}],"about":[{"href":"https:\/\/www.deberes.net\/tesis\/wp-json\/wp\/v2\/types\/post"}],"author":[{"embeddable":true,"href":"https:\/\/www.deberes.net\/tesis\/wp-json\/wp\/v2\/users\/1"}],"replies":[{"embeddable":true,"href":"https:\/\/www.deberes.net\/tesis\/wp-json\/wp\/v2\/comments?post=117798"}],"version-history":[{"count":0,"href":"https:\/\/www.deberes.net\/tesis\/wp-json\/wp\/v2\/posts\/117798\/revisions"}],"wp:attachment":[{"href":"https:\/\/www.deberes.net\/tesis\/wp-json\/wp\/v2\/media?parent=117798"}],"wp:term":[{"taxonomy":"category","embeddable":true,"href":"https:\/\/www.deberes.net\/tesis\/wp-json\/wp\/v2\/categories?post=117798"},{"taxonomy":"post_tag","embeddable":true,"href":"https:\/\/www.deberes.net\/tesis\/wp-json\/wp\/v2\/tags?post=117798"}],"curies":[{"name":"wp","href":"https:\/\/api.w.org\/{rel}","templated":true}]}}