{"id":117826,"date":"2015-09-07T00:00:00","date_gmt":"2015-09-07T00:00:00","guid":{"rendered":"https:\/\/www.deberes.net\/tesis\/sin-categoria\/rasgos-de-personalidad-en-trastornos-de-la-conducta-alimentaria-evolucion-y-gravedad-de-los-sa%c2%adntomas\/"},"modified":"2015-09-07T00:00:00","modified_gmt":"2015-09-07T00:00:00","slug":"rasgos-de-personalidad-en-trastornos-de-la-conducta-alimentaria-evolucion-y-gravedad-de-los-sa%c2%adntomas","status":"publish","type":"post","link":"https:\/\/www.deberes.net\/tesis\/psicologia-clinica\/rasgos-de-personalidad-en-trastornos-de-la-conducta-alimentaria-evolucion-y-gravedad-de-los-sa%c2%adntomas\/","title":{"rendered":"Rasgos de personalidad en trastornos de la conducta alimentaria, evoluci\u00f3n y gravedad de los s\u00edntomas"},"content":{"rendered":"<h2>Tesis doctoral de <strong> Leticia Camarillo Gutierrez <\/strong><\/h2>\n<p>El trabajo estudia la relaci\u00f3n e influencia de los rasgos de personalidad en los diferentes diagn\u00f3sticos as\u00ed como en la gravedad de la sintomatolog\u00eda de los trastornos de la conducta alimentaria. Estos rasgos pueden influir en diferentes s\u00edntomas asociados a los trastornos de la conducta alimentaria como son la ansiedad, depresi\u00f3n, abuso de alcohol, impulsividad, la actitud frente a la alimentaci\u00f3n y la actitud frente a la propia enfermedad.  se trabaja con el esquema de rasgos de personalidad patol\u00f3gicos com\u00fanmente empleados en el sistema sanitario y asistencial propuesto por asociaci\u00f3n americana de psiquiatr\u00eda que emplea el sistema clasificatorio dsm-5.  la detecci\u00f3n de dichos rasgos de personalidad en las pacientes con un trastorno de la conducta alimentaria permitir\u00e1 conocer m\u00e1s a fondo la evoluci\u00f3n de la enfermedad de manera que los tratamientos sean m\u00e1s precisos y eficaces as\u00ed como la prevenci\u00f3n de dichas enfermedades.<\/p>\n<p>&nbsp;<\/p>\n<h3>Datos acad\u00e9micos de la tesis doctoral \u00ab<strong>Rasgos de personalidad en trastornos de la conducta alimentaria, evoluci\u00f3n y gravedad de los s\u00edntomas<\/strong>\u00ab<\/h3>\n<ul>\n<li><strong>T\u00edtulo de la tesis:<\/strong>\u00a0 Rasgos de personalidad en trastornos de la conducta alimentaria, evoluci\u00f3n y gravedad de los s\u00edntomas <\/li>\n<li><strong>Autor:<\/strong>\u00a0 Leticia Camarillo Gutierrez <\/li>\n<li><strong>Universidad:<\/strong>\u00a0 Complutense de Madrid<\/li>\n<li><strong>Fecha de lectura de la tesis:<\/strong>\u00a0 09\/07\/2015<\/li>\n<\/ul>\n<p>&nbsp;<\/p>\n<h3>Direcci\u00f3n y tribunal<\/h3>\n<ul>\n<li><strong>Director de la tesis<\/strong>\n<ul>\n<li>Mar\u00eda no Luis Rodr\u00edguez Gonz\u00e1lez<\/li>\n<\/ul>\n<\/li>\n<li><strong>Tribunal<\/strong>\n<ul>\n<li>Presidente del tribunal: andres Arias astray <\/li>\n<li>juncal Sevilla vicente (vocal)<\/li>\n<li>enrique Echeburua odriozola (vocal)<\/li>\n<li>pedro Javier Amor andres (vocal)<\/li>\n<\/ul>\n<\/li>\n<\/ul>\n<p>&nbsp;<\/p>\n","protected":false},"excerpt":{"rendered":"<p>Tesis doctoral de Leticia Camarillo Gutierrez El trabajo estudia la relaci\u00f3n e influencia de los rasgos de personalidad en los [&hellip;]<\/p>\n","protected":false},"author":1,"featured_media":0,"comment_status":"open","ping_status":"open","sticky":false,"template":"","format":"standard","meta":{"site-sidebar-layout":"default","site-content-layout":"","ast-site-content-layout":"","site-content-style":"default","site-sidebar-style":"default","ast-global-header-display":"","ast-banner-title-visibility":"","ast-main-header-display":"","ast-hfb-above-header-display":"","ast-hfb-below-header-display":"","ast-hfb-mobile-header-display":"","site-post-title":"","ast-breadcrumbs-content":"","ast-featured-img":"","footer-sml-layout":"","theme-transparent-header-meta":"","adv-header-id-meta":"","stick-header-meta":"","header-above-stick-meta":"","header-main-stick-meta":"","header-below-stick-meta":"","astra-migrate-meta-layouts":"default","ast-page-background-enabled":"default","ast-page-background-meta":{"desktop":{"background-color":"var(--ast-global-color-4)","background-image":"","background-repeat":"repeat","background-position":"center center","background-size":"auto","background-attachment":"scroll","background-type":"","background-media":"","overlay-type":"","overlay-color":"","overlay-gradient":""},"tablet":{"background-color":"","background-image":"","background-repeat":"repeat","background-position":"center center","background-size":"auto","background-attachment":"scroll","background-type":"","background-media":"","overlay-type":"","overlay-color":"","overlay-gradient":""},"mobile":{"background-color":"","background-image":"","background-repeat":"repeat","background-position":"center center","background-size":"auto","background-attachment":"scroll","background-type":"","background-media":"","overlay-type":"","overlay-color":"","overlay-gradient":""}},"ast-content-background-meta":{"desktop":{"background-color":"var(--ast-global-color-5)","background-image":"","background-repeat":"repeat","background-position":"center center","background-size":"auto","background-attachment":"scroll","background-type":"","background-media":"","overlay-type":"","overlay-color":"","overlay-gradient":""},"tablet":{"background-color":"var(--ast-global-color-5)","background-image":"","background-repeat":"repeat","background-position":"center center","background-size":"auto","background-attachment":"scroll","background-type":"","background-media":"","overlay-type":"","overlay-color":"","overlay-gradient":""},"mobile":{"background-color":"var(--ast-global-color-5)","background-image":"","background-repeat":"repeat","background-position":"center center","background-size":"auto","background-attachment":"scroll","background-type":"","background-media":"","overlay-type":"","overlay-color":"","overlay-gradient":""}},"footnotes":""},"categories":[986,487,1408],"tags":[37563,5288,143480,231969,142536,183978],"class_list":["post-117826","post","type-post","status-publish","format-standard","hentry","category-complutense-de-madrid","category-psicologia-clinica","category-psiquiatria","tag-andres-arias-astray","tag-enrique-echeburua-odriozola","tag-juncal-sevilla-vicente","tag-leticia-camarillo-gutierrez","tag-maria-no-luis-rodriguez-gonzalez","tag-pedro-javier-amor-andres"],"_links":{"self":[{"href":"https:\/\/www.deberes.net\/tesis\/wp-json\/wp\/v2\/posts\/117826","targetHints":{"allow":["GET"]}}],"collection":[{"href":"https:\/\/www.deberes.net\/tesis\/wp-json\/wp\/v2\/posts"}],"about":[{"href":"https:\/\/www.deberes.net\/tesis\/wp-json\/wp\/v2\/types\/post"}],"author":[{"embeddable":true,"href":"https:\/\/www.deberes.net\/tesis\/wp-json\/wp\/v2\/users\/1"}],"replies":[{"embeddable":true,"href":"https:\/\/www.deberes.net\/tesis\/wp-json\/wp\/v2\/comments?post=117826"}],"version-history":[{"count":0,"href":"https:\/\/www.deberes.net\/tesis\/wp-json\/wp\/v2\/posts\/117826\/revisions"}],"wp:attachment":[{"href":"https:\/\/www.deberes.net\/tesis\/wp-json\/wp\/v2\/media?parent=117826"}],"wp:term":[{"taxonomy":"category","embeddable":true,"href":"https:\/\/www.deberes.net\/tesis\/wp-json\/wp\/v2\/categories?post=117826"},{"taxonomy":"post_tag","embeddable":true,"href":"https:\/\/www.deberes.net\/tesis\/wp-json\/wp\/v2\/tags?post=117826"}],"curies":[{"name":"wp","href":"https:\/\/api.w.org\/{rel}","templated":true}]}}